{"id":882,"date":"2016-01-07T16:38:36","date_gmt":"2016-01-07T14:38:36","guid":{"rendered":"http:\/\/lawendowykredens.blog.pl\/?p=882"},"modified":"2016-01-07T16:38:36","modified_gmt":"2016-01-07T14:38:36","slug":"zegary-retro","status":"publish","type":"post","link":"https:\/\/www.lawendowykredens.pl\/blog\/zegary-retro\/","title":{"rendered":"Zegary Retro"},"content":{"rendered":"<p align=\"center\">Styl Retro to klasyczny uniwersalny styl, ukazuj\u0105cy zupe\u0142nie nowe przedmioty w ods\u0142onie postarzanej. Dzi\u0119ki czemu dodatki do wn\u0119trz b\u0119d\u0105 przyci\u0105ga\u0142y wzrok swoim wyko\u0144czeniem, kt\u00f3ry ka\u017cdemu wpadnie w oko. Jest to styl poszukiwany przez wielu, gdy\u017c naprawd\u0119 oryginalnie si\u0119 ukazuje. W tym temacie przyjrzymy si\u0119 bli\u017cej ofercie zegar\u00f3w. <b>Zegary retro <\/b>z naszej oferty to zegary o r\u00f3\u017cnych rozmiarach, i wyko\u0144czeniach.<\/p>\n<p align=\"center\">\u00a0<b>Zegary \u015bcienne <\/b>maj\u0105ce 34 cm \u015brednicy wykonane zosta\u0142y z p\u0142yty MDF w r\u00f3\u017cnej kolorystyce dzi\u0119ki czemu staj\u0105 si\u0119 uniwersalnym dodatkiem do ka\u017cdego wn\u0119trza.<\/p>\n<p align=\"center\"><b>Zegary retro <\/b> swoim wyko\u0144czeniem podkre\u015blaj\u0105 ten pi\u0119kny starodawny styl, posiadamy takie kt\u00f3re maj\u0105 cyfry rzymskie , albo arabskie oto kilka przyk\u0142ad\u00f3w :<\/p>\n<figure style=\"width: 458px\" class=\"wp-caption aligncenter\"><img decoding=\"async\" loading=\"lazy\" alt=\"Jasny okr\u0105g\u0142y zegar z p\u0142yty MDF \" src=\"http:\/\/www.lawendowykredens.pl\/14611-large_default\/zegar-retro.jpg\" width=\"458\" height=\"458\" \/><figcaption class=\"wp-caption-text\">Zegar Retro Paris<\/figcaption><\/figure>\n<p align=\"center\">Jasny zegar Paris z czarnymi du\u017cymi cyframi arabskimi, ca\u0142a okr\u0105g\u0142a tarcza jest w jasnej kolorystyce, imituje drewniane deski, przedstawia si\u0119 bardzo francusko.<\/p>\n<figure style=\"width: 458px\" class=\"wp-caption aligncenter\"><img decoding=\"async\" loading=\"lazy\" alt=\"Zegar w stylu retro do kuchni\" src=\"http:\/\/www.lawendowykredens.pl\/14122-large_default\/zegar-prowansalski.jpg\" width=\"458\" height=\"458\" \/><figcaption class=\"wp-caption-text\">Zegar Retro Kawa<\/figcaption><\/figure>\n<p align=\"center\"><b>Zegary retro <\/b>to zegary lekko postarzane, maj\u0105ce na przyk\u0142ad plamki wygl\u0105daj\u0105ce jakby lekko pordzewia\u0142y. Ukazuje to ten ciekawy zegar, ozdobiony napisem &#8221;Coffee&#8221;, dzi\u0119ki czemu b\u0119dzie idealnie pasowa\u0142 do kuchni b\u0105d\u017a restauracji.<\/p>\n<figure style=\"width: 458px\" class=\"wp-caption aligncenter\"><img decoding=\"async\" loading=\"lazy\" alt=\"Piekny okrag\u0142y zegar z czerwono bia\u0142\u0105 tarcz\u0105\" src=\"http:\/\/www.lawendowykredens.pl\/8412-large_default\/zegar-retro.jpg\" width=\"458\" height=\"458\" \/><figcaption class=\"wp-caption-text\">Zegar Retro 5<\/figcaption><\/figure>\n<p align=\"center\">Rzymskie bia\u0142e cyfry to r\u00f3wnie\u017c element dekoracyjny tego zegara, do tego pojawia si\u0119 na obr\u0119bie tarczy kolor czerwony, i w\u0142a\u015bnie w ten spos\u00f3b zegar na pewno nie umknie uwadze, gdy zawi\u015bnie na \u015bcianie.<\/p>\n<p align=\"center\"><b>Zegary \u015bcienne <\/b>mog\u0105 by\u0107 tak\u017ce z kolorowym motywem sztu\u0107c\u00f3w , dodatek do kuchni idealny, \u0142adny, kolorowy i praktyczny.<\/p>\n<figure style=\"width: 458px\" class=\"wp-caption aligncenter\"><img decoding=\"async\" loading=\"lazy\" alt=\"Pi\u0119kny kolorowy zegar retro z kuchennym motywem\" src=\"http:\/\/www.lawendowykredens.pl\/7175-large_default\/retro-zegar.jpg\" width=\"458\" height=\"458\" \/><figcaption class=\"wp-caption-text\">Zegar Retro Kuchenny<\/figcaption><\/figure>\n<p align=\"center\">Posiadamy tak\u017ce <b>zegary \u015bcienne, <\/b>kt\u00f3re posiadaj\u0105 szybk\u0119 i metalow\u0105 ram\u0119 w jasnym lub ciemnym kolorze.<\/p>\n<figure style=\"width: 458px\" class=\"wp-caption aligncenter\"><img decoding=\"async\" loading=\"lazy\" alt=\"Zegar retro z metalow\u0105 ram\u0105\" src=\"http:\/\/www.lawendowykredens.pl\/8676-large_default\/zegar-scienny.jpg\" width=\"458\" height=\"458\" \/><figcaption class=\"wp-caption-text\">Zegar \u015acienny Retro<\/figcaption><\/figure>\n<p align=\"center\">Du\u017cy zegar w stylu retro w jasnej kolorystyce z przetarciami na tarczy daj\u0105cymi efekt stylu retro.<\/p>\n<figure style=\"width: 458px\" class=\"wp-caption aligncenter\"><img decoding=\"async\" loading=\"lazy\" alt=\"Zegar retro w metalowej ramie z niebiesko- bia\u0142\u0105 tarcz\u0105\" src=\"http:\/\/www.lawendowykredens.pl\/13499-large_default\/zegar-retro-2.jpg\" width=\"458\" height=\"458\" \/><figcaption class=\"wp-caption-text\">Zegar Retro 2<\/figcaption><\/figure>\n<p align=\"center\">Pi\u0119kny zegar z niebiesko- bia\u0142\u0105 tarcz\u0105 imituj\u0105c\u0105 deski drewna z rzymskimi cyframi. Ciekawy, oryginalny dodatek na przyk\u0142ad o salonu, dzi\u0119ki swojej wielko\u015bci oraz niecodzienno\u015bci zab\u0142y\u015bnie na \u015bcianie.<\/p>\n<p align=\"center\">\u00a0<b>Zegary Belldeco <\/b>to niecodzienne dodatki, wykonane z pe\u0142n\u0105 solidno\u015bci\u0105 co pomaga zachowa\u0107 ich \u015bwie\u017co\u015b\u0107, i doskona\u0142o\u015b\u0107 na d\u0142ugie lata. Og\u00f3lnie marka Belldeco s\u0142ynie z niepowtarzalno\u015bci. Ich zegary s\u0105 po prostu wyj\u0105tkowe, praktyczno\u015b\u0107, ozdoba w jednym produkcie kt\u00f3\u017c tego nie lubi.<\/p>\n<p>&nbsp;<\/p>\n<figure style=\"width: 458px\" class=\"wp-caption aligncenter\"><img decoding=\"async\" loading=\"lazy\" alt=\"Owalny zegar Belldeco w paryskim stylu\" src=\"http:\/\/www.lawendowykredens.pl\/12991-large_default\/owalny-zegar.jpg\" width=\"458\" height=\"458\" \/><figcaption class=\"wp-caption-text\">Owalny Zegar Belldeco<\/figcaption><\/figure>\n<p align=\"center\">Owalny zegar Belldeco o nietuzinkowym wygl\u0105dzie, przypominaj\u0105cym ma\u0142y kieszonkowy starodawny zegar z czas\u00f3w naszych dziadk\u00f3w i bab\u0107. Jasna tarcza, czarne rzymskie cyfry ukazuj\u0105 ten zegar w francuskim klimacie. Zawieszenie tego zegara na do\u0142\u0105czonym metalowym k\u00f3\u0142eczku dodaje jeszcze wi\u0119kszej elegancji i pomys\u0142owo\u015bci.<\/p>\n<figure style=\"width: 458px\" class=\"wp-caption aligncenter\"><img decoding=\"async\" loading=\"lazy\" alt=\"Pi\u0119kny zegar o szarej ramie z bia\u0142\u0105 tarcz\u0105 i rzymskimi cyframi marki belldeco\" src=\"http:\/\/www.lawendowykredens.pl\/12988-large_default\/zegar-belldeco.jpg\" width=\"458\" height=\"458\" \/><figcaption class=\"wp-caption-text\">Zegar Belldeco<\/figcaption><\/figure>\n<p align=\"center\">Du\u017cy metalowy zegar przypominaj\u0105cy troch\u0119 nowoczesny dworcowy, zosta\u0142 ozdobiony tutaj szar\u0105 metalow\u0105 ram\u0105,a ca\u0142y jego mechanizm zosta\u0142 zabezpieczony plastikow\u0105 szybk\u0105. Bia\u0142a postarzana tarcza z rzymskimi cyframi podkre\u015bla tylko pi\u0119kno stylu retro.<\/p>\n<figure style=\"width: 458px\" class=\"wp-caption aligncenter\"><img decoding=\"async\" loading=\"lazy\" alt=\"Zegar retro marki belldeco z wahad\u0142em\" src=\"http:\/\/www.lawendowykredens.pl\/13043-large_default\/zegar-belldeco.jpg\" width=\"458\" height=\"458\" \/><figcaption class=\"wp-caption-text\">Zegar Belldeco Z Wahad\u0142em<\/figcaption><\/figure>\n<p align=\"center\">Zegar ten zosta\u0142 ukazany z bardzo mocnymi przerdzewieniami na tarczy, dzi\u0119ki czemu wygl\u0105da na bardzo stary, a tak naprawd\u0119 jest nowy. Jego genialn\u0105 ozdob\u0119 stanowi wahad\u0142o umieszczone na samym dole tarczy . Du\u017ce wyra\u017ane czarne cyfry arabskie, stwarzaj\u0105 \u017ce zegar jest niesamowicie czyteln\u0105 ozdob\u0105 do codziennego u\u017cytku.<\/p>\n<p align=\"center\">\n<p align=\"center\">\u00a0Takie w\u0142a\u015bnie s\u0105 niesamowite <b>zegary Belldeco !<\/b><\/p>\n","protected":false},"excerpt":{"rendered":"<p>Styl Retro to klasyczny uniwersalny styl, ukazuj\u0105cy zupe\u0142nie nowe przedmioty w ods\u0142onie postarzanej. Dzi\u0119ki czemu dodatki do wn\u0119trz b\u0119d\u0105 przyci\u0105ga\u0142y wzrok swoim wyko\u0144czeniem, kt\u00f3ry ka\u017cdemu wpadnie w oko. Jest to styl poszukiwany przez wielu, gdy\u017c naprawd\u0119 oryginalnie si\u0119 ukazuje. W tym temacie przyjrzymy si\u0119 bli\u017cej ofercie zegar\u00f3w. Zegary retro z naszej oferty to zegary o &hellip; <a href=\"https:\/\/www.lawendowykredens.pl\/blog\/zegary-retro\/\" class=\"more-link\">Czytaj dalej <span class=\"screen-reader-text\">Zegary Retro<\/span><\/a><\/p>\n","protected":false},"author":1,"featured_media":0,"comment_status":"open","ping_status":"open","sticky":false,"template":"","format":"standard","meta":[],"categories":[25],"tags":[230,233,234],"_links":{"self":[{"href":"https:\/\/www.lawendowykredens.pl\/blog\/wp-json\/wp\/v2\/posts\/882"}],"collection":[{"href":"https:\/\/www.lawendowykredens.pl\/blog\/wp-json\/wp\/v2\/posts"}],"about":[{"href":"https:\/\/www.lawendowykredens.pl\/blog\/wp-json\/wp\/v2\/types\/post"}],"author":[{"embeddable":true,"href":"https:\/\/www.lawendowykredens.pl\/blog\/wp-json\/wp\/v2\/users\/1"}],"replies":[{"embeddable":true,"href":"https:\/\/www.lawendowykredens.pl\/blog\/wp-json\/wp\/v2\/comments?post=882"}],"version-history":[{"count":0,"href":"https:\/\/www.lawendowykredens.pl\/blog\/wp-json\/wp\/v2\/posts\/882\/revisions"}],"wp:attachment":[{"href":"https:\/\/www.lawendowykredens.pl\/blog\/wp-json\/wp\/v2\/media?parent=882"}],"wp:term":[{"taxonomy":"category","embeddable":true,"href":"https:\/\/www.lawendowykredens.pl\/blog\/wp-json\/wp\/v2\/categories?post=882"},{"taxonomy":"post_tag","embeddable":true,"href":"https:\/\/www.lawendowykredens.pl\/blog\/wp-json\/wp\/v2\/tags?post=882"}],"curies":[{"name":"wp","href":"https:\/\/api.w.org\/{rel}","templated":true}]}}