{"id":785,"date":"2015-09-17T14:49:57","date_gmt":"2015-09-17T12:49:57","guid":{"rendered":"http:\/\/lawendowykredens.blog.pl\/?p=785"},"modified":"2015-09-17T14:49:57","modified_gmt":"2015-09-17T12:49:57","slug":"lampy-prowansalskie-2","status":"publish","type":"post","link":"https:\/\/www.lawendowykredens.pl\/blog\/lampy-prowansalskie-2\/","title":{"rendered":"Lampy Prowansalskie"},"content":{"rendered":"<p style=\"text-align: center\">W ka\u017cdym domu znajduje si\u0119 o\u015bwietlenie, wiadomo r\u00f3wnie\u017c \u017ce nikt nie chce aby wisia\u0142a na suficie czy \u015bcianie sama \u017car\u00f3wka wi\u0119c wszyscy inwestujemy w r\u00f3\u017cnego typu kinkiety, lampy, \u017cyrandole.<\/p>\n<p style=\"text-align: center\">Niezwykle ciekawe s\u0105 <b>lampy w stylu prowansalskim<\/b>, poniewa\u017c maj\u0105 zastosowanie praktyczne jak i dekoracyjne. Bogata oferta pomo\u017ce ka\u017cdemu wybra\u0107 o\u015bwietlenie dostosowane do jego potrzeb.<b>Lampy prowansalskie<\/b>, ukazuj\u0105 sw\u00f3j nietypowy styl w r\u00f3\u017cnych wymiarach, kinkiety czyli idealne o\u015bwietlenia na \u015bcian\u0119 pos\u0142u\u017c\u0105 jako dodatki, delikatne, niezwykle romantyczne, mog\u0105 by\u0107 podw\u00f3jne albo pojedyncze. Nutka elegancji nie zaszkodzi \u017cadnej aran\u017cacji wn\u0119trza.<\/p>\n<figure style=\"width: 456px\" class=\"wp-caption aligncenter\"><img decoding=\"async\" loading=\"lazy\" alt=\"Kinkiet prowansalski w kszta\u0142cie kokardy.\" src=\"http:\/\/www.lawendowykredens.pl\/11021-large_default\/kinkiet-prowansalski.jpg\" width=\"456\" height=\"456\" \/><figcaption class=\"wp-caption-text\">Bia\u0142y kinkiet prowansalski<\/figcaption><\/figure>\n<p style=\"text-align: center\">Kinkiety z pi\u0119knym zdobieniem na podstawie, to ciekawe <b>o\u015bwietlenie w stylu prowansalskim.<\/b><\/p>\n<figure style=\"width: 458px\" class=\"wp-caption aligncenter\"><img decoding=\"async\" loading=\"lazy\" alt=\"Kinkiet prowansalski z motywem lawendy\" src=\"http:\/\/www.lawendowykredens.pl\/8935-large_default\/kinkiet-prowansalski.jpg\" width=\"458\" height=\"458\" \/><figcaption class=\"wp-caption-text\">Kinkiet Prowansalski z Lawend\u0105<\/figcaption><\/figure>\n<p style=\"text-align: center\">Lekko nowoczesny styl, ale jednak jeszcze Prowansja to kinkiety z motywem lawendy na szkle. Podkre\u015blaj\u0105ce nietuzinkowy wymiar przedmiot\u00f3w przedstawiaj\u0105cych to przepi\u0119kne miejsce .<\/p>\n<figure style=\"width: 458px\" class=\"wp-caption aligncenter\"><img decoding=\"async\" loading=\"lazy\" alt=\"Lampa prowansalska z bia\u0142\u0105 n\u00f3\u017ck\u0105 oraz szarym aba\u017curem.\" src=\"http:\/\/www.lawendowykredens.pl\/10101-large_default\/lampa-prowansalska.jpg\" width=\"458\" height=\"458\" \/><figcaption class=\"wp-caption-text\">Lampa prowansalska stoj\u0105ca<\/figcaption><\/figure>\n<p style=\"text-align: center\">O\u015bwietlenie nocne jest niezwykle wa\u017cne, gdy\u017c oczy s\u0105 zm\u0119czone po ca\u0142ym dniu wi\u0119c \u015bwiat\u0142o nie powinno by\u0107 mocne i intensywne, a wr\u0119cz przeciwnie. Cz\u0119sto zdarza si\u0119 tak, \u017ce lubimy sobie poczyta\u0107 przed za\u015bni\u0119ciem, wi\u0119c to nocne \u015bwiat\u0142o, powinno by\u0107 dostosowane r\u00f3wnie\u017c do takiej sytuacji. <b>Lampy w stylu prowansalskim <\/b>to zbi\u00f3r mieszcz\u0105cy r\u00f3wnie\u017c lampki nocne. Posiadaj\u0105ce n\u00f3\u017cki o r\u00f3\u017cnych wysoko\u015bciach, w r\u00f3\u017cnej kolorystyce, wi\u0119kszo\u015b\u0107 z nich posiada tak\u017ce wymienne aba\u017cury dzi\u0119ki czemu mo\u017cna lampk\u0119 zastosowa\u0107 jako dekoracj\u0119 dopasowuj\u0105c j\u0105 do wystroju sypialni.<\/p>\n<figure style=\"width: 450px\" class=\"wp-caption aligncenter\"><img decoding=\"async\" loading=\"lazy\" alt=\"Bia\u0142y aba\u017cur w stylu prowansalskim\" src=\"http:\/\/www.lawendowykredens.pl\/12581-large_default\/abazur-w-stylu-prowansalskim.jpg\" width=\"450\" height=\"450\" \/><figcaption class=\"wp-caption-text\">Aba\u017cur w stylu prowansalskim Madame<\/figcaption><\/figure>\n<p style=\"text-align: center\">Mamy tak\u017ce aba\u017cury w r\u00f3\u017cnej kolorystyce, kszta\u0142cie oraz poka\u017any wyb\u00f3r wzor\u00f3w. Wykonane ze 100% bawe\u0142ny zapewniaj\u0105 solidno\u015b\u0107 wykonania.<\/p>\n<p style=\"text-align: center\">Jak wiadomo w wi\u0119kszo\u015bci dom\u00f3w sufit jest bia\u0142y i w sumie ma\u0142o si\u0119 wyr\u00f3\u017cnia od innych sufit\u00f3w. Jego g\u0142\u00f3wn\u0105 dekoracj\u0105 s\u0105 \u017cyrandole. Wi\u0119c w tym przypadku <b>o\u015bwietlenie w stylu prowansalskim, <\/b>b\u0119dzie niezwykle trafnym wyborem.<\/p>\n<figure style=\"width: 458px\" class=\"wp-caption aligncenter\"><img decoding=\"async\" loading=\"lazy\" alt=\"Szklana lampa okr\u0105g\u0142a ozdobiona wzorem w kszta\u0142cie rombu.\" src=\"http:\/\/www.lawendowykredens.pl\/13119-large_default\/szklana-lampa.jpg\" width=\"458\" height=\"458\" \/><figcaption class=\"wp-caption-text\">Szklana Lampa kula<\/figcaption><\/figure>\n<p style=\"text-align: center\">\u017byrandole szklane okr\u0105g\u0142e z r\u00f3\u017cnymi wyt\u0142aczanymi wzorami daj\u0105ce ciekawe \u015bwiat\u0142o, uniwersalne dzi\u0119ki czemu pasuj\u0105 do wi\u0119kszo\u015bci pomieszcze\u0144 u\u017cytkowych.<\/p>\n<figure style=\"width: 458px\" class=\"wp-caption aligncenter\"><img decoding=\"async\" loading=\"lazy\" alt=\"Niezwykle elegancki \u017cyrandol z kryszta\u0142kami\" src=\"http:\/\/www.lawendowykredens.pl\/13295-large_default\/zyrandol-vintage.jpg\" width=\"458\" height=\"458\" \/><figcaption class=\"wp-caption-text\">\u017byrandol Vintage Chic<\/figcaption><\/figure>\n<p style=\"text-align: center\">Dla os\u00f3b ceni\u0105cych sobie krzykliw\u0105 elegancj\u0119, a tak\u017ce gustowno\u015b\u0107 posiadamy szeroki wyb\u00f3r \u017cyrandoli z kryszta\u0142kami, o ciekawych kszta\u0142tach, rozja\u015bniaj\u0105cych wn\u0119trze pod ka\u017cdym k\u0105tem w oryginalny spos\u00f3b.<\/p>\n<figure style=\"width: 458px\" class=\"wp-caption aligncenter\"><img decoding=\"async\" loading=\"lazy\" alt=\"lampa prowansalska w kszta\u0142cie klatki z ptaszkami w \u015brodku\" src=\"http:\/\/www.lawendowykredens.pl\/11035-large_default\/lampa-prowansalska.jpg\" width=\"458\" height=\"458\" \/><figcaption class=\"wp-caption-text\">Lampa Prowansalska Klatka<\/figcaption><\/figure>\n<p style=\"text-align: center\"><b>Lampy w stylu prowansalskim <\/b>o niecodziennych kszta\u0142tach daj\u0105ce o\u015bwietlenie do codziennych czynno\u015bci a jednocze\u015bnie przykuwaj\u0105 wzrok swoim wygl\u0105dem. Doskona\u0142e rozwi\u0105zania dla os\u00f3b lubi\u0105cych nadzwyczajne dekoracje w praktycznych rozwi\u0105zaniach.<\/p>\n<p style=\"text-align: center\">Wszystkie rodzaje <b>lamp prowansalskich <\/b>jakie przedstawiamy to o\u015bwietlenia praktyczne i dekoracyjne. Ka\u017cdy znajdzie co\u015b dla siebie, szeroki wyb\u00f3r pozwala na dopasowanie lamp pod sw\u00f3j wystr\u00f3j, a tak\u017ce pod swoje upodobania.<\/p>\n<p style=\"text-align: center\">Posiadamy tak\u017ce obszerny wyb\u00f3r lamp w stylu skandynawskim oraz industrialnym to ciekawe style \u0142\u0105cz\u0105ce si\u0119 z nowoczesno\u015bci\u0105. Wszystkie te lampy maj\u0105 sw\u00f3j urok, i czar. Dlatego warto skupi\u0107 si\u0119 nad tym tematem i wybra\u0107 najodpowiedniejsz\u0105 dla siebie, i do ka\u017cdego pomieszczenia.<\/p>\n<p>&nbsp;<\/p>\n<p>&nbsp;<\/p>\n<p>&nbsp;<\/p>\n<p>&nbsp;<\/p>\n<p>&nbsp;<\/p>\n<p>&nbsp;<\/p>\n<p>&nbsp;<\/p>\n","protected":false},"excerpt":{"rendered":"<p>W ka\u017cdym domu znajduje si\u0119 o\u015bwietlenie, wiadomo r\u00f3wnie\u017c \u017ce nikt nie chce aby wisia\u0142a na suficie czy \u015bcianie sama \u017car\u00f3wka wi\u0119c wszyscy inwestujemy w r\u00f3\u017cnego typu kinkiety, lampy, \u017cyrandole. Niezwykle ciekawe s\u0105 lampy w stylu prowansalskim, poniewa\u017c maj\u0105 zastosowanie praktyczne jak i dekoracyjne. Bogata oferta pomo\u017ce ka\u017cdemu wybra\u0107 o\u015bwietlenie dostosowane do jego potrzeb.Lampy prowansalskie, ukazuj\u0105 &hellip; <a href=\"https:\/\/www.lawendowykredens.pl\/blog\/lampy-prowansalskie-2\/\" class=\"more-link\">Czytaj dalej <span class=\"screen-reader-text\">Lampy Prowansalskie<\/span><\/a><\/p>\n","protected":false},"author":1,"featured_media":0,"comment_status":"open","ping_status":"open","sticky":false,"template":"","format":"standard","meta":[],"categories":[28],"tags":[102,104,164],"_links":{"self":[{"href":"https:\/\/www.lawendowykredens.pl\/blog\/wp-json\/wp\/v2\/posts\/785"}],"collection":[{"href":"https:\/\/www.lawendowykredens.pl\/blog\/wp-json\/wp\/v2\/posts"}],"about":[{"href":"https:\/\/www.lawendowykredens.pl\/blog\/wp-json\/wp\/v2\/types\/post"}],"author":[{"embeddable":true,"href":"https:\/\/www.lawendowykredens.pl\/blog\/wp-json\/wp\/v2\/users\/1"}],"replies":[{"embeddable":true,"href":"https:\/\/www.lawendowykredens.pl\/blog\/wp-json\/wp\/v2\/comments?post=785"}],"version-history":[{"count":0,"href":"https:\/\/www.lawendowykredens.pl\/blog\/wp-json\/wp\/v2\/posts\/785\/revisions"}],"wp:attachment":[{"href":"https:\/\/www.lawendowykredens.pl\/blog\/wp-json\/wp\/v2\/media?parent=785"}],"wp:term":[{"taxonomy":"category","embeddable":true,"href":"https:\/\/www.lawendowykredens.pl\/blog\/wp-json\/wp\/v2\/categories?post=785"},{"taxonomy":"post_tag","embeddable":true,"href":"https:\/\/www.lawendowykredens.pl\/blog\/wp-json\/wp\/v2\/tags?post=785"}],"curies":[{"name":"wp","href":"https:\/\/api.w.org\/{rel}","templated":true}]}}