{"id":578,"date":"2013-05-02T13:09:44","date_gmt":"2013-05-02T11:09:44","guid":{"rendered":"http:\/\/lawendowykredens.blog.pl\/?p=578"},"modified":"2013-05-02T13:09:44","modified_gmt":"2013-05-02T11:09:44","slug":"dodatki-z-lawenda","status":"publish","type":"post","link":"https:\/\/www.lawendowykredens.pl\/blog\/dodatki-z-lawenda\/","title":{"rendered":"Dodatki z lawend\u0105"},"content":{"rendered":"<p style=\"text-align: center\">Kliknij na <strong><a title=\"Dekoracje z lawend\u0105\" href=\"http:\/\/lawendowykredens.pl\/pl\/61-dekoracje-z-lawenda\">DEKORACJE Z LAWEND\u0104<\/a><\/strong> i zobacz je wszystkie!<\/p>\n<figure style=\"width: 458px\" class=\"wp-caption aligncenter\"><img decoding=\"async\" loading=\"lazy\" alt=\"Dekoracyjny jasny kwadratowy obraz z lawend\u0105\" src=\"http:\/\/www.lawendowykredens.pl\/12913-large_default\/obrazek-prowansja.jpg\" width=\"458\" height=\"458\" \/><figcaption class=\"wp-caption-text\">Obraz z Lawend\u0105<\/figcaption><\/figure>\n<p style=\"text-align: center\"><strong><br \/>\nDodatki z lawend\u0105<\/strong> kojarz\u0105 nam si\u0119 z Prowansj\u0105, poniewa\u017c region ten w du\u017cej mierze pokryty jest polami dziko rosn\u0105cej lawendy, kt\u00f3rej drobne kwiatki maj\u0105 bardzo intensywny zapach i przepi\u0119kny kolor.<\/p>\n<figure style=\"width: 458px\" class=\"wp-caption aligncenter\"><img decoding=\"async\" loading=\"lazy\" alt=\"Pi\u0119kny zegar z lawend\u0105 i s\u0142onecznikami w \u017cywej kolorystyce\" src=\"http:\/\/www.lawendowykredens.pl\/14577-large_default\/zegar-z-lawenda.jpg\" width=\"458\" height=\"458\" \/><figcaption class=\"wp-caption-text\">Zegar z Lawend\u0105<\/figcaption><\/figure>\n<p style=\"text-align: center\">W\u0142a\u015bnie dlatego <strong>motyw lawendy<\/strong> cieszy si\u0119 bardzo du\u017cym uznaniem i niezwykle cz\u0119sto ozdobione s\u0105 nim rozmaite artyku\u0142y dekoracyjne. Ponadto lawenda znajduje we Francji rozmaite zastosowanie w aromaterapii, wykorzystywana jest do robienia myde\u0142, a nawet do doprawiania mi\u0119s.<\/p>\n<figure style=\"width: 458px\" class=\"wp-caption aligncenter\"><img decoding=\"async\" loading=\"lazy\" alt=\"Pi\u0119kny kalendarz z lawend\u0105\" src=\"http:\/\/www.lawendowykredens.pl\/4053-large_default\/retro-kalendarz-kanka-z-lawenda.jpg\" width=\"458\" height=\"458\" \/><figcaption class=\"wp-caption-text\">Kalendarz Z Lawend\u0105<\/figcaption><\/figure>\n<p style=\"text-align: center\">W naszym sklepie internetowym znajdziecie liczne<strong> ozdoby z lawend\u0105<\/strong>,<strong> <\/strong>kt\u00f3re \u2013 je\u015bli bliski jest Wam styl prowansalski \u2013 na pewno zachwyc\u0105 Was swoj\u0105 kolorystyk\u0105 i pomys\u0142owo\u015bci\u0105. Znajdziecie w\u015br\u00f3d nich nie tylko liczne dodatki do kuchni, ale tak\u017ce artyku\u0142y dekoracyjne do salonu i sypialni.<\/p>\n<figure style=\"width: 458px\" class=\"wp-caption aligncenter\"><img decoding=\"async\" loading=\"lazy\" alt=\"Kwadratowy drewniany obrazek z lawend\u0105\" src=\"http:\/\/www.lawendowykredens.pl\/10838-large_default\/obrazek-prowansja.jpg\" width=\"458\" height=\"458\" \/><figcaption class=\"wp-caption-text\">Obrazek z Lawend\u0105<\/figcaption><\/figure>\n<p style=\"text-align: center\">Jednymi z nich s\u0105 metalowe obrazy z lawend\u0105, kt\u00f3re \u015bwietnie wygl\u0105daj\u0105 w ka\u017cdym pomieszczeniu. Dzi\u0119ki temu, \u017ce wykonane s\u0105 z metalu, nie zaszkodzi im wilgo\u0107, mog\u0105 wi\u0119c by\u0107 powieszone tak\u017ce w \u0142azience.<\/p>\n<figure style=\"width: 458px\" class=\"wp-caption aligncenter\"><img decoding=\"async\" loading=\"lazy\" alt=\"Pi\u0119kny pod\u0142u\u017cny jasny obraz z lawend\u0105\" src=\"http:\/\/www.lawendowykredens.pl\/14096-large_default\/obraz-z-lawenda.jpg\" width=\"458\" height=\"458\" \/><figcaption class=\"wp-caption-text\">Obraz Z Lawend\u0105<\/figcaption><\/figure>\n<p style=\"text-align: center\">Idealne do pod\u0142u\u017cnych pomieszcze\u0144 takich jak przedpokoju lub korytarze s\u0105 natomiast pod\u0142u\u017cne obrazy w stylu prowansalskim, na kt\u00f3rych znajduje si\u0119 <strong>motyw lawendy<\/strong>. Do pomieszcze\u0144 o standardowych kszta\u0142tach polecamy natomiast obrazy z lawend\u0105 o kwadratowym i prostok\u0105tnym, lecz mniej pod\u0142u\u017cnym kszta\u0142cie.<\/p>\n<figure style=\"width: 458px\" class=\"wp-caption aligncenter\"><img decoding=\"async\" loading=\"lazy\" alt=\"Jasny zegar z bukietem lawendy na \u015brodku\" src=\"http:\/\/www.lawendowykredens.pl\/14606-large_default\/zegar-z-lawenda.jpg\" width=\"458\" height=\"458\" \/><figcaption class=\"wp-caption-text\">Zegar Z Lawend\u0105<\/figcaption><\/figure>\n<p style=\"text-align: center\">Zegary \u015bcienne to kolejne <strong>ozdoby z lawend\u0105<\/strong>, kt\u00f3re podobnie jak obrazy prowansalskie mog\u0105 zosta\u0107 zawieszone w dowolnym wn\u0119trzu. Dzi\u0119ki temu, \u017ce dost\u0119pne u nas zegary z lawend\u0105 maj\u0105 zr\u00f3\u017cnicowan\u0105 kolorystyk\u0119, na pewno znajdziesz u nas zegar, kt\u00f3ry b\u0119dzie pasowa\u0142 tak\u017ce do Twojego wn\u0119trza.<\/p>\n<figure style=\"width: 458px\" class=\"wp-caption aligncenter\"><img decoding=\"async\" loading=\"lazy\" alt=\"Prze\u015bliczny jasny zegar z motywem lawendy i zi\u00f3\u0142\" src=\"http:\/\/www.lawendowykredens.pl\/12226-large_default\/zegar-z-lawenda.jpg\" width=\"458\" height=\"458\" \/><figcaption class=\"wp-caption-text\">Zegar Z Lawend\u0105<\/figcaption><\/figure>\n<p style=\"text-align: center\">Zegary te maj\u0105 standardowe, uniwersalne wymiary. Ich \u015brednica licz\u0105ca trzydzie\u015bci cztery centymetry pozwala na zawieszenie ich zar\u00f3wno w du\u017cych jak i w ma\u0142ych wn\u0119trzach.<\/p>\n<figure style=\"width: 458px\" class=\"wp-caption aligncenter\"><img decoding=\"async\" loading=\"lazy\" alt=\"Zegar W Stylu Retro z czarn\u0105 ram\u0105 i lawend\u0105 na tarczy\" src=\"http:\/\/www.lawendowykredens.pl\/3987-large_default\/retro-zegarek-budzik-bukiet-lawendy.jpg\" width=\"458\" height=\"458\" \/><figcaption class=\"wp-caption-text\">Zegar Budzik<\/figcaption><\/figure>\n<p style=\"text-align: center\">W naszym sklepie lawend\u0119 znajdziecie tak\u017ce na zegarach stoj\u0105cych w kszta\u0142cie budzika. Jest to efektowne po\u0142\u0105czenie stylu retro do kt\u00f3rego nawi\u0105zuje kszta\u0142t zegar\u00f3w oraz stylu prowansalskiego ze wzgl\u0119du na <strong>motyw lawendy<\/strong>.<\/p>\n<figure style=\"width: 458px\" class=\"wp-caption aligncenter\"><img decoding=\"async\" loading=\"lazy\" alt=\"Jasny poczw\u00f3rny wieszak z lawend\u0105\" src=\"http:\/\/www.lawendowykredens.pl\/3983-large_default\/wieszak-z-lawenda-w-stylu-prowansalskim.jpg\" width=\"458\" height=\"458\" \/><figcaption class=\"wp-caption-text\">Wieszak Z Lawend\u0105<\/figcaption><\/figure>\n<p style=\"text-align: center\">Jeszcze inne ciekawe <strong>dodatki z lawend\u0105<\/strong> to nasze wieszaki \u015bcienne. S\u0105 one uniwersalne ze wzgl\u0119du na fakt, \u017ce mo\u017cna je powiesi\u0107 zar\u00f3wno w kuchni i \u0142azience jak i w przedpokoju. Trzeba tylko wybra\u0107 mi\u0119dzy wieszakami wykonanymi z metalu lub drewna, patrz\u0105c na to, kt\u00f3ry materia\u0142 b\u0119dzie bardziej pasowa\u0142 do naszego wn\u0119trza. Dzi\u0119ki temu, \u017ce nasze wieszaki \u015bcienne posiadaj\u0105 dekoracyjne tabliczki, stanowi\u0105 one pi\u0119kn\u0105 i praktyczn\u0105 dekoracj\u0119 \u015bciany!<\/p>\n<figure style=\"width: 458px\" class=\"wp-caption aligncenter\"><img decoding=\"async\" loading=\"lazy\" alt=\"Jasny wieszak z lawend\u0105\" src=\"http:\/\/www.lawendowykredens.pl\/3997-large_default\/potrojny-wieszak-z-lawenda-w-stylu-prowansalskim.jpg\" width=\"458\" height=\"458\" \/><figcaption class=\"wp-caption-text\">Wieszak z Lawend\u0105<\/figcaption><\/figure>\n<p style=\"text-align: center\"><strong>Dodatki z lawend\u0105<\/strong> znajduj\u0105 zastosowanie tak\u017ce w kuchni, w kt\u00f3rej wz\u00f3r lawendy prezentuje si\u0119 zaskakuj\u0105co dobrze. Wida\u0107 to na przyk\u0142ad w przypadku ozdobnej ceramiki kuchennej, zegar\u00f3w oraz obraz\u00f3w \u015bciennych. Lawenda mo\u017ce pojawi\u0107 si\u0119 w kuchni tak\u017ce na podk\u0142adkach sto\u0142owych o kolorowych, prowansalskich wzorach.<\/p>\n<figure style=\"width: 548px\" class=\"wp-caption aligncenter\"><img decoding=\"async\" loading=\"lazy\" alt=\"Podk\u0142adki sto\u0142owe korkowe jasne z lawend\u0105\" src=\"http:\/\/www.lawendowykredens.pl\/14617-thickbox_default\/podkladki-korkowe.jpg\" width=\"548\" height=\"548\" \/><figcaption class=\"wp-caption-text\">Podk\u0142adki Sto\u0142owe<\/figcaption><\/figure>\n<p style=\"text-align: center\">Ponadto polecamy Wam nasze prowansalskie, kuchenne <strong>ozdoby z lawend\u0105<\/strong> wykonane z drewna. Jest to ca\u0142a seria artyku\u0142\u00f3w dekoracyjnych, takich jak tace sto\u0142owe, szafki kuchenne czy te\u017c wieszaki na r\u0119czniki papierowe.<\/p>\n<figure style=\"width: 458px\" class=\"wp-caption aligncenter\"><img decoding=\"async\" loading=\"lazy\" alt=\"Jasny stojak na papier z motywem lawendy\" src=\"http:\/\/www.lawendowykredens.pl\/12848-large_default\/stojak-na-papier-kuchenny.jpg\" width=\"458\" height=\"458\" \/><figcaption class=\"wp-caption-text\">Stojak Na Papier Kuchenny<\/figcaption><\/figure>\n<p style=\"text-align: center\">Jak sami widzicie <strong>dodatki z lawend\u0105<\/strong> dost\u0119pne w naszym sklepie s\u0105 bardzo liczne, dlatego te\u017c nie mo\u017cemy pokaza\u0107 Wam ich wszystkich. Zapraszamy do naszego sklepu internetowego, w kt\u00f3rych nie tylko zobaczycie wi\u0119cej zdj\u0119\u0107 naszych lawendowych dekoracji, ale tak\u017ce b\u0119dziecie mogli zobaczy\u0107 ich szczeg\u00f3\u0142owe wymiary oraz ceny.<\/p>\n","protected":false},"excerpt":{"rendered":"<p>Kliknij na DEKORACJE Z LAWEND\u0104 i zobacz je wszystkie! Dodatki z lawend\u0105 kojarz\u0105 nam si\u0119 z Prowansj\u0105, poniewa\u017c region ten w du\u017cej mierze pokryty jest polami dziko rosn\u0105cej lawendy, kt\u00f3rej drobne kwiatki maj\u0105 bardzo intensywny zapach i przepi\u0119kny kolor. W\u0142a\u015bnie dlatego motyw lawendy cieszy si\u0119 bardzo du\u017cym uznaniem i niezwykle cz\u0119sto ozdobione s\u0105 nim rozmaite &hellip; <a href=\"https:\/\/www.lawendowykredens.pl\/blog\/dodatki-z-lawenda\/\" class=\"more-link\">Czytaj dalej <span class=\"screen-reader-text\">Dodatki z lawend\u0105<\/span><\/a><\/p>\n","protected":false},"author":1,"featured_media":0,"comment_status":"open","ping_status":"open","sticky":false,"template":"","format":"standard","meta":[],"categories":[21],"tags":[66,155,170],"_links":{"self":[{"href":"https:\/\/www.lawendowykredens.pl\/blog\/wp-json\/wp\/v2\/posts\/578"}],"collection":[{"href":"https:\/\/www.lawendowykredens.pl\/blog\/wp-json\/wp\/v2\/posts"}],"about":[{"href":"https:\/\/www.lawendowykredens.pl\/blog\/wp-json\/wp\/v2\/types\/post"}],"author":[{"embeddable":true,"href":"https:\/\/www.lawendowykredens.pl\/blog\/wp-json\/wp\/v2\/users\/1"}],"replies":[{"embeddable":true,"href":"https:\/\/www.lawendowykredens.pl\/blog\/wp-json\/wp\/v2\/comments?post=578"}],"version-history":[{"count":0,"href":"https:\/\/www.lawendowykredens.pl\/blog\/wp-json\/wp\/v2\/posts\/578\/revisions"}],"wp:attachment":[{"href":"https:\/\/www.lawendowykredens.pl\/blog\/wp-json\/wp\/v2\/media?parent=578"}],"wp:term":[{"taxonomy":"category","embeddable":true,"href":"https:\/\/www.lawendowykredens.pl\/blog\/wp-json\/wp\/v2\/categories?post=578"},{"taxonomy":"post_tag","embeddable":true,"href":"https:\/\/www.lawendowykredens.pl\/blog\/wp-json\/wp\/v2\/tags?post=578"}],"curies":[{"name":"wp","href":"https:\/\/api.w.org\/{rel}","templated":true}]}}