{"id":573,"date":"2013-04-23T12:30:49","date_gmt":"2013-04-23T10:30:49","guid":{"rendered":"http:\/\/lawendowykredens.blog.pl\/?p=573"},"modified":"2013-04-23T12:30:49","modified_gmt":"2013-04-23T10:30:49","slug":"zegar-retro","status":"publish","type":"post","link":"https:\/\/www.lawendowykredens.pl\/blog\/zegar-retro\/","title":{"rendered":"Zegar retro"},"content":{"rendered":"<p style=\"text-align: center\"><span style=\"font-size: small\">Prezentowane zegary znajdziesz w naszym sklepie internetowym.<\/span><\/p>\n<figure style=\"width: 458px\" class=\"wp-caption aligncenter\"><img decoding=\"async\" loading=\"lazy\" alt=\"\" src=\"http:\/\/www.lawendowykredens.pl\/14122-large_default\/zegar-prowansalski.jpg\" width=\"458\" height=\"458\" \/><figcaption class=\"wp-caption-text\">Zegar Retro<\/figcaption><\/figure>\n<p style=\"text-align: center\"><span style=\"font-size: small\">Potrzebujesz zegara, ale zbrzyd\u0142y Ci ju\u017c og\u00f3lnodost\u0119pne <strong>zegary \u015bcienne<\/strong>? Je\u015bli tak to zapraszamy Ci\u0119 do sklepu internetowego Lawendowy Kredens w kt\u00f3rym b\u0119dziesz m\u00f3g\u0142 na spokojnie obejrze\u0107 przer\u00f3\u017cne, stylowe <strong>zegary retro<\/strong>.<\/span><\/p>\n<figure style=\"width: 458px\" class=\"wp-caption aligncenter\"><img decoding=\"async\" loading=\"lazy\" alt=\"Zegar w stylu retro z bia\u0142\u0105 ozodbion\u0105 tarcz\u0105, czarn\u0105 ram\u0105 i rzymskimi cyframi\" src=\"http:\/\/www.lawendowykredens.pl\/5229-large_default\/zegar-retro-paris.jpg\" width=\"458\" height=\"458\" \/><figcaption class=\"wp-caption-text\">Zegar Retro Paris<\/figcaption><\/figure>\n<p style=\"text-align: center\"><span><strong><br \/>\nZegar retro<\/strong> o charakterze najbardziej uniwersalnym to okr\u0105g\u0142y, standardowej wielko\u015bci zegar wykonany z p\u0142yty MDF. Jego \u015brednica to trzydzie\u015bci cztery centymetry. Jest to bardzo praktyczny rozmiar, poniewa\u017c zegar ten b\u0119dzie dobrze wygl\u0105da\u0142 tak w du\u017cych jak i w ma\u0142ych wn\u0119trzach. Ponadto do naprawd\u0119 przestronnych wn\u0119trz mo\u017cna wybra\u0107 trzy r\u00f3\u017cne <strong>zegary \u015bcienne<\/strong> i powiesi\u0107 je obok siebie. Da to bardzo oryginalny efekt.<\/span><\/p>\n<figure style=\"width: 458px\" class=\"wp-caption aligncenter\"><img decoding=\"async\" loading=\"lazy\" alt=\"Jasny zegar prowansalski ozodbiony kubkiem fili\u017cank\u0105 i dzbanem z lawend\u0105\" src=\"http:\/\/www.lawendowykredens.pl\/10782-large_default\/zegar-prowansalski-dzban-z-lawenda.jpg\" width=\"458\" height=\"458\" \/><figcaption class=\"wp-caption-text\">Zegar Prowansalski<\/figcaption><\/figure>\n<p style=\"text-align: center\"><span style=\"font-size: small\">Zegary te maj\u0105 tak r\u00f3\u017cne wzory, \u017ce ka\u017cdy znajdzie w\u015br\u00f3d nich zegar idealny do swojego domu. Znajdziecie w\u015br\u00f3d nich zar\u00f3wno <strong>zegary retro<\/strong> o mniej zr\u00f3\u017cnicowanej kolorystyce , jak i kolorowe zegary prowansalskie pe\u0142ne kwiatowych motyw\u00f3w oraz zegary w stylu vintage utrzymane przewa\u017cnie w be\u017cowo-czarnej kolorystyce.<\/span><\/p>\n<figure style=\"width: 458px\" class=\"wp-caption aligncenter\"><img decoding=\"async\" loading=\"lazy\" alt=\"Zegar marki Belldeco w jasno szarej kolorystyce z rzymskimi cyframi i sztu\u0107cami\" src=\"http:\/\/www.lawendowykredens.pl\/5473-large_default\/zegar-sztucce.jpg\" width=\"458\" height=\"458\" \/><figcaption class=\"wp-caption-text\">Zegar Belldeco<\/figcaption><\/figure>\n<p style=\"text-align: center\"><span style=\"font-size: small\">Osoby, kt\u00f3rym przydadz\u0105 si\u0119 zegary kuchenne powinny obejrze\u0107 zegary <strong>Belldeco<\/strong> z motywem sztu\u0107c\u00f3w. S\u0105 to zegary pe\u0142ne klasy i elegancji, kt\u00f3re b\u0119d\u0105 oryginalnie wygl\u0105da\u0142y zar\u00f3wno w kuchni prowansalskiej jak i nowoczesnej. Mo\u017cna dobra\u0107 do nich tak\u017ce obrazki <strong>Belldeco<\/strong> z motywem sztu\u0107c\u00f3w.<\/span><\/p>\n<figure style=\"width: 458px\" class=\"wp-caption aligncenter\"><img decoding=\"async\" loading=\"lazy\" alt=\"Jasny zegar Belldeco z wahad\u0142em\" src=\"http:\/\/www.lawendowykredens.pl\/8818-large_default\/wenecja-zegar-belle.jpg\" width=\"458\" height=\"458\" \/><figcaption class=\"wp-caption-text\">Zegar Belldeco Z Wahad\u0142em<\/figcaption><\/figure>\n<p style=\"text-align: center\"><span style=\"font-size: small\">Interesuj\u0105 Was wi\u0119ksze <strong>zegary \u015bcienne<\/strong>? Nie ma problemu! W Lawendowym Kredensie znajdziecie tak\u017ce szerokie na pi\u0119\u0107dziesi\u0105t osiem centymetr\u00f3w zegary <strong>Belldeco<\/strong> z metalowym wahad\u0142em, kt\u00f3rego mechanizm zasilany jest na jedn\u0105 dodatkow\u0105 bateri\u0119.<\/span><\/p>\n<figure style=\"width: 458px\" class=\"wp-caption aligncenter\"><img decoding=\"async\" loading=\"lazy\" alt=\"Zegar z niebiesk\u0105 postarzan\u0105 ram\u0105, bia\u0142\u0105 tarcz\u0105 i rzymskimi cyframi\" src=\"http:\/\/www.lawendowykredens.pl\/13019-large_default\/zegar-loft.jpg\" width=\"458\" height=\"458\" \/><figcaption class=\"wp-caption-text\">Zegar Belldeco<\/figcaption><\/figure>\n<p style=\"text-align: center\"><span>Je\u015bli nie przekonuje Was natomiast metalowe wahad\u0142o mo\u017cecie wybra\u0107 zegar Belldeco bez wahad\u0142a o tym samym rozmiarze lecz z innym, podobnym wzorze. Do zasilenia jego mechanizmu b\u0119dzie Wam potrzebna tylko jedna bateria AA.<\/span><\/p>\n<figure style=\"width: 458px\" class=\"wp-caption aligncenter\"><img decoding=\"async\" loading=\"lazy\" alt=\"Zegar Dworcowy z jasna tarcz\u0105, czarn\u0105 metalow\u0105 ram\u0105 oraz rzymskimi cyframi\" src=\"http:\/\/www.lawendowykredens.pl\/13159-large_default\/retro-zegar-kolejowy.jpg\" width=\"458\" height=\"458\" \/><figcaption class=\"wp-caption-text\">Zegar Dworcowy<\/figcaption><\/figure>\n<p style=\"text-align: center\"><span style=\"font-size: small\">W d\u0142ugich lub po prostu przestronnych pomieszczeniach mog\u0105 sprawdzi\u0107 si\u0119 zegary dworcowe. S\u0105 to zegary dwustronne, nazywane dworcowymi, poniewa\u017c ich kszta\u0142t jest inspirowany kszta\u0142tem dawnych zegar\u00f3w kolejowych.<\/span><\/p>\n<figure style=\"width: 458px\" class=\"wp-caption aligncenter\"><img decoding=\"async\" loading=\"lazy\" alt=\"Zegar w stylu retro marki Belldeco postarzany o kwadratowym ksztalcie\" src=\"http:\/\/www.lawendowykredens.pl\/4556-large_default\/retro-zegar-kwadrat-belldeco.jpg\" width=\"458\" height=\"458\" \/><figcaption class=\"wp-caption-text\">Zegar Retro Belldeco<\/figcaption><\/figure>\n<p style=\"text-align: center\"><span style=\"font-size: small\">Ciekaw\u0105 ozdob\u0105 wn\u0119trza mog\u0105 by\u0107 tak\u017ce du\u017ce, przeszklone zegary \u015bcienne z metalowymi ramami, kt\u00f3re \u2013 powieszone na \u015bcianie \u2013 z pewno\u015bci\u0105 zostan\u0105 zauwa\u017cone przez ka\u017cdego go\u015bcia. Wygl\u0105daj\u0105 one bowiem bardzo efektownie i podkre\u015blaj\u0105 pi\u0119kno wystroju wn\u0119trza.<\/span><\/p>\n<figure style=\"width: 458px\" class=\"wp-caption aligncenter\"><img decoding=\"async\" loading=\"lazy\" alt=\"Zegar w kszta\u0142cie budzika w stylu retro w mi\u0119towym odcieniu\" src=\"http:\/\/www.lawendowykredens.pl\/13068-large_default\/zegar-retro.jpg\" width=\"458\" height=\"458\" \/><figcaption class=\"wp-caption-text\">Zegar Retro Budzik<\/figcaption><\/figure>\n<p style=\"text-align: center\"><span style=\"font-size: small\">Na koniec zegary w kszta\u0142cie budzik\u00f3w, czyli stoj\u0105ce <strong>zegary retro<\/strong>. S\u0105 one niebanalnym rozwi\u0105zaniem dla ka\u017cdego, kto poszukuje zegara do postawienia na szafce lub komodzie.<\/span><\/p>\n","protected":false},"excerpt":{"rendered":"<p>Prezentowane zegary znajdziesz w naszym sklepie internetowym. Potrzebujesz zegara, ale zbrzyd\u0142y Ci ju\u017c og\u00f3lnodost\u0119pne zegary \u015bcienne? Je\u015bli tak to zapraszamy Ci\u0119 do sklepu internetowego Lawendowy Kredens w kt\u00f3rym b\u0119dziesz m\u00f3g\u0142 na spokojnie obejrze\u0107 przer\u00f3\u017cne, stylowe zegary retro. Zegar retro o charakterze najbardziej uniwersalnym to okr\u0105g\u0142y, standardowej wielko\u015bci zegar wykonany z p\u0142yty MDF. Jego \u015brednica to &hellip; <a href=\"https:\/\/www.lawendowykredens.pl\/blog\/zegar-retro\/\" class=\"more-link\">Czytaj dalej <span class=\"screen-reader-text\">Zegar retro<\/span><\/a><\/p>\n","protected":false},"author":1,"featured_media":0,"comment_status":"open","ping_status":"open","sticky":false,"template":"","format":"standard","meta":[],"categories":[21],"tags":[37,231,234],"_links":{"self":[{"href":"https:\/\/www.lawendowykredens.pl\/blog\/wp-json\/wp\/v2\/posts\/573"}],"collection":[{"href":"https:\/\/www.lawendowykredens.pl\/blog\/wp-json\/wp\/v2\/posts"}],"about":[{"href":"https:\/\/www.lawendowykredens.pl\/blog\/wp-json\/wp\/v2\/types\/post"}],"author":[{"embeddable":true,"href":"https:\/\/www.lawendowykredens.pl\/blog\/wp-json\/wp\/v2\/users\/1"}],"replies":[{"embeddable":true,"href":"https:\/\/www.lawendowykredens.pl\/blog\/wp-json\/wp\/v2\/comments?post=573"}],"version-history":[{"count":0,"href":"https:\/\/www.lawendowykredens.pl\/blog\/wp-json\/wp\/v2\/posts\/573\/revisions"}],"wp:attachment":[{"href":"https:\/\/www.lawendowykredens.pl\/blog\/wp-json\/wp\/v2\/media?parent=573"}],"wp:term":[{"taxonomy":"category","embeddable":true,"href":"https:\/\/www.lawendowykredens.pl\/blog\/wp-json\/wp\/v2\/categories?post=573"},{"taxonomy":"post_tag","embeddable":true,"href":"https:\/\/www.lawendowykredens.pl\/blog\/wp-json\/wp\/v2\/tags?post=573"}],"curies":[{"name":"wp","href":"https:\/\/api.w.org\/{rel}","templated":true}]}}