{"id":567,"date":"2013-04-11T10:49:22","date_gmt":"2013-04-11T08:49:22","guid":{"rendered":"http:\/\/lawendowykredens.blog.pl\/?p=567"},"modified":"2013-04-11T10:49:22","modified_gmt":"2013-04-11T08:49:22","slug":"donice-w-stylu-prowansalskim","status":"publish","type":"post","link":"https:\/\/www.lawendowykredens.pl\/blog\/donice-w-stylu-prowansalskim\/","title":{"rendered":"Donice w stylu prowansalskim"},"content":{"rendered":"<p style=\"text-align: center\">Kliknij na <a title=\"Donice Belldeco\" href=\"http:\/\/lawendowykredens.pl\/pl\/5-donice-belldeco\">DONICE BELLDECO<\/a> i obejrzyj wszystkie donice!<\/p>\n<p style=\"text-align: center\">Mi\u0142o\u015bnicy zieleni i ro\u015blin doniczkowych dekoruj\u0105c sw\u00f3j dom lub mieszkanie staj\u0105 przed zadaniem dobrania do niego odpowiednich donic, pasuj\u0105cych kszta\u0142tami i kolorami do wn\u0119trza. Najlepszym i stylowym rozwi\u0105zaniem b\u0119d\u0105 <strong>donice w stylu prowansalskim<\/strong>, poniewa\u017c maj\u0105 one rozmaite i bardzo zr\u00f3\u017cnicowane kolory i kszta\u0142ty.<\/p>\n<figure style=\"width: 458px\" class=\"wp-caption aligncenter\"><img decoding=\"async\" loading=\"lazy\" alt=\"Pi\u0119kna donica o oryginlanej kolorystyce\" src=\"http:\/\/www.lawendowykredens.pl\/5962-large_default\/donica-belldeco.jpg\" width=\"458\" height=\"458\" \/><figcaption class=\"wp-caption-text\">Donica Azzurro Belldeco<\/figcaption><\/figure>\n<p style=\"text-align: center\">Ponadto zaskakuj\u0105 oryginalno\u015bci\u0105 zdobie\u0144 i swym niepowtarzalnym wzornictwem, na co najlepszym przyk\u0142adem s\u0105 dost\u0119pne w naszym sklepie internetowym <strong>donice Belldeco<\/strong>. Donice powinny by\u0107 dobrze dobrane zar\u00f3wno do kwiat\u00f3w jak i do wn\u0119trz. Dlaczego? Bo to w\u0142a\u015bnie drobne szczeg\u00f3\u0142y, takie jak doniczki czy wazony tworz\u0105 we wn\u0119trzu odpowiedni nastr\u00f3j b\u0119d\u0105 z jednej strony praktycznymi, a z drugiej dekoracyjnymi przedmiotami.<\/p>\n<figure style=\"width: 458px\" class=\"wp-caption aligncenter\"><img decoding=\"async\" loading=\"lazy\" alt=\"Jasna donica marki Belldeco\" src=\"http:\/\/www.lawendowykredens.pl\/4963-large_default\/casa-creme-donica-b.jpg\" width=\"458\" height=\"458\" \/><figcaption class=\"wp-caption-text\">Donica Casa Creme<\/figcaption><\/figure>\n<p style=\"text-align: center\">W\u015br\u00f3d szerokiej oferty donic dost\u0119pnych na rynku mo\u017cna wybra\u0107 na przyk\u0142ad pod\u0142u\u017cne <strong>doniczki w stylu prowansalskim<\/strong>, kt\u00f3re \u015bwietnie sprawdz\u0105 si\u0119 na przyk\u0142ad na parapetach, na kt\u00f3rych jedna czy dwie doniczki cz\u0119sto nie wystarczaj\u0105. Pod\u0142u\u017cne <strong>donice Belldeco<\/strong> o wi\u0119kszych wymiarach sprawdz\u0105 si\u0119 na przyk\u0142ad w ogrodzie lub na balkonie, czyli tam, gdzie do zagospodarowania b\u0119dziemy mieli nieco wi\u0119cej miejsca.<\/p>\n<figure style=\"width: 458px\" class=\"wp-caption aligncenter\"><img decoding=\"async\" loading=\"lazy\" alt=\"Jasna Donica w kszta\u0142cie kuli\" src=\"http:\/\/www.lawendowykredens.pl\/4580-large_default\/donica-kula.jpg\" width=\"458\" height=\"458\" \/><figcaption class=\"wp-caption-text\">Donica Kula<\/figcaption><\/figure>\n<p style=\"text-align: center\">Nasze <strong>donice w stylu prowansalskim<\/strong> zachwycaj\u0105 nie tylko kolorami, ale tak\u017ce ciekawymi kszta\u0142tami. Osoby szukaj\u0105ce donic o niestandardowych kszta\u0142tach mo\u017ce zainteresowa\u0107 Giardino Donica Kula czyli jasnego koloru donica w kszta\u0142cie kuli marki <strong>Belldeco<\/strong>.<\/p>\n<figure style=\"width: 458px\" class=\"wp-caption aligncenter\"><img decoding=\"async\" loading=\"lazy\" alt=\"Donica Ceramiczna o ciekawym wyko\u0144czeniu\" src=\"http:\/\/www.lawendowykredens.pl\/6731-large_default\/donica-belldeco.jpg\" width=\"458\" height=\"458\" \/><figcaption class=\"wp-caption-text\">Donica Mokka<\/figcaption><\/figure>\n<p>Jest ona dost\u0119pna w trzech r\u00f3\u017cnych wielko\u015bciach, dzi\u0119ki czemu mo\u017cna zakupi\u0107 kilka donic o tym samym kszta\u0142cie lecz r\u00f3\u017cnej wielko\u015bci i postawi\u0107 je w jednym miejscu lub w jednym pomieszczeniu. Daje to bardzo ciekawy efekt. Ponadto do donic w kszta\u0142cie kuli mo\u017cna dopasowa\u0107 inne <strong>doniczki w stylu prowansalskim<\/strong> o tej samej fakturze, jak na przyk\u0142ad donice Casa Creme.<\/p>\n<p style=\"text-align: center\">Warto zaznaczy\u0107 dlaczego donice w naszym sklepie nazywamy donicami prowansalskimi. Przede wszystkim ze wzgl\u0119du na ich kolory, kt\u00f3re nawi\u0105zuj\u0105 do naturalnych barw Prowansji. S\u0105 to przede wszystkim b\u0142\u0119kity, kremy i be\u017ce, na co odpowied\u017a stanowi\u0105 <strong>donice Belldeco<\/strong> z serii Azzurro, Giardino czy Casa Creme. <strong>Donice w stylu prowansalskim<\/strong> nigdy nie maj\u0105 monotonnego, jednolitego koloru. Zawsze widoczne s\u0105 na nich co najmniej dwa kolory, a ponadto liczne przetarcia i plamki.<\/p>\n<p style=\"text-align: center\">\n<figure style=\"width: 458px\" class=\"wp-caption aligncenter\"><img decoding=\"async\" loading=\"lazy\" alt=\"Ozdobna Donica marki belldeco\" src=\"http:\/\/www.lawendowykredens.pl\/3229-large_default\/verona-donica-wysoka-a.jpg\" width=\"458\" height=\"458\" \/><figcaption class=\"wp-caption-text\">Donica Verona<\/figcaption><\/figure>\n<p style=\"text-align: center\">Kolejn\u0105 cehc\u0105 odr\u00f3\u017cniaj\u0105c\u0105 nasze donice od tych dost\u0119onych w zwyk\u0142ych sklepach stacjonarnych jest fakt, \u017ce ich powierzchnie s\u0105 efektownie stylizowane tak, aby donice wygl\u0105da\u0142y jak pochodz\u0105ce z dawnych lat. W\u0142a\u015bnie dlatego znajduj\u0105 si\u0119 na nich liczne bruzdy oraz sp\u0119kania. Idealnym przyk\u0142adem donic wpisuj\u0105cych si\u0119 w styl prowansalskim s\u0105 bez w\u0105tpienia donice Azzurro Belldeco, na kt\u00f3rych na pierwszy rzut oka widniej\u0105 dwa kolory. Po przyjrzeniu si\u0119 donicom z bliska zauwa\u017cymy natomiast wiele odcieni b\u0142\u0119kitu oraz szaro\u015bci, a tak\u017ce r\u00f3\u017cnorodne bruzdy i wg\u0142\u0119bienia.<\/p>\n<figure style=\"width: 458px\" class=\"wp-caption aligncenter\"><img decoding=\"async\" loading=\"lazy\" alt=\"Jasna Donica marki Belldeco w kszta\u0142cie Serca\" src=\"http:\/\/www.lawendowykredens.pl\/4585-large_default\/grigio-donica-plaska-serce-a.jpg\" width=\"458\" height=\"458\" \/><figcaption class=\"wp-caption-text\">Donica Serce<\/figcaption><\/figure>\n<p style=\"text-align: center\">Donica serce to kolejny ciekawy kszta\u0142t, kt\u00f3ry maj\u0105 <strong>donice Belldeco <\/strong>z serii Grigio. Dziel\u0105 si\u0119 one na dwa modele, pierwszy z nich to wysokie donice, kt\u00f3re mog\u0105 tak\u017ce spe\u0142nia\u0107 funkcj\u0119 wazonu, a drugi to donice niskie, bardziej p\u0142askie. Dzi\u0119ki oryginalnemu kszta\u0142towi i neutralnemu kolorowi, kt\u00f3ry dodatkowo podkre\u015bla ziele\u0144 i kolor kwiat\u00f3w <strong>doniczki w stylu prowansalskim<\/strong> w kszta\u0142cie serc wygl\u0105daj\u0105 we wn\u0119trzach bardzo efektownie.<\/p>\n<figure style=\"width: 458px\" class=\"wp-caption aligncenter\"><img decoding=\"async\" loading=\"lazy\" alt=\"Jasna Donica w kszta\u0142cie serca stoj\u0105ca\" src=\"http:\/\/www.lawendowykredens.pl\/6743-large_default\/grigio-donica-serce-c.jpg\" width=\"458\" height=\"458\" \/><figcaption class=\"wp-caption-text\">Donica Serce<\/figcaption><\/figure>\n<p style=\"text-align: center\">Wszystkie <strong>donice w stylu prowansalskim<\/strong> znajdziecie w kategorii \u201eSalon i sypialnia\u201d. Wierzymy, \u017ce szeroki wyb\u00f3r kszta\u0142t\u00f3w, rozmiar\u00f3w i kolor\u00f3w pozwoli Wam na wybranie donic o kt\u00f3rych marzyli\u015bcie!<\/p>\n","protected":false},"excerpt":{"rendered":"<p>Kliknij na DONICE BELLDECO i obejrzyj wszystkie donice! Mi\u0142o\u015bnicy zieleni i ro\u015blin doniczkowych dekoruj\u0105c sw\u00f3j dom lub mieszkanie staj\u0105 przed zadaniem dobrania do niego odpowiednich donic, pasuj\u0105cych kszta\u0142tami i kolorami do wn\u0119trza. Najlepszym i stylowym rozwi\u0105zaniem b\u0119d\u0105 donice w stylu prowansalskim, poniewa\u017c maj\u0105 one rozmaite i bardzo zr\u00f3\u017cnicowane kolory i kszta\u0142ty. Ponadto zaskakuj\u0105 oryginalno\u015bci\u0105 zdobie\u0144 &hellip; <a href=\"https:\/\/www.lawendowykredens.pl\/blog\/donice-w-stylu-prowansalskim\/\" class=\"more-link\">Czytaj dalej <span class=\"screen-reader-text\">Donice w stylu prowansalskim<\/span><\/a><\/p>\n","protected":false},"author":1,"featured_media":0,"comment_status":"open","ping_status":"open","sticky":false,"template":"","format":"standard","meta":[],"categories":[21],"tags":[37,67,68,69],"_links":{"self":[{"href":"https:\/\/www.lawendowykredens.pl\/blog\/wp-json\/wp\/v2\/posts\/567"}],"collection":[{"href":"https:\/\/www.lawendowykredens.pl\/blog\/wp-json\/wp\/v2\/posts"}],"about":[{"href":"https:\/\/www.lawendowykredens.pl\/blog\/wp-json\/wp\/v2\/types\/post"}],"author":[{"embeddable":true,"href":"https:\/\/www.lawendowykredens.pl\/blog\/wp-json\/wp\/v2\/users\/1"}],"replies":[{"embeddable":true,"href":"https:\/\/www.lawendowykredens.pl\/blog\/wp-json\/wp\/v2\/comments?post=567"}],"version-history":[{"count":0,"href":"https:\/\/www.lawendowykredens.pl\/blog\/wp-json\/wp\/v2\/posts\/567\/revisions"}],"wp:attachment":[{"href":"https:\/\/www.lawendowykredens.pl\/blog\/wp-json\/wp\/v2\/media?parent=567"}],"wp:term":[{"taxonomy":"category","embeddable":true,"href":"https:\/\/www.lawendowykredens.pl\/blog\/wp-json\/wp\/v2\/categories?post=567"},{"taxonomy":"post_tag","embeddable":true,"href":"https:\/\/www.lawendowykredens.pl\/blog\/wp-json\/wp\/v2\/tags?post=567"}],"curies":[{"name":"wp","href":"https:\/\/api.w.org\/{rel}","templated":true}]}}