{"id":531,"date":"2013-03-23T15:35:27","date_gmt":"2013-03-23T13:35:27","guid":{"rendered":"http:\/\/lawendowykredens.blog.pl\/?p=531"},"modified":"2013-03-23T15:35:27","modified_gmt":"2013-03-23T13:35:27","slug":"dekoracje-prowansalskie","status":"publish","type":"post","link":"https:\/\/www.lawendowykredens.pl\/blog\/dekoracje-prowansalskie\/","title":{"rendered":"Dekoracje prowansalskie"},"content":{"rendered":"<p style=\"text-align: center\">Dost\u0119pne w naszym sklepie prowansalskie <a title=\"Dodatki do kuchni\" href=\"http:\/\/lawendowykredens.pl\/pl\/68-dodatki-do-kuchni-prowansalskiej\" target=\"_blank\"><strong>dodatki do kuchni<\/strong><\/a> to gratka dla ka\u017cdego, kto chce, aby w jego kuchni zapanowa\u0142 ciep\u0142y i\u00a0 przytulny nastr\u00f3j oraz dla os\u00f3b poszukuj\u0105cych oryginalnych prezent\u00f3w dla zaprzyja\u017anionej pani domu.<\/p>\n<p style=\"text-align: center\">\n<figure style=\"width: 458px\" class=\"wp-caption aligncenter\"><img decoding=\"async\" loading=\"lazy\" alt=\"Kwadratowe magnesy na lod\u00f3wk\u0119 z ciastkami\" src=\"http:\/\/www.lawendowykredens.pl\/5374-large_default\/retro-magnes-ciastka.jpg\" width=\"458\" height=\"458\" \/><figcaption class=\"wp-caption-text\">Retro Magnes Ciastka<\/figcaption><\/figure>\n<p>&nbsp;<\/p>\n<p style=\"text-align: center\">Zdajemy sobie spraw\u0119, \u017ce kuchnia jest dla wielu z Was miejscem szczeg\u00f3lnym, w kt\u00f3rym sp\u0119dzacie du\u017co czasu. W\u0142a\u015bnie dlatego proponujemy Wam liczne kuchenne <strong>dekoracje prowansalskie<\/strong>, kt\u00f3re z \u0142atwo\u015bci\u0105 odmieni\u0105 wszelkie pomieszczenia kuchenne.<\/p>\n<h2 style=\"text-align: center\">Zegary \u015bcienne<\/h2>\n<p style=\"text-align: center\">Kuchenne <strong>dodatki w stylu prowansalskim<\/strong> to nie tylko to, co bezpo\u015brednio kojarzy nam si\u0119 z kuchni\u0105, czyli tekstylia oraz ceramika kuchenna. W ka\u017cdej kuchni musz\u0105 znale\u017a\u0107 si\u0119 tak\u017ce zegary \u015bcienne z nawi\u0105zuj\u0105cymi do kuchni i do jedzenia motywami.<\/p>\n<p class=\" \" style=\"text-align: center\">\n<figure style=\"width: 458px\" class=\"wp-caption aligncenter\"><img decoding=\"async\" loading=\"lazy\" alt=\"Jasny zegar z szarymi sztu\u0107cami niezwykle podkre\u015bla styl retro\" src=\"http:\/\/www.lawendowykredens.pl\/5473-large_default\/zegar-sztucce.jpg\" width=\"458\" height=\"458\" \/><figcaption class=\"wp-caption-text\">Zegar Sztu\u0107ce<\/figcaption><\/figure>\n<p>&nbsp;<\/p>\n<p style=\"text-align: center\">Niezwykle pi\u0119kne s\u0105 dost\u0119pne w naszym sklepie zegary Belldeco z motywem sztu\u0107c\u00f3w. \u015awietnie sprawdz\u0105 si\u0119 one zawieszone w kuchni oraz bezpo\u015brednio nad sto\u0142em w jadalni czy salonie. Z naszej oferty mo\u017cna do nich dobra\u0107 inne <strong>dekoracje prowansalskie<\/strong> z motywem sztu\u0107c\u00f3w.<\/p>\n<p style=\"text-align: center\">\n<figure style=\"width: 458px\" class=\"wp-caption aligncenter\"><img decoding=\"async\" loading=\"lazy\" alt=\"Prowansalski zegar ozodobiony motywem lawendy w \u017cywej kolorystyce\" src=\"http:\/\/www.lawendowykredens.pl\/6461-large_default\/zegar-z-lawenda.jpg\" width=\"458\" height=\"458\" \/><figcaption class=\"wp-caption-text\">Zegar z Lawend\u0105<\/figcaption><\/figure>\n<p>&nbsp;<\/p>\n<p style=\"text-align: center\">Ka\u017cdy, kto lubi <strong>dodatki w stylu prowansalskim<\/strong> dobrze wie, \u017ce charakterystycznym na stylu prowansalskiego symbolem jest lawenda. W\u0142a\u015bnie dlatego w naszym sklepie znajdziecie tak\u017ce liczne zegary \u015bcienne z lawend\u0105.<\/p>\n<h2 style=\"text-align: center\">Wieszaki \u015bcienne<\/h2>\n<p style=\"text-align: center\">Ka\u017cda pani domu wie, \u017ce wieszaki \u015bcienne to niezb\u0119dne <strong>dodatki do kuchni<\/strong>.\u00a0W ka\u017cdej kuchni znajdziemy przecie\u017c nie tylko r\u0119czniczki i \u015bciereczki, ale tak\u017ce r\u0119kawice oraz fartuszki kuchenne.<\/p>\n<p class=\" \" style=\"text-align: center\">\n<figure style=\"width: 458px\" class=\"wp-caption aligncenter\"><img decoding=\"async\" loading=\"lazy\" alt=\"Potr\u00f3jny wieszak z kolorowym t\u0142em i czarnym napisem cafe\" src=\"http:\/\/www.lawendowykredens.pl\/4156-large_default\/retro-wieszak-3-cafe.jpg\" width=\"458\" height=\"458\" \/><figcaption class=\"wp-caption-text\">Wieszak Cafe<\/figcaption><\/figure>\n<p>&nbsp;<\/p>\n<p style=\"text-align: center\">Nasze wieszaki \u015bcienne, dzi\u0119ki ich przepi\u0119knym wzorom, motywom i kolorom, to wyj\u0105tkowe <strong>dekoracje prowansalskie<\/strong>, kt\u00f3re dodadz\u0105 ka\u017cdej kuchni stylu i koloru. \u00a0W asortymencie naszego sklepu znajdziecie na przyk\u0142ad wieszaki marki Belldeco z serii Retro wykonane z metalu. Posiadaj\u0105 one ozdobne tabliczki z rozmaitymi motywami.<\/p>\n<p class=\" \" style=\"text-align: center\">\n<figure style=\"width: 458px\" class=\"wp-caption aligncenter\"><img decoding=\"async\" loading=\"lazy\" alt=\"Dekoracyjny wieszak z kogutem i jasnym t\u0142em\" src=\"http:\/\/www.lawendowykredens.pl\/4648-large_default\/potrojny-wieszak-z-kogutem-w-stylu-prowansalskim.jpg\" width=\"458\" height=\"458\" \/><figcaption class=\"wp-caption-text\">Wieszak z kogutem<\/figcaption><\/figure>\n<p>&nbsp;<\/p>\n<p style=\"text-align: center\">Innym ciekawym pomys\u0142em na wieszaki \u015bcienne do kuchni s\u0105 wieszaki wykonane w ca\u0142o\u015bci z drewna. Maj\u0105 one jasny, kremowy kolor i widniej\u0105 na nich r\u00f3\u017cne prowansalskie motywy.<\/p>\n<h2 style=\"text-align: center\">Ceramika z motywem lawendy<\/h2>\n<p style=\"text-align: center\">Ceramika z motywem lawendy to podstawowe <strong>dodatki do kuchni<\/strong> stylizowanej na styl prowansalski.\u00a0O ile inne kuchenne <strong>dodatki w stylu prowansalskim<\/strong> pe\u0142ni\u0105 w g\u0142\u00f3wnej mierze funkcj\u0119 ozdobn\u0105, to ceramika ma przecie\u017c przede wszystkim spe\u0142nia\u0107 funkcj\u0119 u\u017cytkow\u0105.<\/p>\n<p class=\" \" style=\"text-align: center\">\n<figure style=\"width: 458px\" class=\"wp-caption aligncenter\"><img decoding=\"async\" loading=\"lazy\" alt=\"Bialy dzbanek z fili\u017cank\u0105 z motywem lawendy\" src=\"http:\/\/www.lawendowykredens.pl\/5187-large_default\/dzbanek-z-filizanka.jpg\" width=\"458\" height=\"458\" \/><figcaption class=\"wp-caption-text\">Dzbanek z Fili\u017cank\u0105<\/figcaption><\/figure>\n<p>&nbsp;<\/p>\n<p style=\"text-align: center\">W\u015br\u00f3d dost\u0119pnej w naszym sklepie ceramiki kuchennej ozdobionej motywem lawendy znajdziecie z jednej strony elementy serwisu do herbaty, czyli fili\u017canki, cukierniczki oraz dzbanki,\u00a0 a z drugiej wszelkie inne ceramiczne elementy zastawy, czyli maselnice oraz ceramiczne pojemniki.<\/p>\n<p class=\" \" style=\"text-align: center\">\n<figure style=\"width: 458px\" class=\"wp-caption aligncenter\"><img decoding=\"async\" loading=\"lazy\" alt=\"Bia\u0142a fili\u017canka ze spodkiem z ozodbonym motywem lawendy\" src=\"http:\/\/www.lawendowykredens.pl\/5175-large_default\/filizanka-z-lawenda.jpg\" width=\"458\" height=\"458\" \/><figcaption class=\"wp-caption-text\">Fili\u017canka z Lawend\u0105<\/figcaption><\/figure>\n<p>&nbsp;<\/p>\n<p style=\"text-align: center\">Osoby, kt\u00f3re wol\u0105 natomiast ceramik\u0119 kuchenn\u0105 o bardziej stonowanych i jednolitych kolorach mog\u0105 przebiera\u0107 w\u015br\u00f3d ceramiki Belldeco, jak\u0105 jest przepi\u0119kna seria Nicea.<\/p>\n<p style=\"text-align: center\"><strong>Obrazy w stylu prowansalskim<br \/>\n<\/strong><\/p>\n<p style=\"text-align: center\"><strong>Dekoracje prowansalskie<\/strong> do kuchni to tak\u017ce dekoracje \u015bcienne. Nie wyobra\u017camy sobie bowiem, \u017ce \u015bciany w kuchni prowansalskiej mog\u0142yby pozosta\u0107 nieprzyozdobione, nudne i bez wyrazu.<\/p>\n<p class=\" \" style=\"text-align: center\">\n<figure style=\"width: 458px\" class=\"wp-caption aligncenter\"><img decoding=\"async\" loading=\"lazy\" alt=\"Obrazek w stylu vintage z widelcem na jasnym tle\" src=\"http:\/\/www.lawendowykredens.pl\/5400-large_default\/vintage-obrazek-widelec-belldeco.jpg\" width=\"458\" height=\"458\" \/><figcaption class=\"wp-caption-text\">Obrazek Widelec<\/figcaption><\/figure>\n<p>&nbsp;<\/p>\n<p style=\"text-align: center\">W\u0142a\u015bnie dlatego przygotowali\u015bmy dla Was rozmaite obrazy w stylu prowansalskim oraz obrazki Belldeco z motywami nawi\u0105zuj\u0105cymi do tematyki kuchennej. Na obrazkach tych mog\u0105 znajdowa\u0107 si\u0119 na przyk\u0142ad sztu\u0107ce, butelki wina lub przyprawy kuchenne.<\/p>\n<p class=\" \" style=\"text-align: center\">\n<figure style=\"width: 458px\" class=\"wp-caption aligncenter\"><img decoding=\"async\" loading=\"lazy\" alt=\"Kwadratowy obrazek z motywem lawendy w doniczce\" src=\"http:\/\/www.lawendowykredens.pl\/4980-large_default\/prowansja-obrazek-lawenda.jpg\" width=\"458\" height=\"458\" \/><figcaption class=\"wp-caption-text\">Obrazek Lawenda<\/figcaption><\/figure>\n<p>&nbsp;<\/p>\n<p style=\"text-align: center\">Je\u015bli natomiast zale\u017cy Wam na o\u017cywieniu kuchni pi\u0119knymi kolorami mo\u017cecie wybra\u0107 obrazki kuchenne z motywem lawendy lub innych kolorowych kwiat\u00f3w.<\/p>\n<p style=\"text-align: center\">\n<h2 style=\"text-align: center\">Podk\u0142adki sto\u0142owe<\/h2>\n<p style=\"text-align: center\">Na koniec skupmy si\u0119 jeszcze na ozdobieniu sto\u0142\u00f3w, przy kt\u00f3rych spo\u017cywamy posi\u0142ki. Z pomoc\u0105 przychodz\u0105 nam tutaj <strong>dodatki w stylu prowansalskim<\/strong> jakimi s\u0105 podk\u0142adki sto\u0142owe.<\/p>\n<p class=\" \" style=\"text-align: center\">\n<figure style=\"width: 458px\" class=\"wp-caption aligncenter\"><img decoding=\"async\" loading=\"lazy\" alt=\"Jasne podk\u0142adki korkowe z motywem lawendy\" src=\"http:\/\/www.lawendowykredens.pl\/14617-large_default\/podkladki-korkowe.jpg\" width=\"458\" height=\"458\" \/><figcaption class=\"wp-caption-text\">Podk\u0142adki Korkowe<\/figcaption><\/figure>\n<p>&nbsp;<\/p>\n<p style=\"text-align: center\">Jako <strong>dekoracje prowansalskie<\/strong> maj\u0105ce na celu ozdobienie kuchni \u015bwietnie spisuj\u0119 si\u0119 podk\u0142adki korkowe na st\u00f3\u0142 z motywami prowansalskimi. Innym ciekawym pomys\u0142em mog\u0105 by\u0107 natomiast podk\u0142adki kamienne marki Belldeco. Wszystkie ozdobione \u015blicznymi, przykuwaj\u0105cymi wzrok motywami.<\/p>\n<p style=\"text-align: center\">\n<figure style=\"width: 458px\" class=\"wp-caption aligncenter\"><img decoding=\"async\" loading=\"lazy\" alt=\"Podk\u0142adki kamienne na s\u0142odko z motywem babeczek\" src=\"http:\/\/www.lawendowykredens.pl\/5373-large_default\/retro-podkladki-babeczki-4szt.jpg\" width=\"458\" height=\"458\" \/><figcaption class=\"wp-caption-text\">Podk\u0142adki Babeczki<\/figcaption><\/figure>\n<p>&nbsp;<\/p>\n<p style=\"text-align: center\">Te i r\u00f3\u017cne inne dodatki do kuchni znajdziecie w naszym sklepie internetowym Lawendowy Kredens. Zapraszamy na zakupy!<\/p>\n","protected":false},"excerpt":{"rendered":"<p>Dost\u0119pne w naszym sklepie prowansalskie dodatki do kuchni to gratka dla ka\u017cdego, kto chce, aby w jego kuchni zapanowa\u0142 ciep\u0142y i\u00a0 przytulny nastr\u00f3j oraz dla os\u00f3b poszukuj\u0105cych oryginalnych prezent\u00f3w dla zaprzyja\u017anionej pani domu. &nbsp; Zdajemy sobie spraw\u0119, \u017ce kuchnia jest dla wielu z Was miejscem szczeg\u00f3lnym, w kt\u00f3rym sp\u0119dzacie du\u017co czasu. W\u0142a\u015bnie dlatego proponujemy Wam &hellip; <a href=\"https:\/\/www.lawendowykredens.pl\/blog\/dekoracje-prowansalskie\/\" class=\"more-link\">Czytaj dalej <span class=\"screen-reader-text\">Dekoracje prowansalskie<\/span><\/a><\/p>\n","protected":false},"author":1,"featured_media":0,"comment_status":"open","ping_status":"open","sticky":false,"template":"","format":"standard","meta":[],"categories":[21],"tags":[37,51,56,64],"_links":{"self":[{"href":"https:\/\/www.lawendowykredens.pl\/blog\/wp-json\/wp\/v2\/posts\/531"}],"collection":[{"href":"https:\/\/www.lawendowykredens.pl\/blog\/wp-json\/wp\/v2\/posts"}],"about":[{"href":"https:\/\/www.lawendowykredens.pl\/blog\/wp-json\/wp\/v2\/types\/post"}],"author":[{"embeddable":true,"href":"https:\/\/www.lawendowykredens.pl\/blog\/wp-json\/wp\/v2\/users\/1"}],"replies":[{"embeddable":true,"href":"https:\/\/www.lawendowykredens.pl\/blog\/wp-json\/wp\/v2\/comments?post=531"}],"version-history":[{"count":0,"href":"https:\/\/www.lawendowykredens.pl\/blog\/wp-json\/wp\/v2\/posts\/531\/revisions"}],"wp:attachment":[{"href":"https:\/\/www.lawendowykredens.pl\/blog\/wp-json\/wp\/v2\/media?parent=531"}],"wp:term":[{"taxonomy":"category","embeddable":true,"href":"https:\/\/www.lawendowykredens.pl\/blog\/wp-json\/wp\/v2\/categories?post=531"},{"taxonomy":"post_tag","embeddable":true,"href":"https:\/\/www.lawendowykredens.pl\/blog\/wp-json\/wp\/v2\/tags?post=531"}],"curies":[{"name":"wp","href":"https:\/\/api.w.org\/{rel}","templated":true}]}}