{"id":527,"date":"2013-03-15T12:39:05","date_gmt":"2013-03-15T10:39:05","guid":{"rendered":"http:\/\/lawendowykredens.blog.pl\/?p=527"},"modified":"2013-03-15T12:39:05","modified_gmt":"2013-03-15T10:39:05","slug":"meble-w-stylu-prowansalskim","status":"publish","type":"post","link":"https:\/\/www.lawendowykredens.pl\/blog\/meble-w-stylu-prowansalskim\/","title":{"rendered":"Meble w stylu prowansalskim"},"content":{"rendered":"<p style=\"text-align: center\">Aran\u017cacja wn\u0119trz jest w pewnym sensie form\u0105 sztuki, gdy\u017c bazuje na kolorach, formach i kszta\u0142tach. R\u00f3\u017cnica polega na tym, \u017ce we wn\u0119trzu dysponujemy przestrzeni\u0105, kt\u00f3r\u0105 nale\u017cy wype\u0142ni\u0107 tak, by mog\u0142a ona pe\u0142ni\u0107 nie tylko funkcje dekoracyjne, ale przede wszystkim praktyczne.<\/p>\n<p style=\"text-align: center\">\n<figure style=\"width: 458px\" class=\"wp-caption aligncenter\"><img decoding=\"async\" loading=\"lazy\" alt=\"Biurko Sekrtarzyk w stylu francuskim\" src=\"http:\/\/www.lawendowykredens.pl\/5239-large_default\/biurko-sekretarzyk-luna-belldeco.jpg\" width=\"458\" height=\"458\" \/><figcaption class=\"wp-caption-text\">Biurko Sekretarzyk Belldeco<\/figcaption><\/figure>\n<p style=\"text-align: center\">Dost\u0119pne w naszym sklepie internetowym <strong>meble w stylu prowansalskim<\/strong> \u0142\u0105cz\u0105 w sobie te dwie, najwa\u017cniejsze dla mebli funkcje: z jednej strony pe\u0142ni\u0105 one funkcj\u0119 ozdobn\u0105, s\u0105 bowiem przepi\u0119kne i same w sobie stanowi\u0105 pi\u0119kn\u0105 ozdob\u0119 wn\u0119trza. Z drugiej strony <strong>meble prowansalskie<\/strong> s\u0105 meblami bardzo praktycznymi, przede wszystkim dlatego, \u017ce s\u0105 szalenie wygodne, ale tak\u017ce dlatego, \u017ce s\u0105 bardzo \u0142atwe w czyszczeniu.<\/p>\n<p style=\"text-align: center\">\n<figure style=\"width: 458px\" class=\"wp-caption aligncenter\"><img decoding=\"async\" loading=\"lazy\" alt=\"Biurko z szufladk\u0105 i finezyjnym wyko\u0144czeniem\" src=\"http:\/\/www.lawendowykredens.pl\/5355-large_default\/luna-biurko.jpg\" width=\"458\" height=\"458\" \/><figcaption class=\"wp-caption-text\">Luna Biurko<\/figcaption><\/figure>\n<p>&nbsp;<\/p>\n<p>B\u0119d\u0105c na stronie internetowej naszego sklepu warto obejrze\u0107 <strong>meble Belldeco<\/strong>. S\u0105 to w wi\u0119kszo\u015bci <strong>meble w stylu prowansalskim<\/strong>, ale znajd\u0105 Pa\u0144stwo w\u015br\u00f3d nich tak\u017ce metalowe meble ogrodowe <strong>Belldeco<\/strong> oraz meble w stylu industrialnym i rustykalnym.<\/p>\n<p class=\" \" style=\"text-align: center\">\n<figure style=\"width: 458px\" class=\"wp-caption aligncenter\"><img decoding=\"async\" loading=\"lazy\" alt=\"Du\u017cy fotel Belldeco\" src=\"http:\/\/www.lawendowykredens.pl\/2218-large_default\/leeds-fotel-prosty.jpg\" width=\"458\" height=\"458\" \/><figcaption class=\"wp-caption-text\">Leeds Fotel Belldeco<\/figcaption><\/figure>\n<p>&nbsp;<\/p>\n<p style=\"text-align: center\"><strong>Meble prowansalskie<\/strong> tej marki s\u0105 wyj\u0105tkowe. Tapicerowane <strong>meble Belldeco<\/strong> s\u0105 obite trwa\u0142ymi i wytrzyma\u0142ymi materia\u0142ami, meble ogrodowe maj\u0105 wyj\u0105tkowe, cz\u0119sto fantazyjne kszta\u0142ty , a meble drewniane zaskakuj\u0105 sw\u0105 oryginaln\u0105 stylistyk\u0105.<\/p>\n<p style=\"text-align: center\">\n<p class=\"  \" style=\"text-align: center\">\n<figure style=\"width: 458px\" class=\"wp-caption aligncenter\"><img decoding=\"async\" loading=\"lazy\" alt=\"Przecierany stolik z serii Grigio\" src=\"http:\/\/www.lawendowykredens.pl\/1880-large_default\/grigio-stolik-biurko.jpg\" width=\"458\" height=\"458\" \/><figcaption class=\"wp-caption-text\">Grigio Stolik Belldeco<\/figcaption><\/figure>\n<p>&nbsp;<\/p>\n<p style=\"text-align: center\"><strong>Meble w stylu prowansalskim<\/strong> s\u0105 tak wyj\u0105tkowe, poniewa\u017c sam styl prowansalski zachwyca jasnymi, pastelowymi barwami, du\u017c\u0105 porcj\u0105 naturalnych materia\u0142\u00f3w, solidno\u015bci\u0105 wykonania oraz trwa\u0142o\u015bci\u0105. Dok\u0142adnie tak, jak meble w tym stylu.<\/p>\n<p style=\"text-align: center\">\n<p>&nbsp;<\/p>\n<figure style=\"width: 458px\" class=\"wp-caption aligncenter\"><img decoding=\"async\" loading=\"lazy\" alt=\"Okr\u0105g\u0142y czarny metalowy stolik vintage\" src=\"http:\/\/www.lawendowykredens.pl\/1839-large_default\/stolik-vintage.jpg\" width=\"458\" height=\"458\" \/><figcaption class=\"wp-caption-text\">Stolik Vintage Belldeco<\/figcaption><\/figure>\n<p style=\"text-align: center\">Wykonane z drewna <strong>meble prowansalskie<\/strong> pochodz\u0105ce od marki <strong>Belldeco<\/strong> maj\u0105 cz\u0119sto widoczne s\u0142oje litego drewna, s\u0105 tak\u017ce specjalnie postarzane, by nada\u0107 im wyj\u0105tkowy efekt wizualny. Zabiegami, kt\u00f3re pozwalaj\u0105 na nadanie meblom prowansalskim efektu postarzenia jest przede wszystkim szczotkowanie oraz bielenie drewna, a tak\u017ce liczne, nieregularne przetarcia farby naniesionej na drewniane powierzchnie.<\/p>\n<p style=\"text-align: center\">\n<p class=\" \" style=\"text-align: center\">\n<figure style=\"width: 458px\" class=\"wp-caption aligncenter\"><img decoding=\"async\" loading=\"lazy\" alt=\"Ozdobna komoda z pi\u0119cioma szufladami oraz motywem wie\u017cy eiffla\" src=\"http:\/\/www.lawendowykredens.pl\/2823-large_default\/grigio-komoda-smukla-.jpg\" width=\"458\" height=\"458\" \/><figcaption class=\"wp-caption-text\">Komoda Grigio Belldeco<\/figcaption><\/figure>\n<p>&nbsp;<\/p>\n<p style=\"text-align: center\">Poza tym dodatkow\u0105 ozdob\u0105 s\u0105 na meblach <strong>Belldeco<\/strong> s\u0105 malowid\u0142a czy rze\u017abione kraw\u0119dzie. Ozdobne nogi sto\u0142\u00f3w, rze\u017abione podstawy foteli oraz podn\u00f3\u017ck\u00f3w to szczeg\u00f3\u0142y, dzi\u0119ki kt\u00f3rym <strong>meble w stylu prowansalskim<\/strong> pi\u0119knie prezentuj\u0105 si\u0119 w ka\u017cdym wn\u0119trzu i stanowi\u0105 jego ozdob\u0119. <strong>Meble Belldeco <\/strong>s\u0105 wi\u0119c meblami na kt\u00f3re powinien zdecydowa\u0107 si\u0119 ka\u017cdy mi\u0142o\u015bnik stylu prowansalskiego oraz celowo postarzanych i bielonych mebli.<\/p>\n","protected":false},"excerpt":{"rendered":"<p>Aran\u017cacja wn\u0119trz jest w pewnym sensie form\u0105 sztuki, gdy\u017c bazuje na kolorach, formach i kszta\u0142tach. R\u00f3\u017cnica polega na tym, \u017ce we wn\u0119trzu dysponujemy przestrzeni\u0105, kt\u00f3r\u0105 nale\u017cy wype\u0142ni\u0107 tak, by mog\u0142a ona pe\u0142ni\u0107 nie tylko funkcje dekoracyjne, ale przede wszystkim praktyczne. Dost\u0119pne w naszym sklepie internetowym meble w stylu prowansalskim \u0142\u0105cz\u0105 w sobie te dwie, najwa\u017cniejsze &hellip; <a href=\"https:\/\/www.lawendowykredens.pl\/blog\/meble-w-stylu-prowansalskim\/\" class=\"more-link\">Czytaj dalej <span class=\"screen-reader-text\">Meble w stylu prowansalskim<\/span><\/a><\/p>\n","protected":false},"author":1,"featured_media":0,"comment_status":"open","ping_status":"open","sticky":false,"template":"","format":"standard","meta":[],"categories":[21],"tags":[37,118,137,148],"_links":{"self":[{"href":"https:\/\/www.lawendowykredens.pl\/blog\/wp-json\/wp\/v2\/posts\/527"}],"collection":[{"href":"https:\/\/www.lawendowykredens.pl\/blog\/wp-json\/wp\/v2\/posts"}],"about":[{"href":"https:\/\/www.lawendowykredens.pl\/blog\/wp-json\/wp\/v2\/types\/post"}],"author":[{"embeddable":true,"href":"https:\/\/www.lawendowykredens.pl\/blog\/wp-json\/wp\/v2\/users\/1"}],"replies":[{"embeddable":true,"href":"https:\/\/www.lawendowykredens.pl\/blog\/wp-json\/wp\/v2\/comments?post=527"}],"version-history":[{"count":0,"href":"https:\/\/www.lawendowykredens.pl\/blog\/wp-json\/wp\/v2\/posts\/527\/revisions"}],"wp:attachment":[{"href":"https:\/\/www.lawendowykredens.pl\/blog\/wp-json\/wp\/v2\/media?parent=527"}],"wp:term":[{"taxonomy":"category","embeddable":true,"href":"https:\/\/www.lawendowykredens.pl\/blog\/wp-json\/wp\/v2\/categories?post=527"},{"taxonomy":"post_tag","embeddable":true,"href":"https:\/\/www.lawendowykredens.pl\/blog\/wp-json\/wp\/v2\/tags?post=527"}],"curies":[{"name":"wp","href":"https:\/\/api.w.org\/{rel}","templated":true}]}}