{"id":506,"date":"2013-02-14T17:12:25","date_gmt":"2013-02-14T15:12:25","guid":{"rendered":"http:\/\/lawendowykredens.blog.pl\/?p=506"},"modified":"2013-02-14T17:12:25","modified_gmt":"2013-02-14T15:12:25","slug":"ozdoby-w-stylu-prowansalskim","status":"publish","type":"post","link":"https:\/\/www.lawendowykredens.pl\/blog\/ozdoby-w-stylu-prowansalskim\/","title":{"rendered":"Ozdoby w stylu prowansalskim"},"content":{"rendered":"<p class=\" \" style=\"text-align: center\">Dost\u0119pne w naszym sklepie <strong>ozdoby w stylu prowansalskim<\/strong> sprawdz\u0105 si\u0119 w ka\u017cdym pomieszczeniu, bez wzgl\u0119du na jego wielko\u015b\u0107 i kolorystyk\u0119. S\u0105 tak r\u00f3\u017cnorodne, \u017ce wierzymy, \u017ce nawet te osoby, kt\u00f3re nigdy nie mia\u0142y do czynienia ze stylem prowansalskim b\u0119d\u0105 mog\u0142y wybra\u0107 u nas co\u015b dla siebie.<\/p>\n<figure style=\"width: 458px\" class=\"wp-caption aligncenter\"><img decoding=\"async\" loading=\"lazy\" alt=\"Ozdobny prowansalski zegar z motywem lawendy na jasnym tle\" src=\"http:\/\/www.lawendowykredens.pl\/6475-large_default\/zegary-z-lawenda.jpg\" width=\"458\" height=\"458\" \/><figcaption class=\"wp-caption-text\">Zegar z Lawend\u0105<\/figcaption><\/figure>\n<p style=\"text-align: center\"><strong>Ozdoby w stylu prowansalskim <\/strong>to przede wszystkim <strong>motyw lawendy<\/strong>, czyli ro\u015bliny charakterystycznej dla tego jak\u017ce pi\u0119knego i s\u0142onecznego rejonu Francji, po\u0142o\u017conego w jego po\u0142udniowo-wschodniej cz\u0119\u015bci.<\/p>\n<figure style=\"width: 458px\" class=\"wp-caption aligncenter\"><img decoding=\"async\" loading=\"lazy\" alt=\"Tablica korkowa z spinaczami oraz motywem lawendy na ramie\" src=\"http:\/\/www.lawendowykredens.pl\/3995-large_default\/tablica-korkowa-z-lawenda-w-stylu-prowansalskim.jpg\" width=\"458\" height=\"458\" \/><figcaption class=\"wp-caption-text\">Tablica korkowa w stylu prowansalskim<\/figcaption><\/figure>\n<p style=\"text-align: center\">Jako <strong>lawendowe dekoracje<\/strong> \u015bcienne \u015bwietnie sprawdz\u0105 si\u0119 wszelkie tablice do pisania kred\u0105 oraz tablice korkowe, na kt\u00f3rych znajdzie si\u0119 motyw lawendy, koguta czy oliwek. Ponadto do ozdobienia swoich \u015bcian mog\u0105 Pa\u0144stwo wybra\u0107 obrazy w stylu prowansalskim wykonane z p\u0142\u00f3tna lub metalu, o r\u00f3\u017cnych kszta\u0142tach i rozmiarach oraz o zr\u00f3\u017cnicowanej kolorystyce.<\/p>\n<figure style=\"width: 458px\" class=\"wp-caption aligncenter\"><img decoding=\"async\" loading=\"lazy\" alt=\"Kwadratowy obrazek z lawend\u0105\" src=\"http:\/\/www.lawendowykredens.pl\/4980-large_default\/prowansja-obrazek-lawenda.jpg\" width=\"458\" height=\"458\" \/><figcaption class=\"wp-caption-text\">Obrazek Prowansja z Lawend\u0105 Belldeco<\/figcaption><\/figure>\n<p style=\"text-align: center\">W styl prowansalski \u015bwietnie wpisuj\u0105 si\u0119 tak\u017ce zegary \u015bcienne oraz zegary stoj\u0105ce w kszta\u0142cie budzika, kt\u00f3re zdobi <strong>motyw lawendy<\/strong>. W prowansalskich wn\u0119trzach \u015bwietnie sprawdz\u0105 si\u0119 tak\u017ce zegary w stylu vintage, czyli zegary \u015bcienne o tarczach stylizowanych na stare oraz efektowne zegary dworcowe.<\/p>\n<figure style=\"width: 458px\" class=\"wp-caption aligncenter\"><img decoding=\"async\" loading=\"lazy\" alt=\"Zegar dworcowy z rzymskimi cyframi\" src=\"http:\/\/www.lawendowykredens.pl\/6911-large_default\/zegar-dworcowy.jpg\" width=\"458\" height=\"458\" \/><figcaption class=\"wp-caption-text\">Zegar Dworcowy<\/figcaption><\/figure>\n<p style=\"text-align: center\">W salonie i sypialni mo\u017cemy idealnymi dodatkami b\u0119d\u0105 poduszki w stylu francuskim, czyli poduszki z francuskimi napisami, kt\u00f3rych poszewki wykonane s\u0105 z bawe\u0142niano-lnianych materia\u0142\u00f3w.<\/p>\n<figure style=\"width: 458px\" class=\"wp-caption aligncenter\"><img decoding=\"async\" loading=\"lazy\" alt=\"Mlecznik i cukiernica z motywem lawendy\" src=\"http:\/\/www.lawendowykredens.pl\/5197-large_default\/cukierniczka-i-mlecznik-z-lawenda.jpg\" width=\"458\" height=\"458\" \/><figcaption class=\"wp-caption-text\">Ceramika z motywem lawendy<\/figcaption><\/figure>\n<p class=\" \"><strong>Motyw lawendy<\/strong> jest charakterystyczny dla dekoracji salonowych, a tak\u017ce ozd\u00f3b kuchennych. <strong>Ozdoby w stylu prowansalskim<\/strong> o odpowiednio dopasowanej do kuchni kolorystyce mog\u0105 zupe\u0142nie odmieni\u0107 ca\u0142\u0105 kuchni\u0119. Najlepszym na to przyk\u0142adem b\u0119d\u0105 podk\u0142adki sto\u0142owe oraz ceramika z motywem lawendy.<\/p>\n<figure style=\"width: 458px\" class=\"wp-caption aligncenter\"><img decoding=\"async\" loading=\"lazy\" alt=\"Jasna taca z r\u0105czkami i motywem lawendy\" src=\"http:\/\/www.lawendowykredens.pl\/4088-large_default\/taca-z-lawenda-w-stylu-prowansalskim-2.jpg\" width=\"458\" height=\"458\" \/><figcaption class=\"wp-caption-text\">Taca w stylu prowansalskim<\/figcaption><\/figure>\n<p class=\" \" style=\"text-align: center\">Lawendowe dekoracje i dodatki, kt\u00f3re doskonale wsp\u00f3\u0142graj\u0105 ze stylistyk\u0105 ka\u017cdej kuchni, to tak\u017ce pi\u0119kne tace w stylu prowansalskim z lawend\u0105, wykonane z drewna oraz plastiku.<\/p>\n<figure style=\"width: 458px\" class=\"wp-caption aligncenter\"><img decoding=\"async\" loading=\"lazy\" alt=\"Jasny zegar z lawenda\" src=\"http:\/\/www.lawendowykredens.pl\/6950-large_default\/zegar-z-lawenda.jpg\" width=\"458\" height=\"458\" \/><figcaption class=\"wp-caption-text\">Zegar z Lawend\u0105<\/figcaption><\/figure>\n<p style=\"text-align: center\">Je\u017celi wi\u0119c zechc\u0105 Pa\u0144stwo ozdobi\u0107 sw\u00f3j dom lub te\u017c mieszkanie wprowadzaj\u0105c do niego <strong>ozdoby w stylu prowansalskim<\/strong>, to mamy nadziej\u0119, \u017ce nasze <strong>lawendowe dekoracje<\/strong> spe\u0142ni\u0105 Pa\u0144stwa oczekiwania i pomog\u0105 wprowadzi\u0107 do domu troch\u0119 ciep\u0142a i pozytywnej energii. <strong>Motyw lawendy<\/strong> dzi\u0119ki spokojnej i stonowanej kolorystyce mo\u017ce ozdobi\u0107 nawet te wn\u0119trza, kt\u00f3rych stylistyka jest zupe\u0142nie inna od prowansalskiej.<\/p>\n","protected":false},"excerpt":{"rendered":"<p>Dost\u0119pne w naszym sklepie ozdoby w stylu prowansalskim sprawdz\u0105 si\u0119 w ka\u017cdym pomieszczeniu, bez wzgl\u0119du na jego wielko\u015b\u0107 i kolorystyk\u0119. S\u0105 tak r\u00f3\u017cnorodne, \u017ce wierzymy, \u017ce nawet te osoby, kt\u00f3re nigdy nie mia\u0142y do czynienia ze stylem prowansalskim b\u0119d\u0105 mog\u0142y wybra\u0107 u nas co\u015b dla siebie. Ozdoby w stylu prowansalskim to przede wszystkim motyw lawendy, &hellip; <a href=\"https:\/\/www.lawendowykredens.pl\/blog\/ozdoby-w-stylu-prowansalskim\/\" class=\"more-link\">Czytaj dalej <span class=\"screen-reader-text\">Ozdoby w stylu prowansalskim<\/span><\/a><\/p>\n","protected":false},"author":1,"featured_media":0,"comment_status":"open","ping_status":"open","sticky":false,"template":"","format":"standard","meta":[],"categories":[21],"tags":[107,155],"_links":{"self":[{"href":"https:\/\/www.lawendowykredens.pl\/blog\/wp-json\/wp\/v2\/posts\/506"}],"collection":[{"href":"https:\/\/www.lawendowykredens.pl\/blog\/wp-json\/wp\/v2\/posts"}],"about":[{"href":"https:\/\/www.lawendowykredens.pl\/blog\/wp-json\/wp\/v2\/types\/post"}],"author":[{"embeddable":true,"href":"https:\/\/www.lawendowykredens.pl\/blog\/wp-json\/wp\/v2\/users\/1"}],"replies":[{"embeddable":true,"href":"https:\/\/www.lawendowykredens.pl\/blog\/wp-json\/wp\/v2\/comments?post=506"}],"version-history":[{"count":0,"href":"https:\/\/www.lawendowykredens.pl\/blog\/wp-json\/wp\/v2\/posts\/506\/revisions"}],"wp:attachment":[{"href":"https:\/\/www.lawendowykredens.pl\/blog\/wp-json\/wp\/v2\/media?parent=506"}],"wp:term":[{"taxonomy":"category","embeddable":true,"href":"https:\/\/www.lawendowykredens.pl\/blog\/wp-json\/wp\/v2\/categories?post=506"},{"taxonomy":"post_tag","embeddable":true,"href":"https:\/\/www.lawendowykredens.pl\/blog\/wp-json\/wp\/v2\/tags?post=506"}],"curies":[{"name":"wp","href":"https:\/\/api.w.org\/{rel}","templated":true}]}}