{"id":469,"date":"2013-01-23T12:17:09","date_gmt":"2013-01-23T10:17:09","guid":{"rendered":"http:\/\/lawendowykredens.blog.pl\/?p=469"},"modified":"2013-01-23T12:17:09","modified_gmt":"2013-01-23T10:17:09","slug":"komoda-belldeco-to-jest-to","status":"publish","type":"post","link":"https:\/\/www.lawendowykredens.pl\/blog\/komoda-belldeco-to-jest-to\/","title":{"rendered":"Komoda Belldeco to jest to!"},"content":{"rendered":"<p style=\"text-align: center\"><a title=\"Meble Belldeco\" href=\"http:\/\/lawendowykredens.pl\/pl\/54-meble-belldeco\" target=\"_blank\"><strong>Meble w stylu prowansalskim<\/strong><\/a> marki <strong>Belldeco <\/strong>s\u0105 od dawna dost\u0119pne w naszym sklepie internetowym. Szczeg\u00f3lnym zainteresowaniem ciesz\u0105 si\u0119 komody, szafy i rega\u0142y w stylu prowansalskim, kt\u00f3re nie tylko pe\u0142ni\u0105 funkcje praktyczne, ale tak\u017ce stanowi\u0105 wspania\u0142y dodatek stylistyczny, a wr\u0119cz dekoracyjny do salonu czy sypialni.<\/p>\n<figure id=\"attachment_470\" aria-describedby=\"caption-attachment-470\" style=\"width: 560px\" class=\"wp-caption aligncenter\"><a href=\"http:\/\/blog.lawendowykredens.pl\/wp-content\/uploads\/2013\/01\/grigio-komoda-smukla-.jpg\"><img decoding=\"async\" loading=\"lazy\" class=\"size-full wp-image-470 \" src=\"http:\/\/blog.lawendowykredens.pl\/wp-content\/uploads\/2013\/01\/grigio-komoda-smukla-.jpg\" alt=\"Komoda Belldeco\" width=\"560\" height=\"560\" srcset=\"https:\/\/www.lawendowykredens.pl\/blog\/wp-content\/uploads\/2013\/01\/grigio-komoda-smukla-.jpg 800w, https:\/\/www.lawendowykredens.pl\/blog\/wp-content\/uploads\/2013\/01\/grigio-komoda-smukla--150x150.jpg 150w, https:\/\/www.lawendowykredens.pl\/blog\/wp-content\/uploads\/2013\/01\/grigio-komoda-smukla--300x300.jpg 300w, https:\/\/www.lawendowykredens.pl\/blog\/wp-content\/uploads\/2013\/01\/grigio-komoda-smukla--768x768.jpg 768w, https:\/\/www.lawendowykredens.pl\/blog\/wp-content\/uploads\/2013\/01\/grigio-komoda-smukla--100x100.jpg 100w\" sizes=\"(max-width: 560px) 100vw, 560px\" \/><\/a><figcaption id=\"caption-attachment-470\" class=\"wp-caption-text\">Komoda Belldeco - Grigio Komoda Smuk\u0142a<\/figcaption><\/figure>\n<p style=\"text-align: center\">Ka\u017cda <strong>komoda w stylu prowansalskim<\/strong> marki <strong>Belldeco<\/strong> jest bardzo ciekawie stylizowana na przyk\u0142ad poprzez przetarcia czy efektowne zdarcia farby. Dobrym na to przyk\u0142adem jest <strong>komoda w stylu prowansalskim<\/strong>, kt\u00f3ra nazywa si\u0119 Smuk\u0142a Komoda Grigio, jej zdj\u0119cie zobaczycie powy\u017cej.<\/p>\n<figure id=\"attachment_471\" aria-describedby=\"caption-attachment-471\" style=\"width: 512px\" class=\"wp-caption aligncenter\"><a href=\"http:\/\/blog.lawendowykredens.pl\/wp-content\/uploads\/2013\/01\/grigio-komoda-waska.jpg\"><img decoding=\"async\" loading=\"lazy\" class=\"size-full wp-image-471  \" src=\"http:\/\/blog.lawendowykredens.pl\/wp-content\/uploads\/2013\/01\/grigio-komoda-waska.jpg\" alt=\"Komoda w stylu prowansalskim\" width=\"512\" height=\"512\" srcset=\"https:\/\/www.lawendowykredens.pl\/blog\/wp-content\/uploads\/2013\/01\/grigio-komoda-waska.jpg 800w, https:\/\/www.lawendowykredens.pl\/blog\/wp-content\/uploads\/2013\/01\/grigio-komoda-waska-150x150.jpg 150w, https:\/\/www.lawendowykredens.pl\/blog\/wp-content\/uploads\/2013\/01\/grigio-komoda-waska-300x300.jpg 300w, https:\/\/www.lawendowykredens.pl\/blog\/wp-content\/uploads\/2013\/01\/grigio-komoda-waska-768x768.jpg 768w, https:\/\/www.lawendowykredens.pl\/blog\/wp-content\/uploads\/2013\/01\/grigio-komoda-waska-100x100.jpg 100w\" sizes=\"(max-width: 512px) 100vw, 512px\" \/><\/a><figcaption id=\"caption-attachment-471\" class=\"wp-caption-text\">Komoda Belldeco - Grigio Komoda W\u0105ska<\/figcaption><\/figure>\n<p>Dzi\u0119ki temu, \u017ce <a title=\"Komoda Belldeco\" href=\"http:\/\/lawendowykredens.pl\/pl\/27-szafy-regaly-i-biblioteczki-belldeco\" target=\"_blank\"><strong>komoda Belldeco<\/strong><\/a>, czyli <strong>komoda w stylu prowansalskim<\/strong>, jest dost\u0119pna w wielu wersjach, kolorach i w r\u00f3\u017cnych cenach, jeste\u015bmy przekonani, \u017ce ka\u017cdy mo\u017ce wybra\u0107 u nas co\u015b dla siebie. Tak du\u017ca rozpi\u0119to\u015b\u0107 cenowa sprawia, \u017ce ka\u017cdy mo\u017ce pozwoli\u0107 sobie na zakup pi\u0119knej, stylowej komody <strong>Belldeco<\/strong>.<\/p>\n<figure id=\"attachment_472\" aria-describedby=\"caption-attachment-472\" style=\"width: 560px\" class=\"wp-caption aligncenter\"><a href=\"http:\/\/blog.lawendowykredens.pl\/wp-content\/uploads\/2013\/01\/wenecja-komoda-z-szufladami.jpg\"><img decoding=\"async\" loading=\"lazy\" class=\"size-full wp-image-472 \" src=\"http:\/\/blog.lawendowykredens.pl\/wp-content\/uploads\/2013\/01\/wenecja-komoda-z-szufladami.jpg\" alt=\"Komoda w stylu prowansalskim\" width=\"560\" height=\"560\" srcset=\"https:\/\/www.lawendowykredens.pl\/blog\/wp-content\/uploads\/2013\/01\/wenecja-komoda-z-szufladami.jpg 800w, https:\/\/www.lawendowykredens.pl\/blog\/wp-content\/uploads\/2013\/01\/wenecja-komoda-z-szufladami-150x150.jpg 150w, https:\/\/www.lawendowykredens.pl\/blog\/wp-content\/uploads\/2013\/01\/wenecja-komoda-z-szufladami-300x300.jpg 300w, https:\/\/www.lawendowykredens.pl\/blog\/wp-content\/uploads\/2013\/01\/wenecja-komoda-z-szufladami-768x768.jpg 768w, https:\/\/www.lawendowykredens.pl\/blog\/wp-content\/uploads\/2013\/01\/wenecja-komoda-z-szufladami-100x100.jpg 100w\" sizes=\"(max-width: 560px) 100vw, 560px\" \/><\/a><figcaption id=\"caption-attachment-472\" class=\"wp-caption-text\">Komoda Belldeco - Komoda Wenecja z szufladami<\/figcaption><\/figure>\n<p style=\"text-align: center\"><strong>Meble w stylu prowansalskim<\/strong> posiadaj\u0105 gwarancj\u0119 jako\u015bci, dlatego te\u017c na ich zakup decyduj\u0105 si\u0119 nawet najbardziej wymagaj\u0105cy klienci. W\u015br\u00f3d otaczaj\u0105cych nas nudnych i monotonnych mebli warto postawi\u0107 na styl prowansalski oraz mark\u0119 <strong>Belldeco<\/strong> i jej <strong>meble w stylu prowansalskim<\/strong>, kt\u00f3re na polskim rynku stanowi\u0105 prawdziw\u0105 pere\u0142k\u0119.<\/p>\n<figure id=\"attachment_473\" aria-describedby=\"caption-attachment-473\" style=\"width: 560px\" class=\"wp-caption aligncenter\"><a href=\"http:\/\/blog.lawendowykredens.pl\/wp-content\/uploads\/2013\/01\/garden-green-komoda-z-szufladami-ziola.jpg\"><img decoding=\"async\" loading=\"lazy\" class=\"size-full wp-image-473 \" src=\"http:\/\/blog.lawendowykredens.pl\/wp-content\/uploads\/2013\/01\/garden-green-komoda-z-szufladami-ziola.jpg\" alt=\"Komoda w stylu prowansalskim\" width=\"560\" height=\"560\" srcset=\"https:\/\/www.lawendowykredens.pl\/blog\/wp-content\/uploads\/2013\/01\/garden-green-komoda-z-szufladami-ziola.jpg 800w, https:\/\/www.lawendowykredens.pl\/blog\/wp-content\/uploads\/2013\/01\/garden-green-komoda-z-szufladami-ziola-150x150.jpg 150w, https:\/\/www.lawendowykredens.pl\/blog\/wp-content\/uploads\/2013\/01\/garden-green-komoda-z-szufladami-ziola-300x300.jpg 300w, https:\/\/www.lawendowykredens.pl\/blog\/wp-content\/uploads\/2013\/01\/garden-green-komoda-z-szufladami-ziola-768x768.jpg 768w, https:\/\/www.lawendowykredens.pl\/blog\/wp-content\/uploads\/2013\/01\/garden-green-komoda-z-szufladami-ziola-100x100.jpg 100w\" sizes=\"(max-width: 560px) 100vw, 560px\" \/><\/a><figcaption id=\"caption-attachment-473\" class=\"wp-caption-text\">Komoda Belldeco - Komoda Garden Green z Szufladami<\/figcaption><\/figure>\n<p><strong>Komoda Belldeco<\/strong>, podobnie jak ka\u017cda <strong>komoda w stylu prowansalskim <\/strong>dost\u0119pne w Lawendowym Kredensie, nawi\u0105zuje sw\u0105 form\u0105 do stylistyki francuskiej. <strong>Komoda Belldeco<\/strong>, w swej najbardziej klasycznej formie, wykonana jest ze szlachetnego drewna d\u0119bowego, jod\u0142owego lub sosnowego. <strong>Komoda w stylu prowansalskim<\/strong> mo\u017ce by\u0107 jednak wykonana tak\u017ce z przer\u00f3\u017cnych materia\u0142\u00f3w takich jak p\u0142yta MDF czy metal.<\/p>\n","protected":false},"excerpt":{"rendered":"<p>Meble w stylu prowansalskim marki Belldeco s\u0105 od dawna dost\u0119pne w naszym sklepie internetowym. Szczeg\u00f3lnym zainteresowaniem ciesz\u0105 si\u0119 komody, szafy i rega\u0142y w stylu prowansalskim, kt\u00f3re nie tylko pe\u0142ni\u0105 funkcje praktyczne, ale tak\u017ce stanowi\u0105 wspania\u0142y dodatek stylistyczny, a wr\u0119cz dekoracyjny do salonu czy sypialni. Ka\u017cda komoda w stylu prowansalskim marki Belldeco jest bardzo ciekawie stylizowana &hellip; <a href=\"https:\/\/www.lawendowykredens.pl\/blog\/komoda-belldeco-to-jest-to\/\" class=\"more-link\">Czytaj dalej <span class=\"screen-reader-text\">Komoda Belldeco to jest to!<\/span><\/a><\/p>\n","protected":false},"author":1,"featured_media":0,"comment_status":"open","ping_status":"open","sticky":false,"template":"","format":"standard","meta":[],"categories":[21],"tags":[37,148],"_links":{"self":[{"href":"https:\/\/www.lawendowykredens.pl\/blog\/wp-json\/wp\/v2\/posts\/469"}],"collection":[{"href":"https:\/\/www.lawendowykredens.pl\/blog\/wp-json\/wp\/v2\/posts"}],"about":[{"href":"https:\/\/www.lawendowykredens.pl\/blog\/wp-json\/wp\/v2\/types\/post"}],"author":[{"embeddable":true,"href":"https:\/\/www.lawendowykredens.pl\/blog\/wp-json\/wp\/v2\/users\/1"}],"replies":[{"embeddable":true,"href":"https:\/\/www.lawendowykredens.pl\/blog\/wp-json\/wp\/v2\/comments?post=469"}],"version-history":[{"count":0,"href":"https:\/\/www.lawendowykredens.pl\/blog\/wp-json\/wp\/v2\/posts\/469\/revisions"}],"wp:attachment":[{"href":"https:\/\/www.lawendowykredens.pl\/blog\/wp-json\/wp\/v2\/media?parent=469"}],"wp:term":[{"taxonomy":"category","embeddable":true,"href":"https:\/\/www.lawendowykredens.pl\/blog\/wp-json\/wp\/v2\/categories?post=469"},{"taxonomy":"post_tag","embeddable":true,"href":"https:\/\/www.lawendowykredens.pl\/blog\/wp-json\/wp\/v2\/tags?post=469"}],"curies":[{"name":"wp","href":"https:\/\/api.w.org\/{rel}","templated":true}]}}