{"id":440,"date":"2013-01-04T21:18:01","date_gmt":"2013-01-04T19:18:01","guid":{"rendered":"http:\/\/lawendowykredens.blog.pl\/?p=440"},"modified":"2013-01-04T21:18:01","modified_gmt":"2013-01-04T19:18:01","slug":"wieszaki-scienne","status":"publish","type":"post","link":"https:\/\/www.lawendowykredens.pl\/blog\/wieszaki-scienne\/","title":{"rendered":"Wieszaki \u015bcienne"},"content":{"rendered":"<p style=\"text-align: center\"><a title=\"Wieszaki w stylu prowansalskim\" href=\"http:\/\/lawendowykredens.pl\/pl\/73-wieszaki-scienne\" target=\"_blank\"><strong>Wieszaki w stylu prowansalskim<\/strong><\/a> stanowi\u0105 wspania\u0142y dekoracj\u0119 prowansalsk\u0105 i \u015bwietnie wygl\u0105daj\u0105 w ka\u017cdym wn\u0119trzu. W naszej ofercie znajdziecie mi\u0119dzy innymi <strong>wieszaki w stylu prowansalskim<\/strong> marki Belldeco, kt\u00f3re wykonane s\u0105 technik\u0105 decoupage i \u015bwietnie sprawdz\u0105 si\u0119 w ka\u017cdej kuchni.<\/p>\n<p style=\"text-align: center\">&nbsp;<\/p>\n<div class=\"mceTemp mceIEcenter\" style=\"text-align: center\">\n<dl>\n<dt><a href=\"http:\/\/blog.lawendowykredens.pl\/wp-content\/uploads\/2013\/01\/vintage-wieszak-sztucce.jpg\"><img decoding=\"async\" loading=\"lazy\" class=\"size-medium wp-image-441\" src=\"http:\/\/blog.lawendowykredens.pl\/wp-content\/uploads\/2013\/01\/vintage-wieszak-sztucce-300x300.jpg\" alt=\"Wieszak prowansalski\" width=\"300\" height=\"300\" srcset=\"https:\/\/www.lawendowykredens.pl\/blog\/wp-content\/uploads\/2013\/01\/vintage-wieszak-sztucce-300x300.jpg 300w, https:\/\/www.lawendowykredens.pl\/blog\/wp-content\/uploads\/2013\/01\/vintage-wieszak-sztucce-150x150.jpg 150w, https:\/\/www.lawendowykredens.pl\/blog\/wp-content\/uploads\/2013\/01\/vintage-wieszak-sztucce-768x768.jpg 768w, https:\/\/www.lawendowykredens.pl\/blog\/wp-content\/uploads\/2013\/01\/vintage-wieszak-sztucce-100x100.jpg 100w, https:\/\/www.lawendowykredens.pl\/blog\/wp-content\/uploads\/2013\/01\/vintage-wieszak-sztucce.jpg 800w\" sizes=\"(max-width: 300px) 100vw, 300px\" \/><\/a><\/dt>\n<dd>Wieszak prowansalski Sztu\u0107ce<\/dd>\n<\/dl>\n<\/div>\n<p style=\"text-align: center\">&nbsp;<\/p>\n<p style=\"text-align: center\">Znajduj\u0105 si\u0119 na nich obrazki kawiarni co wida\u0107 mi\u0119dzy innymi na wieszaku Retro Wieszak Coffee Wine Belldeco czy te\u017c napisy nawi\u0105zuj\u0105ce do tematyki kuchennej co wida\u0107 na wieszaku Retro Wieszak Cafe.<\/p>\n<p style=\"text-align: center\">&nbsp;<\/p>\n<div class=\"mceTemp mceIEcenter\" style=\"text-align: center\">\n<dl>\n<dt><a href=\"http:\/\/blog.lawendowykredens.pl\/wp-content\/uploads\/2013\/01\/retro-wieszak-3-cafe.jpg\"><img decoding=\"async\" loading=\"lazy\" class=\"size-medium wp-image-442\" src=\"http:\/\/blog.lawendowykredens.pl\/wp-content\/uploads\/2013\/01\/retro-wieszak-3-cafe-300x300.jpg\" alt=\"Wieszak prowansalski\" width=\"300\" height=\"300\" srcset=\"https:\/\/www.lawendowykredens.pl\/blog\/wp-content\/uploads\/2013\/01\/retro-wieszak-3-cafe-300x300.jpg 300w, https:\/\/www.lawendowykredens.pl\/blog\/wp-content\/uploads\/2013\/01\/retro-wieszak-3-cafe-150x150.jpg 150w, https:\/\/www.lawendowykredens.pl\/blog\/wp-content\/uploads\/2013\/01\/retro-wieszak-3-cafe-768x768.jpg 768w, https:\/\/www.lawendowykredens.pl\/blog\/wp-content\/uploads\/2013\/01\/retro-wieszak-3-cafe-100x100.jpg 100w, https:\/\/www.lawendowykredens.pl\/blog\/wp-content\/uploads\/2013\/01\/retro-wieszak-3-cafe.jpg 800w\" sizes=\"(max-width: 300px) 100vw, 300px\" \/><\/a><\/dt>\n<dd>Retro Wieszak Cafe Belldeco<\/dd>\n<\/dl>\n<\/div>\n<p style=\"text-align: center\">&nbsp;<\/p>\n<p style=\"text-align: center\">W styl prowansalski idealnie wpisuj\u0105 si\u0119 tak\u017ce <a title=\"Wieszaki \u015bcienne\" href=\"http:\/\/lawendowykredens.pl\/pl\/73-wieszaki-scienne\" target=\"_blank\"><strong>wieszaki \u015bcienne<\/strong><\/a> jakimi s\u0105 <strong>prowansalskie wieszaki<\/strong> z lawend\u0105 oraz kogutem, kt\u00f3re zachwyc\u0105 osoby kochaj\u0105ce styl prowansalski.<\/p>\n<p style=\"text-align: center\">&nbsp;<\/p>\n<div class=\"mceTemp mceIEcenter\" style=\"text-align: center\">\n<dl>\n<dt><a href=\"http:\/\/blog.lawendowykredens.pl\/wp-content\/uploads\/2013\/01\/wieszak-z-lawenda-w-stylu-prowansalskim.jpg\"><img decoding=\"async\" loading=\"lazy\" class=\"size-medium wp-image-443\" src=\"http:\/\/blog.lawendowykredens.pl\/wp-content\/uploads\/2013\/01\/wieszak-z-lawenda-w-stylu-prowansalskim-300x300.jpg\" alt=\"Wieszak prowansalski\" width=\"300\" height=\"300\" srcset=\"https:\/\/www.lawendowykredens.pl\/blog\/wp-content\/uploads\/2013\/01\/wieszak-z-lawenda-w-stylu-prowansalskim-300x300.jpg 300w, https:\/\/www.lawendowykredens.pl\/blog\/wp-content\/uploads\/2013\/01\/wieszak-z-lawenda-w-stylu-prowansalskim-150x150.jpg 150w, https:\/\/www.lawendowykredens.pl\/blog\/wp-content\/uploads\/2013\/01\/wieszak-z-lawenda-w-stylu-prowansalskim-768x768.jpg 768w, https:\/\/www.lawendowykredens.pl\/blog\/wp-content\/uploads\/2013\/01\/wieszak-z-lawenda-w-stylu-prowansalskim-100x100.jpg 100w, https:\/\/www.lawendowykredens.pl\/blog\/wp-content\/uploads\/2013\/01\/wieszak-z-lawenda-w-stylu-prowansalskim.jpg 800w\" sizes=\"(max-width: 300px) 100vw, 300px\" \/><\/a><\/dt>\n<dd>Prowansalski wieszak z lawend\u0105<\/dd>\n<\/dl>\n<\/div>\n<p style=\"text-align: center\">&nbsp;<\/p>\n<p style=\"text-align: center\">Wielu naszym Klientom podoba si\u0119 na przyk\u0142ad bia\u0142y <strong>wieszak prowansalski<\/strong> z lawend\u0105, kt\u00f3ry wykonany jest w ca\u0142o\u015bci z drewna i posiada cztery ma\u0142e, drewniane wieszaczki o raz prowansalski wieszak z lawend\u0105 wykonany z drewna i metalu.<\/p>\n<p style=\"text-align: center\">&nbsp;<\/p>\n<div class=\"mceTemp mceIEcenter\" style=\"text-align: center\">\n<dl>\n<dt><a href=\"http:\/\/blog.lawendowykredens.pl\/wp-content\/uploads\/2013\/01\/potrojny-wieszak-z-lawenda-w-stylu-prowansalskim.jpg\"><img decoding=\"async\" loading=\"lazy\" class=\"size-medium wp-image-444\" src=\"http:\/\/blog.lawendowykredens.pl\/wp-content\/uploads\/2013\/01\/potrojny-wieszak-z-lawenda-w-stylu-prowansalskim-300x300.jpg\" alt=\"Wieszak z lawend\u0105\" width=\"300\" height=\"300\" srcset=\"https:\/\/www.lawendowykredens.pl\/blog\/wp-content\/uploads\/2013\/01\/potrojny-wieszak-z-lawenda-w-stylu-prowansalskim-300x300.jpg 300w, https:\/\/www.lawendowykredens.pl\/blog\/wp-content\/uploads\/2013\/01\/potrojny-wieszak-z-lawenda-w-stylu-prowansalskim-150x150.jpg 150w, https:\/\/www.lawendowykredens.pl\/blog\/wp-content\/uploads\/2013\/01\/potrojny-wieszak-z-lawenda-w-stylu-prowansalskim-768x768.jpg 768w, https:\/\/www.lawendowykredens.pl\/blog\/wp-content\/uploads\/2013\/01\/potrojny-wieszak-z-lawenda-w-stylu-prowansalskim-100x100.jpg 100w, https:\/\/www.lawendowykredens.pl\/blog\/wp-content\/uploads\/2013\/01\/potrojny-wieszak-z-lawenda-w-stylu-prowansalskim.jpg 800w\" sizes=\"(max-width: 300px) 100vw, 300px\" \/><\/a><\/dt>\n<dd>Wieszak z lawend\u0105 w stylu prowansalskim<\/dd>\n<\/dl>\n<\/div>\n<p style=\"text-align: center\">&nbsp;<\/p>\n<p style=\"text-align: center\">Na swoje wieszaki \u015bcienne wielu naszych Klient\u00f3w wybiera tak\u017ce wieszaki o \u017cywszej kolorystyce na co dobrym przyk\u0142adem s\u0105 pojedyncze, podw\u00f3jne i poczw\u00f3rne <strong>wieszaki \u015bcienne<\/strong> w kwiatowe wzory. Taki wieszak prowansalski b\u0119dzie \u015bwietnym urozmaiceniem kuchni czy \u0142azienki i o\u017cywi ka\u017cde wn\u0119trze!<\/p>\n<p>&nbsp;<\/p>\n<figure id=\"attachment_449\" aria-describedby=\"caption-attachment-449\" style=\"width: 300px\" class=\"wp-caption alignleft\"><a href=\"http:\/\/blog.lawendowykredens.pl\/wp-content\/uploads\/2013\/01\/podwojny-wieszak-w-stylu-prowansalskim-41.jpg\"><img decoding=\"async\" loading=\"lazy\" class=\"size-medium wp-image-449\" src=\"http:\/\/blog.lawendowykredens.pl\/wp-content\/uploads\/2013\/01\/podwojny-wieszak-w-stylu-prowansalskim-41-300x300.jpg\" alt=\"Wieszak w stylu prowansalskim\" width=\"300\" height=\"300\" srcset=\"https:\/\/www.lawendowykredens.pl\/blog\/wp-content\/uploads\/2013\/01\/podwojny-wieszak-w-stylu-prowansalskim-41-300x300.jpg 300w, https:\/\/www.lawendowykredens.pl\/blog\/wp-content\/uploads\/2013\/01\/podwojny-wieszak-w-stylu-prowansalskim-41-150x150.jpg 150w, https:\/\/www.lawendowykredens.pl\/blog\/wp-content\/uploads\/2013\/01\/podwojny-wieszak-w-stylu-prowansalskim-41-768x768.jpg 768w, https:\/\/www.lawendowykredens.pl\/blog\/wp-content\/uploads\/2013\/01\/podwojny-wieszak-w-stylu-prowansalskim-41-100x100.jpg 100w, https:\/\/www.lawendowykredens.pl\/blog\/wp-content\/uploads\/2013\/01\/podwojny-wieszak-w-stylu-prowansalskim-41.jpg 800w\" sizes=\"(max-width: 300px) 100vw, 300px\" \/><\/a><figcaption id=\"caption-attachment-449\" class=\"wp-caption-text\">Wieszak prowansalski<\/figcaption><\/figure>\n<p>&nbsp;<\/p>\n<p style=\"text-align: center\">\nJak wida\u0107<strong> wieszak prowansalski <\/strong>i r\u00f3\u017cnorodne <strong>wieszaki \u015bcienne<\/strong> zachowane w stylu prowansalskim wcale nie musz\u0105 by\u0107 jednak jednolite i pozbawione wyrazu. <strong>Wieszaki w stylu prowansalskim<\/strong> mog\u0105 posiada\u0107 motywy zdobnicze w postaci lawendy, koguta, rozmaitych kwiat\u00f3w czy te\u017c grafik nawi\u0105zuj\u0105cych do stylu retro.<\/p>\n<p style=\"text-align: center\">&nbsp;<\/p>\n<p>&nbsp;<\/p>\n<figure id=\"attachment_450\" aria-describedby=\"caption-attachment-450\" style=\"width: 300px\" class=\"wp-caption alignright\"><a href=\"http:\/\/blog.lawendowykredens.pl\/wp-content\/uploads\/2013\/01\/retro-wieszak-klucze.jpg\"><img decoding=\"async\" loading=\"lazy\" class=\"size-medium wp-image-450\" src=\"http:\/\/blog.lawendowykredens.pl\/wp-content\/uploads\/2013\/01\/retro-wieszak-klucze-300x300.jpg\" alt=\"Retro Wieszak Klucze\" width=\"300\" height=\"300\" srcset=\"https:\/\/www.lawendowykredens.pl\/blog\/wp-content\/uploads\/2013\/01\/retro-wieszak-klucze-300x300.jpg 300w, https:\/\/www.lawendowykredens.pl\/blog\/wp-content\/uploads\/2013\/01\/retro-wieszak-klucze-150x150.jpg 150w, https:\/\/www.lawendowykredens.pl\/blog\/wp-content\/uploads\/2013\/01\/retro-wieszak-klucze-768x768.jpg 768w, https:\/\/www.lawendowykredens.pl\/blog\/wp-content\/uploads\/2013\/01\/retro-wieszak-klucze-100x100.jpg 100w, https:\/\/www.lawendowykredens.pl\/blog\/wp-content\/uploads\/2013\/01\/retro-wieszak-klucze.jpg 800w\" sizes=\"(max-width: 300px) 100vw, 300px\" \/><\/a><figcaption id=\"caption-attachment-450\" class=\"wp-caption-text\">Retro Wieszak Klucze<\/figcaption><\/figure>\n<p>&nbsp;<\/p>\n<p style=\"text-align: center\">\n<p>Je\u017celi chcemy urz\u0105dzi\u0107 nasz dom albo mieszkanie w stylu prowansalskim powinni\u015bmy dok\u0142adnie zastanowi\u0107 si\u0119 nad rozwi\u0105zaniami stylistycznymi i wprowadza\u0107 je z umiarem. <strong>Wieszaki \u015bcienne<\/strong> i ka\u017cdy <strong>wieszak prowansalski<\/strong>, kt\u00f3ry znajdziecie w naszym sklepie stanowi\u0105 doskona\u0142y dodatek, o ile nie przesadzimy z ich form\u0105 i nagromadzeniem.<\/p>\n<p style=\"text-align: center\">&nbsp;<\/p>\n<p>&nbsp;<\/p>\n<figure id=\"attachment_451\" aria-describedby=\"caption-attachment-451\" style=\"width: 300px\" class=\"wp-caption alignleft\"><a href=\"http:\/\/blog.lawendowykredens.pl\/wp-content\/uploads\/2013\/01\/wenecja-polka-lazienkowa-niska.jpg\"><img decoding=\"async\" loading=\"lazy\" class=\"size-medium wp-image-451\" src=\"http:\/\/blog.lawendowykredens.pl\/wp-content\/uploads\/2013\/01\/wenecja-polka-lazienkowa-niska-300x300.jpg\" alt=\"P\u00f3\u0142ka \u0141azienkowa Belldeco\" width=\"300\" height=\"300\" srcset=\"https:\/\/www.lawendowykredens.pl\/blog\/wp-content\/uploads\/2013\/01\/wenecja-polka-lazienkowa-niska-300x300.jpg 300w, https:\/\/www.lawendowykredens.pl\/blog\/wp-content\/uploads\/2013\/01\/wenecja-polka-lazienkowa-niska-150x150.jpg 150w, https:\/\/www.lawendowykredens.pl\/blog\/wp-content\/uploads\/2013\/01\/wenecja-polka-lazienkowa-niska-768x768.jpg 768w, https:\/\/www.lawendowykredens.pl\/blog\/wp-content\/uploads\/2013\/01\/wenecja-polka-lazienkowa-niska-100x100.jpg 100w, https:\/\/www.lawendowykredens.pl\/blog\/wp-content\/uploads\/2013\/01\/wenecja-polka-lazienkowa-niska.jpg 800w\" sizes=\"(max-width: 300px) 100vw, 300px\" \/><\/a><figcaption id=\"caption-attachment-451\" class=\"wp-caption-text\">Wenecja P\u00f3\u0142ka \u0141azienkowa Belldeco<\/figcaption><\/figure>\n<p>&nbsp;<\/p>\n<p style=\"text-align: center\">\n<p>Klasyczne <strong>wieszaki w stylu prowansalskim<\/strong> sprawdz\u0105 si\u0119 w wielu pomieszczeniach i w wielu stylach aran\u017cacji wn\u0119trz. <strong>Wieszak prowansalski<\/strong> mo\u017ce zosta\u0107 wprowadzony do kuchni, \u0142azienki, przedpokoju i innych pomieszcze\u0144 u\u017cytkowych. <strong>Wieszaki \u015bcienne<\/strong> umiejscowione w przedpokoju mog\u0105 s\u0142u\u017cy\u0107 do zawieszania ubra\u0144 wierzchnich, jak i r\u00f3wnie\u017c do grupowania kluczy.<\/p>\n","protected":false},"excerpt":{"rendered":"<p>Wieszaki w stylu prowansalskim stanowi\u0105 wspania\u0142y dekoracj\u0119 prowansalsk\u0105 i \u015bwietnie wygl\u0105daj\u0105 w ka\u017cdym wn\u0119trzu. W naszej ofercie znajdziecie mi\u0119dzy innymi wieszaki w stylu prowansalskim marki Belldeco, kt\u00f3re wykonane s\u0105 technik\u0105 decoupage i \u015bwietnie sprawdz\u0105 si\u0119 w ka\u017cdej kuchni. &nbsp; Wieszak prowansalski Sztu\u0107ce &nbsp; Znajduj\u0105 si\u0119 na nich obrazki kawiarni co wida\u0107 mi\u0119dzy innymi na wieszaku &hellip; <a href=\"https:\/\/www.lawendowykredens.pl\/blog\/wieszaki-scienne\/\" class=\"more-link\">Czytaj dalej <span class=\"screen-reader-text\">Wieszaki \u015bcienne<\/span><\/a><\/p>\n","protected":false},"author":1,"featured_media":0,"comment_status":"open","ping_status":"open","sticky":false,"template":"","format":"standard","meta":[],"categories":[21],"tags":[37,106,202,223],"_links":{"self":[{"href":"https:\/\/www.lawendowykredens.pl\/blog\/wp-json\/wp\/v2\/posts\/440"}],"collection":[{"href":"https:\/\/www.lawendowykredens.pl\/blog\/wp-json\/wp\/v2\/posts"}],"about":[{"href":"https:\/\/www.lawendowykredens.pl\/blog\/wp-json\/wp\/v2\/types\/post"}],"author":[{"embeddable":true,"href":"https:\/\/www.lawendowykredens.pl\/blog\/wp-json\/wp\/v2\/users\/1"}],"replies":[{"embeddable":true,"href":"https:\/\/www.lawendowykredens.pl\/blog\/wp-json\/wp\/v2\/comments?post=440"}],"version-history":[{"count":0,"href":"https:\/\/www.lawendowykredens.pl\/blog\/wp-json\/wp\/v2\/posts\/440\/revisions"}],"wp:attachment":[{"href":"https:\/\/www.lawendowykredens.pl\/blog\/wp-json\/wp\/v2\/media?parent=440"}],"wp:term":[{"taxonomy":"category","embeddable":true,"href":"https:\/\/www.lawendowykredens.pl\/blog\/wp-json\/wp\/v2\/categories?post=440"},{"taxonomy":"post_tag","embeddable":true,"href":"https:\/\/www.lawendowykredens.pl\/blog\/wp-json\/wp\/v2\/tags?post=440"}],"curies":[{"name":"wp","href":"https:\/\/api.w.org\/{rel}","templated":true}]}}