{"id":362,"date":"2012-11-11T15:28:23","date_gmt":"2012-11-11T13:28:23","guid":{"rendered":"http:\/\/lawendowykredens.blog.pl\/?p=362"},"modified":"2012-11-11T15:28:23","modified_gmt":"2012-11-11T13:28:23","slug":"lampy-w-stylu-prowansalskim","status":"publish","type":"post","link":"https:\/\/www.lawendowykredens.pl\/blog\/lampy-w-stylu-prowansalskim\/","title":{"rendered":"Lampy w stylu prowansalskim"},"content":{"rendered":"<p>Od kilku dni w naszym sklepie internetowym mo\u017cecie znale\u017a\u0107 nie tylko meble prowansalskie, prowansalskie dekoracje oraz liczne produkty Belldeco, ale tak\u017ce prze\u015bliczne lampy w stylu prowansalskim. Wszystkie z nich to lampy firmy Belldeco o r\u00f3\u017cnorodnych kszta\u0142tach, kolorach i wymiarach. W tym wpisie poka\u017cemy Wam trzy z nich. Wszystkie <a title=\"Lampy w stylu prowansalskim\" href=\"http:\/\/lawendowykredens.pl\/pl\/63-oswietlenie\" target=\"_blank\">lampy w stylu prowansalskim<\/a> Belldeco znajdziecie na naszej stronie w zak\u0142adce O\u015bwietlenie.<\/p>\n<p>Luna Lampa Elektryczna Latarnia marki BELLDECO<\/p>\n<figure id=\"attachment_364\" aria-describedby=\"caption-attachment-364\" style=\"width: 300px\" class=\"wp-caption aligncenter\"><a href=\"http:\/\/blog.lawendowykredens.pl\/wp-content\/uploads\/2012\/11\/luna-lampa-elektryczna-latarnia1.jpg\"><img decoding=\"async\" loading=\"lazy\" class=\"size-medium wp-image-364\" src=\"http:\/\/blog.lawendowykredens.pl\/wp-content\/uploads\/2012\/11\/luna-lampa-elektryczna-latarnia1-300x300.jpg\" alt=\"Lampy w stylu prowansalskim\" width=\"300\" height=\"300\" srcset=\"https:\/\/www.lawendowykredens.pl\/blog\/wp-content\/uploads\/2012\/11\/luna-lampa-elektryczna-latarnia1-300x300.jpg 300w, https:\/\/www.lawendowykredens.pl\/blog\/wp-content\/uploads\/2012\/11\/luna-lampa-elektryczna-latarnia1-150x150.jpg 150w, https:\/\/www.lawendowykredens.pl\/blog\/wp-content\/uploads\/2012\/11\/luna-lampa-elektryczna-latarnia1-768x768.jpg 768w, https:\/\/www.lawendowykredens.pl\/blog\/wp-content\/uploads\/2012\/11\/luna-lampa-elektryczna-latarnia1-100x100.jpg 100w, https:\/\/www.lawendowykredens.pl\/blog\/wp-content\/uploads\/2012\/11\/luna-lampa-elektryczna-latarnia1.jpg 800w\" sizes=\"(max-width: 300px) 100vw, 300px\" \/><\/a><figcaption id=\"caption-attachment-364\" class=\"wp-caption-text\">Luna Lampa Elektryczna Latarnia<\/figcaption><\/figure>\n<p>Luna Lampa Elektryczna Latarnia to przecierana lampa w stylu prowansalskim, kt\u00f3ra swym kszta\u0142tem przypomina starodawn\u0105 latarni\u0119 uliczn\u0105. Lampa Luna, podobnie jak nasze meble prowansalskie Belldeco jest idealna dla ka\u017cdego kto lubi styl prowansalski oraz shabby chic. Wysoko\u015b\u0107 Lampy Luna to a\u017c 66cm.<\/p>\n<p>Wenecja Lampa Sufitowa Klatka marki BELLDECO<\/p>\n<figure id=\"attachment_365\" aria-describedby=\"caption-attachment-365\" style=\"width: 300px\" class=\"wp-caption aligncenter\"><a href=\"http:\/\/blog.lawendowykredens.pl\/wp-content\/uploads\/2012\/11\/wenecja-lampa-sufitowa-klatka.jpg\"><img decoding=\"async\" loading=\"lazy\" class=\"size-medium wp-image-365\" src=\"http:\/\/blog.lawendowykredens.pl\/wp-content\/uploads\/2012\/11\/wenecja-lampa-sufitowa-klatka-300x300.jpg\" alt=\"Lampy w stylu prowansalskim\" width=\"300\" height=\"300\" srcset=\"https:\/\/www.lawendowykredens.pl\/blog\/wp-content\/uploads\/2012\/11\/wenecja-lampa-sufitowa-klatka-300x300.jpg 300w, https:\/\/www.lawendowykredens.pl\/blog\/wp-content\/uploads\/2012\/11\/wenecja-lampa-sufitowa-klatka-150x150.jpg 150w, https:\/\/www.lawendowykredens.pl\/blog\/wp-content\/uploads\/2012\/11\/wenecja-lampa-sufitowa-klatka-768x768.jpg 768w, https:\/\/www.lawendowykredens.pl\/blog\/wp-content\/uploads\/2012\/11\/wenecja-lampa-sufitowa-klatka-100x100.jpg 100w, https:\/\/www.lawendowykredens.pl\/blog\/wp-content\/uploads\/2012\/11\/wenecja-lampa-sufitowa-klatka.jpg 800w\" sizes=\"(max-width: 300px) 100vw, 300px\" \/><\/a><figcaption id=\"caption-attachment-365\" class=\"wp-caption-text\">Wenecja Lampa Sufitowa Klatka<\/figcaption><\/figure>\n<p>Druga lampa to Wenecja Lampa Sufitowa Klatka, kt\u00f3ra tak jak pozosta\u0142e omawiane to lampy w stylu prowansalskim Belldeco wykonana jest ze szk\u0142a i metalu i jest celowo postarzana. Wenecja Lampa Sufitowa Klatka jest podobnej wysoko\u015bci co Luna Lampa Elektryczna Latarnia, jednak dzi\u0119ki kwiatowym wzorom jest nieco bardziej ozdobna.<\/p>\n<p>&nbsp;<\/p>\n<p>Grigio Lampa Sufitowa Klatka marki BELLDECO<\/p>\n<figure id=\"attachment_366\" aria-describedby=\"caption-attachment-366\" style=\"width: 300px\" class=\"wp-caption aligncenter\"><a href=\"http:\/\/blog.lawendowykredens.pl\/wp-content\/uploads\/2012\/11\/grigio-lampa-sufitowa-klatka.jpg\"><img decoding=\"async\" loading=\"lazy\" class=\"size-medium wp-image-366\" src=\"http:\/\/blog.lawendowykredens.pl\/wp-content\/uploads\/2012\/11\/grigio-lampa-sufitowa-klatka-300x300.jpg\" alt=\"Lampy w stylu prowansalskim\" width=\"300\" height=\"300\" srcset=\"https:\/\/www.lawendowykredens.pl\/blog\/wp-content\/uploads\/2012\/11\/grigio-lampa-sufitowa-klatka-300x300.jpg 300w, https:\/\/www.lawendowykredens.pl\/blog\/wp-content\/uploads\/2012\/11\/grigio-lampa-sufitowa-klatka-150x150.jpg 150w, https:\/\/www.lawendowykredens.pl\/blog\/wp-content\/uploads\/2012\/11\/grigio-lampa-sufitowa-klatka-768x768.jpg 768w, https:\/\/www.lawendowykredens.pl\/blog\/wp-content\/uploads\/2012\/11\/grigio-lampa-sufitowa-klatka-100x100.jpg 100w, https:\/\/www.lawendowykredens.pl\/blog\/wp-content\/uploads\/2012\/11\/grigio-lampa-sufitowa-klatka.jpg 800w\" sizes=\"(max-width: 300px) 100vw, 300px\" \/><\/a><figcaption id=\"caption-attachment-366\" class=\"wp-caption-text\">Grigio Lampa Sufitowa Klatka<\/figcaption><\/figure>\n<p>Grigio Lampa Sufitowa Klatka to niemal\u017ce ciemnoszara wersja Lampy Sufitowej Wenecja. Obydwie lampy maj\u0105 miejsce na cztery \u017car\u00f3wki i s\u0105 ozdobiony kwiatowymi wzorami. S\u0105 to pi\u0119kne lampy w stylu prowansalskim, kt\u00f3re s\u0105 czym\u015b wi\u0119cej ni\u017c o\u015bwietlenie. S\u0105 to prowansalskie dekoracje, kt\u00f3re pomog\u0105 Ci odmieni\u0107 ka\u017cde wn\u0119trze.<\/p>\n","protected":false},"excerpt":{"rendered":"<p>Od kilku dni w naszym sklepie internetowym mo\u017cecie znale\u017a\u0107 nie tylko meble prowansalskie, prowansalskie dekoracje oraz liczne produkty Belldeco, ale tak\u017ce prze\u015bliczne lampy w stylu prowansalskim. Wszystkie z nich to lampy firmy Belldeco o r\u00f3\u017cnorodnych kszta\u0142tach, kolorach i wymiarach. W tym wpisie poka\u017cemy Wam trzy z nich. Wszystkie lampy w stylu prowansalskim Belldeco znajdziecie na &hellip; <a href=\"https:\/\/www.lawendowykredens.pl\/blog\/lampy-w-stylu-prowansalskim\/\" class=\"more-link\">Czytaj dalej <span class=\"screen-reader-text\">Lampy w stylu prowansalskim<\/span><\/a><\/p>\n","protected":false},"author":1,"featured_media":0,"comment_status":"open","ping_status":"open","sticky":false,"template":"","format":"standard","meta":[],"categories":[21],"tags":[37,182],"_links":{"self":[{"href":"https:\/\/www.lawendowykredens.pl\/blog\/wp-json\/wp\/v2\/posts\/362"}],"collection":[{"href":"https:\/\/www.lawendowykredens.pl\/blog\/wp-json\/wp\/v2\/posts"}],"about":[{"href":"https:\/\/www.lawendowykredens.pl\/blog\/wp-json\/wp\/v2\/types\/post"}],"author":[{"embeddable":true,"href":"https:\/\/www.lawendowykredens.pl\/blog\/wp-json\/wp\/v2\/users\/1"}],"replies":[{"embeddable":true,"href":"https:\/\/www.lawendowykredens.pl\/blog\/wp-json\/wp\/v2\/comments?post=362"}],"version-history":[{"count":0,"href":"https:\/\/www.lawendowykredens.pl\/blog\/wp-json\/wp\/v2\/posts\/362\/revisions"}],"wp:attachment":[{"href":"https:\/\/www.lawendowykredens.pl\/blog\/wp-json\/wp\/v2\/media?parent=362"}],"wp:term":[{"taxonomy":"category","embeddable":true,"href":"https:\/\/www.lawendowykredens.pl\/blog\/wp-json\/wp\/v2\/categories?post=362"},{"taxonomy":"post_tag","embeddable":true,"href":"https:\/\/www.lawendowykredens.pl\/blog\/wp-json\/wp\/v2\/tags?post=362"}],"curies":[{"name":"wp","href":"https:\/\/api.w.org\/{rel}","templated":true}]}}