{"id":305,"date":"2012-10-31T10:26:33","date_gmt":"2012-10-31T08:26:33","guid":{"rendered":"http:\/\/lawendowykredens.blog.pl\/?p=305"},"modified":"2012-10-31T10:26:33","modified_gmt":"2012-10-31T08:26:33","slug":"wnetrze-odmienione-przez-prowansalskie-dodatki","status":"publish","type":"post","link":"https:\/\/www.lawendowykredens.pl\/blog\/wnetrze-odmienione-przez-prowansalskie-dodatki\/","title":{"rendered":"Wn\u0119trze odmienione przez prowansalskie dodatki"},"content":{"rendered":"<p>Dzi\u015b chcemy pokaza\u0107 Wam przepi\u0119kny dom, w kt\u00f3rym prowansalskie dodatki i dekoracje tworz\u0105 cudowny klimat. Mamy nadziej\u0119 dostarczy\u0107 Wam wielu ciekawych pomys\u0142\u00f3w i inspiracji na od\u015bwie\u017cenie i odmienienie Waszych wn\u0119trz, dlatego poka\u017cemy Wam tak\u017ce produkty z naszego sklepu internetowego Lawendowy Kredens, kt\u00f3re pomog\u0105 Wam ten cel osi\u0105gn\u0105\u0107. Zapraszamy do lektury : )<\/p>\n<p>&nbsp;<\/p>\n<figure id=\"attachment_306\" aria-describedby=\"caption-attachment-306\" style=\"width: 640px\" class=\"wp-caption aligncenter\"><a href=\"http:\/\/blog.lawendowykredens.pl\/wp-content\/uploads\/2012\/10\/e1.jpg\"><img decoding=\"async\" loading=\"lazy\" class=\"size-full wp-image-306\" src=\"http:\/\/blog.lawendowykredens.pl\/wp-content\/uploads\/2012\/10\/e1.jpg\" alt=\"Salon w stylu prowansalskim\" width=\"640\" height=\"392\" srcset=\"https:\/\/www.lawendowykredens.pl\/blog\/wp-content\/uploads\/2012\/10\/e1.jpg 640w, https:\/\/www.lawendowykredens.pl\/blog\/wp-content\/uploads\/2012\/10\/e1-300x184.jpg 300w\" sizes=\"(max-width: 640px) 100vw, 640px\" \/><\/a><figcaption id=\"caption-attachment-306\" class=\"wp-caption-text\">Prowansalski salon<\/figcaption><\/figure>\n<p>&nbsp;<\/p>\n<p>Zacznijmy od salonu. Wiele ludzi twierdzi, \u017ce jest to najwa\u017cniejsze miejsce ka\u017cdego domu, poniewa\u017c to w\u0142a\u015bnie tam przesiadujemy, sp\u0119dzamy czas z rodzin\u0105 i przyjmujemy go\u015bci. W tym salonie uwag\u0119 przyci\u0105gaj\u0105 liczne prowansalskie dodatki, a przede wszystkim dekoracje \u015bcienne.<\/p>\n<p>Ciekawym rozwi\u0105zaniem jest powieszenie w jednym pokoju kilku zegar\u00f3w, a  tak\u017ce postawienie na szafie i oparcie o \u015bcian\u0119 du\u017cego zegara \u015bciennego.  Poni\u017cej pokazujemy dwa zegary, dzi\u0119ki kt\u00f3rym podobny efekt b\u0119dziecie  mogli uzyska\u0107 w Waszych domach. S\u0105 to zegary Belldeco o \u015brednicy 58cm:  Wenecja Zegar Jardin Wahad\u0142o oraz Rustic Zegar Paris. Wszystkie zegary \u015bcienne dost\u0119pne w naszym sklepie mo\u017cecie natomiast obejrze\u0107 <a title=\"Zegary \u015bcienne\" href=\"http:\/\/lawendowykredens.pl\/pl\/56-zegary-scienne\" target=\"_blank\">TUTAJ<\/a>.<\/p>\n<p>&nbsp;<\/p>\n<figure id=\"attachment_308\" aria-describedby=\"caption-attachment-308\" style=\"width: 180px\" class=\"wp-caption aligncenter\"><a href=\"http:\/\/blog.lawendowykredens.pl\/wp-content\/uploads\/2012\/10\/wenecja-zegar-jardin-wahadlo.jpg\"><img decoding=\"async\" loading=\"lazy\" class=\"size-medium wp-image-308 \" src=\"http:\/\/blog.lawendowykredens.pl\/wp-content\/uploads\/2012\/10\/wenecja-zegar-jardin-wahadlo-300x297.jpg\" alt=\"Zegar Belldeco\" width=\"180\" height=\"178\" srcset=\"https:\/\/www.lawendowykredens.pl\/blog\/wp-content\/uploads\/2012\/10\/wenecja-zegar-jardin-wahadlo-300x297.jpg 300w, https:\/\/www.lawendowykredens.pl\/blog\/wp-content\/uploads\/2012\/10\/wenecja-zegar-jardin-wahadlo-100x100.jpg 100w, https:\/\/www.lawendowykredens.pl\/blog\/wp-content\/uploads\/2012\/10\/wenecja-zegar-jardin-wahadlo.jpg 640w\" sizes=\"(max-width: 180px) 100vw, 180px\" \/><\/a><figcaption id=\"caption-attachment-308\" class=\"wp-caption-text\">Wenecja Zegar Jardin Wahad\u0142o<\/figcaption><\/figure>\n<p>&nbsp;<\/p>\n<p>&nbsp;<\/p>\n<figure id=\"attachment_309\" aria-describedby=\"caption-attachment-309\" style=\"width: 180px\" class=\"wp-caption aligncenter\"><a href=\"http:\/\/blog.lawendowykredens.pl\/wp-content\/uploads\/2012\/10\/rustic-zegar-paris.jpg\"><img decoding=\"async\" loading=\"lazy\" class=\"size-medium wp-image-309 \" src=\"http:\/\/blog.lawendowykredens.pl\/wp-content\/uploads\/2012\/10\/rustic-zegar-paris-300x300.jpg\" alt=\"Zegar Belldeco\" width=\"180\" height=\"180\" srcset=\"https:\/\/www.lawendowykredens.pl\/blog\/wp-content\/uploads\/2012\/10\/rustic-zegar-paris-300x300.jpg 300w, https:\/\/www.lawendowykredens.pl\/blog\/wp-content\/uploads\/2012\/10\/rustic-zegar-paris-150x150.jpg 150w, https:\/\/www.lawendowykredens.pl\/blog\/wp-content\/uploads\/2012\/10\/rustic-zegar-paris-768x768.jpg 768w, https:\/\/www.lawendowykredens.pl\/blog\/wp-content\/uploads\/2012\/10\/rustic-zegar-paris-100x100.jpg 100w, https:\/\/www.lawendowykredens.pl\/blog\/wp-content\/uploads\/2012\/10\/rustic-zegar-paris.jpg 800w\" sizes=\"(max-width: 180px) 100vw, 180px\" \/><\/a><figcaption id=\"caption-attachment-309\" class=\"wp-caption-text\">Rustic Zegar Paris<\/figcaption><\/figure>\n<p>&nbsp;<\/p>\n<p>\u015acian\u0119 salonu zdobi\u0105 nie tylko zegary, znajduj\u0105 si\u0119 na niej tak\u017ce obrazki w stylu prowansalskim, kt\u00f3rych szeroki wyb\u00f3r znajdziecie tak\u017ce w naszym sklepie internetowym Lawendowy Kredens.<\/p>\n<p>&nbsp;<\/p>\n<figure id=\"attachment_312\" aria-describedby=\"caption-attachment-312\" style=\"width: 367px\" class=\"wp-caption aligncenter\"><a href=\"http:\/\/blog.lawendowykredens.pl\/wp-content\/uploads\/2012\/10\/bl2.jpg\"><img decoding=\"async\" loading=\"lazy\" class=\"size-full wp-image-312\" src=\"http:\/\/blog.lawendowykredens.pl\/wp-content\/uploads\/2012\/10\/bl2.jpg\" alt=\"Prowansalskie obrazki\" width=\"367\" height=\"513\" srcset=\"https:\/\/www.lawendowykredens.pl\/blog\/wp-content\/uploads\/2012\/10\/bl2.jpg 367w, https:\/\/www.lawendowykredens.pl\/blog\/wp-content\/uploads\/2012\/10\/bl2-215x300.jpg 215w\" sizes=\"(max-width: 367px) 100vw, 367px\" \/><\/a><figcaption id=\"caption-attachment-312\" class=\"wp-caption-text\">Obrazki w stylu prowansalskim<\/figcaption><\/figure>\n<p>&nbsp;<\/p>\n<p style=\"text-align: center\">Obrazek zawieszony nad komod\u0105 znajduje si\u0119 w prawdzie w drugim planie, ale w tym salonie ka\u017cdy dodatek jest wa\u017cny i niezb\u0119dny. Wszystkie dodatki tworz\u0105 pewn\u0105 ca\u0142o\u015b\u0107 oraz pewien styl. W ofercie naszego sklepu znajdziecie prowansalskie obrazki Belldeco o przer\u00f3\u017cnych wzorach. Oto jeden z nich:<\/p>\n<p>&nbsp;<\/p>\n<figure id=\"attachment_315\" aria-describedby=\"caption-attachment-315\" style=\"width: 270px\" class=\"wp-caption aligncenter\"><a href=\"http:\/\/blog.lawendowykredens.pl\/wp-content\/uploads\/2012\/10\/prowansja-obrazek-z-sentencja-11.jpg\"><img decoding=\"async\" loading=\"lazy\" class=\"size-medium wp-image-315 \" src=\"http:\/\/blog.lawendowykredens.pl\/wp-content\/uploads\/2012\/10\/prowansja-obrazek-z-sentencja-11-300x300.jpg\" alt=\"Prowansja Obrazek Belldeco\" width=\"270\" height=\"270\" srcset=\"https:\/\/www.lawendowykredens.pl\/blog\/wp-content\/uploads\/2012\/10\/prowansja-obrazek-z-sentencja-11-300x300.jpg 300w, https:\/\/www.lawendowykredens.pl\/blog\/wp-content\/uploads\/2012\/10\/prowansja-obrazek-z-sentencja-11-150x150.jpg 150w, https:\/\/www.lawendowykredens.pl\/blog\/wp-content\/uploads\/2012\/10\/prowansja-obrazek-z-sentencja-11-768x768.jpg 768w, https:\/\/www.lawendowykredens.pl\/blog\/wp-content\/uploads\/2012\/10\/prowansja-obrazek-z-sentencja-11-100x100.jpg 100w, https:\/\/www.lawendowykredens.pl\/blog\/wp-content\/uploads\/2012\/10\/prowansja-obrazek-z-sentencja-11.jpg 800w\" sizes=\"(max-width: 270px) 100vw, 270px\" \/><\/a><figcaption id=\"caption-attachment-315\" class=\"wp-caption-text\">Prowansja Obrazek z Sentencj\u0105<\/figcaption><\/figure>\n<p>&nbsp;<\/p>\n<p style=\"text-align: center\">W tym wn\u0119trzu niezwykle wa\u017cne s\u0105 detale, dlatego ch\u0119tnie poka\u017cemy Wam zbli\u017cenia na inne cz\u0119\u015bci salonu, na kt\u00f3rych lepiej wida\u0107 ogrom dodatk\u00f3w i dekoracji.<\/p>\n<p>&nbsp;<\/p>\n<figure id=\"attachment_317\" aria-describedby=\"caption-attachment-317\" style=\"width: 692px\" class=\"wp-caption aligncenter\"><a href=\"http:\/\/blog.lawendowykredens.pl\/wp-content\/uploads\/2012\/10\/bl3.jpg\"><img decoding=\"async\" loading=\"lazy\" class=\"size-full wp-image-317\" src=\"http:\/\/blog.lawendowykredens.pl\/wp-content\/uploads\/2012\/10\/bl3.jpg\" alt=\"Dodatki w stylu prowansalskim\" width=\"692\" height=\"518\" srcset=\"https:\/\/www.lawendowykredens.pl\/blog\/wp-content\/uploads\/2012\/10\/bl3.jpg 692w, https:\/\/www.lawendowykredens.pl\/blog\/wp-content\/uploads\/2012\/10\/bl3-300x225.jpg 300w\" sizes=\"(max-width: 692px) 100vw, 692px\" \/><\/a><figcaption id=\"caption-attachment-317\" class=\"wp-caption-text\">Prowansalskie dodatki<\/figcaption><\/figure>\n<p>&nbsp;<\/p>\n<p>\u017beliwne klucze, kt\u00f3re widzicie na zbli\u017ceniu znajduj\u0105cym si\u0119 po prawej stronie to bardzo efektowny dodatek. Podobne klucze znajdziecie w naszym sklepie w kategorii &#8222;Zawieszki&#8221;, kt\u00f3r\u0105 znajdziecie klikaj\u0105c <a title=\"Zawieszki\" href=\"http:\/\/lawendowykredens.pl\/pl\/30-zawieszki\" target=\"_blank\">TUTAJ<\/a>.<\/p>\n<p>&nbsp;<\/p>\n<figure id=\"attachment_318\" aria-describedby=\"caption-attachment-318\" style=\"width: 206px\" class=\"wp-caption aligncenter\"><a href=\"http:\/\/blog.lawendowykredens.pl\/wp-content\/uploads\/2012\/10\/zawieszka-klucze.jpg\"><img decoding=\"async\" loading=\"lazy\" class=\"size-medium wp-image-318 \" src=\"http:\/\/blog.lawendowykredens.pl\/wp-content\/uploads\/2012\/10\/zawieszka-klucze-294x300.jpg\" alt=\"Zawieszka klucze\" width=\"206\" height=\"210\" \/><\/a><figcaption id=\"caption-attachment-318\" class=\"wp-caption-text\">\u017beliwne klucze<\/figcaption><\/figure>\n<p>&nbsp;<\/p>\n<p style=\"text-align: center\">Uwag\u0119 przykuwaj\u0105 tak\u017ce postarzane lustra, na kt\u00f3rych tafli znajduj\u0105 si\u0119 drobne kropeczki. Dzi\u0119ki nim lustro ze zwyczajnego przedmiotu przemienia si\u0119 w klimatyczny artyku\u0142 dekoracyjny.<\/p>\n<p>&nbsp;<\/p>\n<figure id=\"attachment_320\" aria-describedby=\"caption-attachment-320\" style=\"width: 691px\" class=\"wp-caption aligncenter\"><a href=\"http:\/\/blog.lawendowykredens.pl\/wp-content\/uploads\/2012\/10\/bl4.jpg\"><img decoding=\"async\" loading=\"lazy\" class=\"size-full wp-image-320\" src=\"http:\/\/blog.lawendowykredens.pl\/wp-content\/uploads\/2012\/10\/bl4.jpg\" alt=\"Dodatki w stylu prowansalskim\" width=\"691\" height=\"511\" srcset=\"https:\/\/www.lawendowykredens.pl\/blog\/wp-content\/uploads\/2012\/10\/bl4.jpg 691w, https:\/\/www.lawendowykredens.pl\/blog\/wp-content\/uploads\/2012\/10\/bl4-300x222.jpg 300w\" sizes=\"(max-width: 691px) 100vw, 691px\" \/><\/a><figcaption id=\"caption-attachment-320\" class=\"wp-caption-text\">Prowansalskie dodatki<\/figcaption><\/figure>\n<p>&nbsp;<\/p>\n<p>TUTAJ znajdziecie lustra Belldeco pochodz\u0105ce z naszego sklepu. Cz\u0119\u015b\u0107 z nich ma jednakowo postarzan\u0105 tafl\u0119 poprzez nieregularne kropeczki. Oto jedno z nich, czyli ozdobne lustro z serii Grigio.<\/p>\n<p>&nbsp;<\/p>\n<figure id=\"attachment_321\" aria-describedby=\"caption-attachment-321\" style=\"width: 240px\" class=\"wp-caption aligncenter\"><a href=\"http:\/\/blog.lawendowykredens.pl\/wp-content\/uploads\/2012\/10\/grigio-lustro-male.jpg\"><img decoding=\"async\" loading=\"lazy\" class=\"size-medium wp-image-321 \" src=\"http:\/\/blog.lawendowykredens.pl\/wp-content\/uploads\/2012\/10\/grigio-lustro-male-300x300.jpg\" alt=\"Lustro Belldeco\" width=\"240\" height=\"240\" srcset=\"https:\/\/www.lawendowykredens.pl\/blog\/wp-content\/uploads\/2012\/10\/grigio-lustro-male-300x300.jpg 300w, https:\/\/www.lawendowykredens.pl\/blog\/wp-content\/uploads\/2012\/10\/grigio-lustro-male-150x150.jpg 150w, https:\/\/www.lawendowykredens.pl\/blog\/wp-content\/uploads\/2012\/10\/grigio-lustro-male-768x768.jpg 768w, https:\/\/www.lawendowykredens.pl\/blog\/wp-content\/uploads\/2012\/10\/grigio-lustro-male-100x100.jpg 100w, https:\/\/www.lawendowykredens.pl\/blog\/wp-content\/uploads\/2012\/10\/grigio-lustro-male.jpg 800w\" sizes=\"(max-width: 240px) 100vw, 240px\" \/><\/a><figcaption id=\"caption-attachment-321\" class=\"wp-caption-text\">Grigio Lustro Ma\u0142e<\/figcaption><\/figure>\n<p>&nbsp;<\/p>\n<p>Chcemy jeszcze pokaza\u0107 wam pozosta\u0142e wn\u0119trza z tego samego domu. Oto kolejny pok\u00f3j z drabin\u0105, po kt\u00f3rej mo\u017cna wej\u015b\u0107 do sypialni. Prowansalskie meble oraz dodatki czyni\u0105 z tych wn\u0119trz miejsce wyj\u0105tkowe, pe\u0142ne spokoju i pozytywnej energii.<a href=\"http:\/\/blog.lawendowykredens.pl\/wp-content\/uploads\/2012\/10\/bl71.jpg\"><img decoding=\"async\" loading=\"lazy\" class=\"aligncenter size-full wp-image-324\" src=\"http:\/\/blog.lawendowykredens.pl\/wp-content\/uploads\/2012\/10\/bl71.jpg\" alt=\"Wn\u0119trze w stylu prowansalskim\" width=\"690\" height=\"448\" srcset=\"https:\/\/www.lawendowykredens.pl\/blog\/wp-content\/uploads\/2012\/10\/bl71.jpg 690w, https:\/\/www.lawendowykredens.pl\/blog\/wp-content\/uploads\/2012\/10\/bl71-300x195.jpg 300w\" sizes=\"(max-width: 690px) 100vw, 690px\" \/><\/a><\/p>\n<p><a href=\"http:\/\/blog.lawendowykredens.pl\/wp-content\/uploads\/2012\/10\/bl81.jpg\"><img decoding=\"async\" loading=\"lazy\" class=\"aligncenter size-full wp-image-326\" src=\"http:\/\/blog.lawendowykredens.pl\/wp-content\/uploads\/2012\/10\/bl81.jpg\" alt=\"\" width=\"688\" height=\"490\" srcset=\"https:\/\/www.lawendowykredens.pl\/blog\/wp-content\/uploads\/2012\/10\/bl81.jpg 688w, https:\/\/www.lawendowykredens.pl\/blog\/wp-content\/uploads\/2012\/10\/bl81-300x214.jpg 300w\" sizes=\"(max-width: 688px) 100vw, 688px\" \/><\/a><\/p>\n<p><a href=\"http:\/\/blog.lawendowykredens.pl\/wp-content\/uploads\/2012\/10\/bl10.jpg\"><img decoding=\"async\" loading=\"lazy\" class=\"aligncenter size-full wp-image-327\" src=\"http:\/\/blog.lawendowykredens.pl\/wp-content\/uploads\/2012\/10\/bl10.jpg\" alt=\"Wn\u0119trze w stylu prowansalskim\" width=\"690\" height=\"522\" srcset=\"https:\/\/www.lawendowykredens.pl\/blog\/wp-content\/uploads\/2012\/10\/bl10.jpg 690w, https:\/\/www.lawendowykredens.pl\/blog\/wp-content\/uploads\/2012\/10\/bl10-300x227.jpg 300w\" sizes=\"(max-width: 690px) 100vw, 690px\" \/><\/a><br \/>\nTym wn\u0119trzom ciep\u0142a i przytulno\u015bci dodaj\u0105 g\u0142\u00f3wnie poduszki w stylu prowansalskim. Podobne prowansalskie poduszki znajdziecie w naszym sklepie w kategorii &#8222;Poduszki&#8221;. Oto niekt\u00f3re z nich:<\/p>\n<p>&nbsp;<\/p>\n<figure id=\"attachment_328\" aria-describedby=\"caption-attachment-328\" style=\"width: 300px\" class=\"wp-caption aligncenter\"><a href=\"http:\/\/blog.lawendowykredens.pl\/wp-content\/uploads\/2012\/10\/poduszka-na-krzeslo.jpg\"><img decoding=\"async\" loading=\"lazy\" class=\"size-medium wp-image-328\" src=\"http:\/\/blog.lawendowykredens.pl\/wp-content\/uploads\/2012\/10\/poduszka-na-krzeslo-300x268.jpg\" alt=\"Poduszka Belldeco\" width=\"300\" height=\"268\" \/><\/a><figcaption id=\"caption-attachment-328\" class=\"wp-caption-text\">Poduszka z ptaszkiem<\/figcaption><\/figure>\n<p>&nbsp;<\/p>\n<p>&nbsp;<\/p>\n<figure id=\"attachment_329\" aria-describedby=\"caption-attachment-329\" style=\"width: 300px\" class=\"wp-caption aligncenter\"><a href=\"http:\/\/blog.lawendowykredens.pl\/wp-content\/uploads\/2012\/10\/poduszka-kwadratowa-prowansja.jpg\"><img decoding=\"async\" loading=\"lazy\" class=\"size-medium wp-image-329\" src=\"http:\/\/blog.lawendowykredens.pl\/wp-content\/uploads\/2012\/10\/poduszka-kwadratowa-prowansja-300x300.jpg\" alt=\"Prowansalska poduszka\" width=\"300\" height=\"300\" srcset=\"https:\/\/www.lawendowykredens.pl\/blog\/wp-content\/uploads\/2012\/10\/poduszka-kwadratowa-prowansja-300x300.jpg 300w, https:\/\/www.lawendowykredens.pl\/blog\/wp-content\/uploads\/2012\/10\/poduszka-kwadratowa-prowansja-150x150.jpg 150w, https:\/\/www.lawendowykredens.pl\/blog\/wp-content\/uploads\/2012\/10\/poduszka-kwadratowa-prowansja-768x768.jpg 768w, https:\/\/www.lawendowykredens.pl\/blog\/wp-content\/uploads\/2012\/10\/poduszka-kwadratowa-prowansja-100x100.jpg 100w, https:\/\/www.lawendowykredens.pl\/blog\/wp-content\/uploads\/2012\/10\/poduszka-kwadratowa-prowansja.jpg 800w\" sizes=\"(max-width: 300px) 100vw, 300px\" \/><\/a><figcaption id=\"caption-attachment-329\" class=\"wp-caption-text\">Poduszka z napisami<\/figcaption><\/figure>\n<p>&nbsp;<\/p>\n<p>&nbsp;<\/p>\n<figure id=\"attachment_330\" aria-describedby=\"caption-attachment-330\" style=\"width: 300px\" class=\"wp-caption aligncenter\"><a href=\"http:\/\/blog.lawendowykredens.pl\/wp-content\/uploads\/2012\/10\/poduszka-biala-paris.jpg\"><img decoding=\"async\" loading=\"lazy\" class=\"size-medium wp-image-330\" src=\"http:\/\/blog.lawendowykredens.pl\/wp-content\/uploads\/2012\/10\/poduszka-biala-paris-300x300.jpg\" alt=\"Poduszka Paris\" width=\"300\" height=\"300\" srcset=\"https:\/\/www.lawendowykredens.pl\/blog\/wp-content\/uploads\/2012\/10\/poduszka-biala-paris-300x300.jpg 300w, https:\/\/www.lawendowykredens.pl\/blog\/wp-content\/uploads\/2012\/10\/poduszka-biala-paris-150x150.jpg 150w, https:\/\/www.lawendowykredens.pl\/blog\/wp-content\/uploads\/2012\/10\/poduszka-biala-paris-768x768.jpg 768w, https:\/\/www.lawendowykredens.pl\/blog\/wp-content\/uploads\/2012\/10\/poduszka-biala-paris-100x100.jpg 100w, https:\/\/www.lawendowykredens.pl\/blog\/wp-content\/uploads\/2012\/10\/poduszka-biala-paris.jpg 800w\" sizes=\"(max-width: 300px) 100vw, 300px\" \/><\/a><figcaption id=\"caption-attachment-330\" class=\"wp-caption-text\">Poduszka Paris<\/figcaption><\/figure>\n<p>&nbsp;<\/p>\n","protected":false},"excerpt":{"rendered":"<p>Dzi\u015b chcemy pokaza\u0107 Wam przepi\u0119kny dom, w kt\u00f3rym prowansalskie dodatki i dekoracje tworz\u0105 cudowny klimat. Mamy nadziej\u0119 dostarczy\u0107 Wam wielu ciekawych pomys\u0142\u00f3w i inspiracji na od\u015bwie\u017cenie i odmienienie Waszych wn\u0119trz, dlatego poka\u017cemy Wam tak\u017ce produkty z naszego sklepu internetowego Lawendowy Kredens, kt\u00f3re pomog\u0105 Wam ten cel osi\u0105gn\u0105\u0107. Zapraszamy do lektury : ) &nbsp; &nbsp; Zacznijmy &hellip; <a href=\"https:\/\/www.lawendowykredens.pl\/blog\/wnetrze-odmienione-przez-prowansalskie-dodatki\/\" class=\"more-link\">Czytaj dalej <span class=\"screen-reader-text\">Wn\u0119trze odmienione przez prowansalskie dodatki<\/span><\/a><\/p>\n","protected":false},"author":1,"featured_media":0,"comment_status":"open","ping_status":"open","sticky":false,"template":"","format":"standard","meta":[],"categories":[2],"tags":[37,137,183],"_links":{"self":[{"href":"https:\/\/www.lawendowykredens.pl\/blog\/wp-json\/wp\/v2\/posts\/305"}],"collection":[{"href":"https:\/\/www.lawendowykredens.pl\/blog\/wp-json\/wp\/v2\/posts"}],"about":[{"href":"https:\/\/www.lawendowykredens.pl\/blog\/wp-json\/wp\/v2\/types\/post"}],"author":[{"embeddable":true,"href":"https:\/\/www.lawendowykredens.pl\/blog\/wp-json\/wp\/v2\/users\/1"}],"replies":[{"embeddable":true,"href":"https:\/\/www.lawendowykredens.pl\/blog\/wp-json\/wp\/v2\/comments?post=305"}],"version-history":[{"count":0,"href":"https:\/\/www.lawendowykredens.pl\/blog\/wp-json\/wp\/v2\/posts\/305\/revisions"}],"wp:attachment":[{"href":"https:\/\/www.lawendowykredens.pl\/blog\/wp-json\/wp\/v2\/media?parent=305"}],"wp:term":[{"taxonomy":"category","embeddable":true,"href":"https:\/\/www.lawendowykredens.pl\/blog\/wp-json\/wp\/v2\/categories?post=305"},{"taxonomy":"post_tag","embeddable":true,"href":"https:\/\/www.lawendowykredens.pl\/blog\/wp-json\/wp\/v2\/tags?post=305"}],"curies":[{"name":"wp","href":"https:\/\/api.w.org\/{rel}","templated":true}]}}