{"id":290,"date":"2012-10-28T09:10:17","date_gmt":"2012-10-28T07:10:17","guid":{"rendered":"http:\/\/lawendowykredens.blog.pl\/?p=290"},"modified":"2012-10-28T09:10:17","modified_gmt":"2012-10-28T07:10:17","slug":"stary-mlyn-w-roli-stylowego-prowansalskiego-domu","status":"publish","type":"post","link":"https:\/\/www.lawendowykredens.pl\/blog\/stary-mlyn-w-roli-stylowego-prowansalskiego-domu\/","title":{"rendered":"Stary m\u0142yn w roli stylowego, prowansalskiego domu"},"content":{"rendered":"<p>Uwierzycie, \u017ce ten stylowy, prowansalski dom to zaadoptowany stary m\u0142yn? W\u0142a\u015bcicielka domu to pewna francuska artystka, kt\u00f3ra postawi\u0142a na meble prowansalskie, drewno, naturalne materia\u0142y, ciekawe kolory oraz liczne prowansalskie dekoracje oraz dodatki. W ten spos\u00f3b uda\u0142o si\u0119 jej przemieni\u0107 stary, niedzia\u0142aj\u0105cy ju\u017c m\u0142yn na pe\u0142en klimatu i ciep\u0142a rodzinny dom. Sami zobaczcie!<\/p>\n<div class=\"mceTemp mceIEcenter\">\n<dl>\n<dd>\n<figure id=\"attachment_303\" aria-describedby=\"caption-attachment-303\" style=\"width: 669px\" class=\"wp-caption aligncenter\"><a href=\"http:\/\/blog.lawendowykredens.pl\/wp-content\/uploads\/2012\/10\/qw21.jpg\"><img decoding=\"async\" loading=\"lazy\" class=\"size-full wp-image-303\" src=\"http:\/\/blog.lawendowykredens.pl\/wp-content\/uploads\/2012\/10\/qw21.jpg\" alt=\"Prowansalski salon\" width=\"669\" height=\"499\" srcset=\"https:\/\/www.lawendowykredens.pl\/blog\/wp-content\/uploads\/2012\/10\/qw21.jpg 669w, https:\/\/www.lawendowykredens.pl\/blog\/wp-content\/uploads\/2012\/10\/qw21-300x224.jpg 300w\" sizes=\"(max-width: 669px) 100vw, 669px\" \/><\/a><figcaption id=\"caption-attachment-303\" class=\"wp-caption-text\">Salon w stylu prowansalskim<\/figcaption><\/figure>\n<\/dd>\n<\/dl>\n<\/div>\n<p>Salon domu to chyba najbardziej stonowane miejsce w ca\u0142ym domu. Nie  pojawiaj\u0105 si\u0119 w nim mocne kolory ani mocno postarzane meble  prowansalskie. W salonie w\u0142a\u015bciciel domu zdecydowa\u0142 si\u0119 na jednolite  kolory, drewno oraz prowansalskie dodatki. \u015awietnie wygl\u0105daj\u0105 trzy  powieszone obok siebie lustra, a ziele\u0144 za oknami z pewno\u015bci\u0105 dodaje  salonowi uroku. Salon oceniamy na pi\u0105tk\u0119 i wierzymy, \u017ce jest miejscem  sprzyjaj\u0105cym relaksowi i wypoczynkowi.<\/p>\n<p>&nbsp;<\/p>\n<figure id=\"attachment_293\" aria-describedby=\"caption-attachment-293\" style=\"width: 669px\" class=\"wp-caption aligncenter\"><a href=\"http:\/\/blog.lawendowykredens.pl\/wp-content\/uploads\/2012\/10\/qw3.jpg\"><img decoding=\"async\" loading=\"lazy\" class=\"size-full wp-image-293\" src=\"http:\/\/blog.lawendowykredens.pl\/wp-content\/uploads\/2012\/10\/qw3.jpg\" alt=\"Prowansalska jadalnia\" width=\"669\" height=\"499\" srcset=\"https:\/\/www.lawendowykredens.pl\/blog\/wp-content\/uploads\/2012\/10\/qw3.jpg 669w, https:\/\/www.lawendowykredens.pl\/blog\/wp-content\/uploads\/2012\/10\/qw3-300x224.jpg 300w\" sizes=\"(max-width: 669px) 100vw, 669px\" \/><\/a><figcaption id=\"caption-attachment-293\" class=\"wp-caption-text\">Jadalnia w stylu prowansalskim<\/figcaption><\/figure>\n<p>&nbsp;<\/p>\n<p>Oto jadalnia , nieco bardziej stylizowana ni\u017c jasny salon. Drewno znajduj\u0105ce si\u0119 w tej jadalni jest ciekawie postarzane w stylu shabby chic. Uroku dodaj\u0105 prowansalskie dodatki, jak na przyk\u0142ad du\u017cy, opadaj\u0105cy na pod\u0142og\u0119 obrus czy du\u017cy \u017cyrandol. Naszym zdaniem niezwykle pozytywnym akcentem s\u0105 tutaj r\u00f3\u017cowe, ci\u0119te kwiaty. Jednak najbardziej rzucaj\u0105 si\u0119 w oczy belki stropowe, kt\u00f3re zosta\u0142y pomalowane na bia\u0142y, przecierany kolor.<\/p>\n<p>&nbsp;<\/p>\n<figure id=\"attachment_295\" aria-describedby=\"caption-attachment-295\" style=\"width: 669px\" class=\"wp-caption aligncenter\"><a href=\"http:\/\/blog.lawendowykredens.pl\/wp-content\/uploads\/2012\/10\/qw1.jpg\"><img decoding=\"async\" loading=\"lazy\" class=\"size-full wp-image-295\" src=\"http:\/\/blog.lawendowykredens.pl\/wp-content\/uploads\/2012\/10\/qw1.jpg\" alt=\"Salon w stylu prowansalskim\" width=\"669\" height=\"499\" srcset=\"https:\/\/www.lawendowykredens.pl\/blog\/wp-content\/uploads\/2012\/10\/qw1.jpg 669w, https:\/\/www.lawendowykredens.pl\/blog\/wp-content\/uploads\/2012\/10\/qw1-300x224.jpg 300w\" sizes=\"(max-width: 669px) 100vw, 669px\" \/><\/a><figcaption id=\"caption-attachment-295\" class=\"wp-caption-text\">Salon w stylu prowansalskim<\/figcaption><\/figure>\n<p>&nbsp;<\/p>\n<p>Ten salon, b\u0119d\u0105cy jednocze\u015bnie przedpokojem jest ju\u017c bardziej kolorowe. Pojawiaj\u0105 si\u0119 w nim intensywne czerwienie, a klimatu dodaj\u0105 stare drewniane drzwi w roli dekoracji \u015bciennych, kt\u00f3re znajduj\u0105 si\u0119 za sof\u0105. Ciekawie wygl\u0105daj\u0105 niezobowi\u0105zuj\u0105co dobrane meble prowansalskie. R\u00f3\u017cni\u0105 si\u0119 mi\u0119dzy sob\u0105 nie tylko kolorami, ale tak\u017ce stylistyk\u0105.<\/p>\n<p>&nbsp;<\/p>\n<figure id=\"attachment_297\" aria-describedby=\"caption-attachment-297\" style=\"width: 669px\" class=\"wp-caption aligncenter\"><a href=\"http:\/\/blog.lawendowykredens.pl\/wp-content\/uploads\/2012\/10\/qw5.jpg\"><img decoding=\"async\" loading=\"lazy\" class=\"size-full wp-image-297\" src=\"http:\/\/blog.lawendowykredens.pl\/wp-content\/uploads\/2012\/10\/qw5.jpg\" alt=\"Kuchnia\" width=\"669\" height=\"499\" srcset=\"https:\/\/www.lawendowykredens.pl\/blog\/wp-content\/uploads\/2012\/10\/qw5.jpg 669w, https:\/\/www.lawendowykredens.pl\/blog\/wp-content\/uploads\/2012\/10\/qw5-300x224.jpg 300w\" sizes=\"(max-width: 669px) 100vw, 669px\" \/><\/a><figcaption id=\"caption-attachment-297\" class=\"wp-caption-text\">Kuchnia<\/figcaption><\/figure>\n<p>&nbsp;<\/p>\n<p>A\u017c trudno uwierzy\u0107, \u017ce t\u0119 kuchni\u0119 zaaran\u017cowa\u0142a ta sama osoba, kt\u00f3ra w pokoju dziennym zdecydowa\u0142a si\u0119 na biele i stonowane barwy. Nie tylko intensywne kolory, ale tak\u017ce proste, nieco odbiegaj\u0105ce od stylu prowansalskiego meble to to, co odr\u00f3\u017cnia t\u0119 kuchni\u0119 od reszty domu. Bardzo klimatycznie zagospodarowana zosta\u0142a jedna \u015bciana kuchni, znajduj\u0105ca si\u0119 po lewej stronie, kt\u00f3rej zdj\u0119cie pokazujemy poni\u017cej.<\/p>\n<p>&nbsp;<\/p>\n<figure id=\"attachment_298\" aria-describedby=\"caption-attachment-298\" style=\"width: 669px\" class=\"wp-caption aligncenter\"><a href=\"http:\/\/blog.lawendowykredens.pl\/wp-content\/uploads\/2012\/10\/qw4.jpg\"><img decoding=\"async\" loading=\"lazy\" class=\"size-full wp-image-298\" src=\"http:\/\/blog.lawendowykredens.pl\/wp-content\/uploads\/2012\/10\/qw4.jpg\" alt=\"\u015aciana w kuchni\" width=\"669\" height=\"499\" srcset=\"https:\/\/www.lawendowykredens.pl\/blog\/wp-content\/uploads\/2012\/10\/qw4.jpg 669w, https:\/\/www.lawendowykredens.pl\/blog\/wp-content\/uploads\/2012\/10\/qw4-300x224.jpg 300w\" sizes=\"(max-width: 669px) 100vw, 669px\" \/><\/a><figcaption id=\"caption-attachment-298\" class=\"wp-caption-text\">\u015aciana w kuchni<\/figcaption><\/figure>\n<p>&nbsp;<\/p>\n<p>Po raz kolejny przekonujemy si\u0119, \u017ce obrazy i obrazki o r\u00f3\u017cnych kolorach i wymiarach mog\u0105 zosta\u0107 powieszone obok siebie. Wygl\u0105da to niezwykle klimatycznie.<\/p>\n<p>&nbsp;<\/p>\n<figure id=\"attachment_299\" aria-describedby=\"caption-attachment-299\" style=\"width: 669px\" class=\"wp-caption aligncenter\"><a href=\"http:\/\/blog.lawendowykredens.pl\/wp-content\/uploads\/2012\/10\/qw7.jpg\"><img decoding=\"async\" loading=\"lazy\" class=\"size-full wp-image-299\" src=\"http:\/\/blog.lawendowykredens.pl\/wp-content\/uploads\/2012\/10\/qw7.jpg\" alt=\"Prowansalska \u0142azienka\" width=\"669\" height=\"499\" srcset=\"https:\/\/www.lawendowykredens.pl\/blog\/wp-content\/uploads\/2012\/10\/qw7.jpg 669w, https:\/\/www.lawendowykredens.pl\/blog\/wp-content\/uploads\/2012\/10\/qw7-300x224.jpg 300w\" sizes=\"(max-width: 669px) 100vw, 669px\" \/><\/a><figcaption id=\"caption-attachment-299\" class=\"wp-caption-text\">\u0141azienka w stylu prowansalskim<\/figcaption><\/figure>\n<p>&nbsp;<\/p>\n<p>Ostatnim wn\u0119trzem w tym domu, kt\u00f3re chcemy Wam pokaza\u0107 jest ta prowansalska \u0142azienka. W\u0142a\u015bcicielka zdecydowa\u0142a si\u0119 pomalowa\u0107 w niej deski stropowe na kolor szary, pasuj\u0105cy do szarych front\u00f3w szuflad postawionego przy wannie mebla. W tej \u0142azience najbardziej przypad\u0142 nam do gustu rega\u0142 z postarzanymi szufladami otwieranymi na tzw. aptekarskie uchwyty. Nasz\u0105 uwag\u0119 przyku\u0142o tak\u017ce lustro stylizowane na drewniane okno, kt\u00f3re znajduje si\u0119 za wann\u0105.<\/p>\n","protected":false},"excerpt":{"rendered":"<p>Uwierzycie, \u017ce ten stylowy, prowansalski dom to zaadoptowany stary m\u0142yn? W\u0142a\u015bcicielka domu to pewna francuska artystka, kt\u00f3ra postawi\u0142a na meble prowansalskie, drewno, naturalne materia\u0142y, ciekawe kolory oraz liczne prowansalskie dekoracje oraz dodatki. W ten spos\u00f3b uda\u0142o si\u0119 jej przemieni\u0107 stary, niedzia\u0142aj\u0105cy ju\u017c m\u0142yn na pe\u0142en klimatu i ciep\u0142a rodzinny dom. Sami zobaczcie! Salon domu to &hellip; <a href=\"https:\/\/www.lawendowykredens.pl\/blog\/stary-mlyn-w-roli-stylowego-prowansalskiego-domu\/\" class=\"more-link\">Czytaj dalej <span class=\"screen-reader-text\">Stary m\u0142yn w roli stylowego, prowansalskiego domu<\/span><\/a><\/p>\n","protected":false},"author":1,"featured_media":0,"comment_status":"open","ping_status":"open","sticky":false,"template":"","format":"standard","meta":[],"categories":[2],"tags":[137,182,183],"_links":{"self":[{"href":"https:\/\/www.lawendowykredens.pl\/blog\/wp-json\/wp\/v2\/posts\/290"}],"collection":[{"href":"https:\/\/www.lawendowykredens.pl\/blog\/wp-json\/wp\/v2\/posts"}],"about":[{"href":"https:\/\/www.lawendowykredens.pl\/blog\/wp-json\/wp\/v2\/types\/post"}],"author":[{"embeddable":true,"href":"https:\/\/www.lawendowykredens.pl\/blog\/wp-json\/wp\/v2\/users\/1"}],"replies":[{"embeddable":true,"href":"https:\/\/www.lawendowykredens.pl\/blog\/wp-json\/wp\/v2\/comments?post=290"}],"version-history":[{"count":0,"href":"https:\/\/www.lawendowykredens.pl\/blog\/wp-json\/wp\/v2\/posts\/290\/revisions"}],"wp:attachment":[{"href":"https:\/\/www.lawendowykredens.pl\/blog\/wp-json\/wp\/v2\/media?parent=290"}],"wp:term":[{"taxonomy":"category","embeddable":true,"href":"https:\/\/www.lawendowykredens.pl\/blog\/wp-json\/wp\/v2\/categories?post=290"},{"taxonomy":"post_tag","embeddable":true,"href":"https:\/\/www.lawendowykredens.pl\/blog\/wp-json\/wp\/v2\/tags?post=290"}],"curies":[{"name":"wp","href":"https:\/\/api.w.org\/{rel}","templated":true}]}}