{"id":2373,"date":"2023-11-17T10:28:27","date_gmt":"2023-11-17T09:28:27","guid":{"rendered":"https:\/\/www.lawendowykredens.pl\/blog\/?p=2373"},"modified":"2023-11-17T10:28:30","modified_gmt":"2023-11-17T09:28:30","slug":"bawelniane-obrusy-od-clayre-eef","status":"publish","type":"post","link":"https:\/\/www.lawendowykredens.pl\/blog\/bawelniane-obrusy-od-clayre-eef\/","title":{"rendered":"Bawe\u0142niane obrusy od Clayre &amp; Eef"},"content":{"rendered":"\n<p><\/p>\n\n\n\n<p class=\"has-text-align-center\">W \u015bwiecie aran\u017cacji wn\u0119trz detale odgrywaj\u0105 kluczow\u0105 rol\u0119, definiuj\u0105c charakter przestrzeni i tworz\u0105c wyj\u0105tkow\u0105 atmosfer\u0119. W tym kontek\u015bcie <strong><a href=\"https:\/\/www.lawendowykredens.pl\/380-obrusy\" target=\"_blank\" rel=\"noreferrer noopener\">bawe\u0142niane obrusy staj\u0105 si\u0119 nie tylko praktycznym elementem wyposa\u017cenia<\/a><\/strong>, ale tak\u017ce subtelno\u015bci\u0105, kt\u00f3ra potrafi odmieni\u0107 ka\u017cd\u0105 okazj\u0119 i codzienny posi\u0142ek. Marka Clayre &amp; Eef, znana ze swojej pasji do rzemios\u0142a i unikalnego designu, prezentuje kolekcj\u0119 bawe\u0142nianych obrus\u00f3w, kt\u00f3re nie tylko chroni\u0105 powierzchni\u0119 sto\u0142u, ale r\u00f3wnie\u017c wprowadzaj\u0105 do domowego otoczenia niepowtarzalny urok naturalnej elegancji. W tym artykule przyjrzymy si\u0119 bli\u017cej bogactwu i wyj\u0105tkowo\u015bci bawe\u0142nianych obrus\u00f3w od Clayre &amp; Eef, odkrywaj\u0105c, jak te delikatne dodatki mog\u0105 sta\u0107 si\u0119 kluczowym elementem harmonijnej aran\u017cacji sto\u0142u.<\/p>\n\n\n\n<figure class=\"wp-block-image aligncenter size-full\"><a href=\"https:\/\/www.lawendowykredens.pl\/obrusy\/17133986-obrus-prowansalski.html\" target=\"_blank\" rel=\"noreferrer noopener\"><img decoding=\"async\" loading=\"lazy\" width=\"458\" height=\"458\" src=\"https:\/\/www.lawendowykredens.pl\/blog\/wp-content\/uploads\/2023\/11\/obrus-prowansalski.jpg\" alt=\"Obrus prowansalski w kwiatowe wzory upi\u0119kszy Twoj\u0105 kuchni\u0119 lepiej ni\u017c tysi\u0105c dodatk\u00f3w.\n\" class=\"wp-image-2374\" srcset=\"https:\/\/www.lawendowykredens.pl\/blog\/wp-content\/uploads\/2023\/11\/obrus-prowansalski.jpg 458w, https:\/\/www.lawendowykredens.pl\/blog\/wp-content\/uploads\/2023\/11\/obrus-prowansalski-300x300.jpg 300w, https:\/\/www.lawendowykredens.pl\/blog\/wp-content\/uploads\/2023\/11\/obrus-prowansalski-150x150.jpg 150w\" sizes=\"(max-width: 458px) 100vw, 458px\" \/><\/a><\/figure>\n\n\n\n<h2 class=\"wp-block-heading has-text-align-center\">Okr\u0105g\u0142e obrusy bawe\u0142niane<\/h2>\n\n\n\n<p class=\"has-text-align-center\">Okr\u0105g\u0142e obrusy bawe\u0142niane w stylu prowansalskim, stworzone przez renomowan\u0105 holendersk\u0105 mark\u0119 Clayre &amp; Eef, to nie tylko funkcjonalne elementy wyposa\u017cenia, ale prawdziwe dzie\u0142a sztuki, kt\u00f3re przenosz\u0105 nas do magicznego \u015bwiata francuskiego prowansalskiego klimatu. Doskona\u0142a jako\u015b\u0107, pi\u0119kne wzory z motywem kwiat\u00f3w, ptak\u00f3w i natury sprawiaj\u0105, \u017ce te obrusy s\u0105 niezwykle wyj\u0105tkowe.<\/p>\n\n\n<div class=\"wp-block-image\">\n<figure class=\"aligncenter size-full\"><a href=\"https:\/\/www.lawendowykredens.pl\/obrusy\/17133686-obrus-w-stylu-prowansalskim.html\" target=\"_blank\" rel=\"noreferrer noopener\"><img decoding=\"async\" loading=\"lazy\" width=\"458\" height=\"458\" src=\"https:\/\/www.lawendowykredens.pl\/blog\/wp-content\/uploads\/2023\/11\/obrus-w-stylu-prowansalskim.webp\" alt=\"Obrus prowanslaski z kolorowymi kwiatami na b\u0142\u0119kitnym tle to doskona\u0142a propozycja do Twojej kuchni.\" class=\"wp-image-2375\" srcset=\"https:\/\/www.lawendowykredens.pl\/blog\/wp-content\/uploads\/2023\/11\/obrus-w-stylu-prowansalskim.webp 458w, https:\/\/www.lawendowykredens.pl\/blog\/wp-content\/uploads\/2023\/11\/obrus-w-stylu-prowansalskim-300x300.webp 300w, https:\/\/www.lawendowykredens.pl\/blog\/wp-content\/uploads\/2023\/11\/obrus-w-stylu-prowansalskim-150x150.webp 150w\" sizes=\"(max-width: 458px) 100vw, 458px\" \/><\/a><\/figure><\/div>\n\n\n<p class=\"has-text-align-center\">Ka\u017cdy detal obrusu jest starannie przemy\u015blany, podkre\u015blaj\u0105c charakterystyczny dla stylu prowansalskiego urok. Marka Clayre &amp; Eef zdaje si\u0119 doskonale rozumie\u0107 subtelno\u015bci tego nurtu, tworz\u0105c kolekcj\u0119, kt\u00f3ra emanuje delikatno\u015bci\u0105 i romantyzmem. Kwiatowe motywy, subtelne ptaki i pe\u0142ne harmonii elementy natury tworz\u0105 niezwyk\u0142y, sielski nastr\u00f3j na ka\u017cdym stole.<\/p>\n\n\n<div class=\"wp-block-image\">\n<figure class=\"aligncenter size-full\"><a href=\"https:\/\/www.lawendowykredens.pl\/obrusy\/17133686-obrus-w-stylu-prowansalskim.html\" target=\"_blank\" rel=\"noreferrer noopener\"><img decoding=\"async\" loading=\"lazy\" width=\"458\" height=\"458\" src=\"https:\/\/www.lawendowykredens.pl\/blog\/wp-content\/uploads\/2023\/11\/bawelniany-obrus.webp\" alt=\"Bawe\u0142niany obrus z motywem zaj\u0105c\u00f3w to idealny wyb\u00f3r na \u015bwi\u0119ta Wielkanocne i nie tylko!\" class=\"wp-image-2376\" srcset=\"https:\/\/www.lawendowykredens.pl\/blog\/wp-content\/uploads\/2023\/11\/bawelniany-obrus.webp 458w, https:\/\/www.lawendowykredens.pl\/blog\/wp-content\/uploads\/2023\/11\/bawelniany-obrus-300x300.webp 300w, https:\/\/www.lawendowykredens.pl\/blog\/wp-content\/uploads\/2023\/11\/bawelniany-obrus-150x150.webp 150w\" sizes=\"(max-width: 458px) 100vw, 458px\" \/><\/a><\/figure><\/div>\n\n\n<p class=\"has-text-align-center\">Co wyr\u00f3\u017cnia te okr\u0105g\u0142e obrusy to nie tylko ich estetyka, ale tak\u017ce praktyczno\u015b\u0107 i wytrzyma\u0142o\u015b\u0107. Wyprodukowane z najwy\u017cszej jako\u015bci bawe\u0142ny, s\u0105 nie tylko przyjemne w dotyku, ale r\u00f3wnie\u017c \u0142atwe w utrzymaniu. Du\u017cy wyb\u00f3r wzor\u00f3w pozwala dostosowa\u0107 obrus do indywidualnych preferencji, co sprawia, \u017ce ka\u017cdy mo\u017ce znale\u017a\u0107 co\u015b idealnego dla siebie. Dodaj\u0105c do tego holenderskie rzemios\u0142o, Clayre &amp; Eef oferuje nie tylko produkty, ale prawdziwe dzie\u0142a sztuki, kt\u00f3re wnios\u0105 do ka\u017cdego domu nutk\u0119 francuskiego uroku. Obrusy bawe\u0142niane w stylu prowansalskim to zaproszenie do stworzenia wyj\u0105tkowej atmosfery, gdzie codzienne posi\u0142ki zamieniaj\u0105 si\u0119 w eleganckie przyj\u0119cie w ogrodzie pe\u0142nym kwiat\u00f3w i delikatnych szmer\u00f3w natury.<\/p>\n\n\n\n<h2 class=\"wp-block-heading has-text-align-center\">Prowansalskie obrusy w owoce<\/h2>\n\n\n\n<p class=\"has-text-align-center\">Obrusy bawe\u0142niane w stylu prowansalskim, ozdobione malowniczymi wzorami owoc\u00f3w, stanowi\u0105 urokliwe po\u0142\u0105czenie elegancji i \u015bwie\u017co\u015bci. Produkowane z doskona\u0142ej jako\u015bci bawe\u0142ny, te wyj\u0105tkowe obrusy nie tylko doskonale prezentuj\u0105 si\u0119 w prowansalskich kuchniach, ale tak\u017ce nadaj\u0105 niepowtarzalny klimat klimatycznym restauracjom.<\/p>\n\n\n<div class=\"wp-block-image\">\n<figure class=\"aligncenter size-full\"><img decoding=\"async\" loading=\"lazy\" width=\"458\" height=\"458\" src=\"https:\/\/www.lawendowykredens.pl\/blog\/wp-content\/uploads\/2023\/11\/bawelniany-obrus-1.webp\" alt=\"Bawe\u0142niany obrus z motywem soczystych cytryn prowansalskich spodoba si\u0119 mi\u0142o\u015bnikom Prowansji.\" class=\"wp-image-2377\" srcset=\"https:\/\/www.lawendowykredens.pl\/blog\/wp-content\/uploads\/2023\/11\/bawelniany-obrus-1.webp 458w, https:\/\/www.lawendowykredens.pl\/blog\/wp-content\/uploads\/2023\/11\/bawelniany-obrus-1-300x300.webp 300w, https:\/\/www.lawendowykredens.pl\/blog\/wp-content\/uploads\/2023\/11\/bawelniany-obrus-1-150x150.webp 150w\" sizes=\"(max-width: 458px) 100vw, 458px\" \/><\/figure><\/div>\n\n\n<p class=\"has-text-align-center\">Zapewniaj\u0105c nie tylko funkcjonalno\u015b\u0107, lecz tak\u017ce estetyk\u0119, obrusy te przenosz\u0105 nas do s\u0142onecznych winnic i malowniczych ogrod\u00f3w po\u0142udniowej Francji. Motywy owocowe, takie jak soczyste wi\u015bnie, s\u0142odkie brzoskwinie czy aromatyczne winogrona, dodaj\u0105 wn\u0119trzom charakterystycznego dla prowansalskiego stylu uroku i rado\u015bci. Doskona\u0142a jako\u015b\u0107 u\u017cytej bawe\u0142ny sprawia, \u017ce obrusy te s\u0105 nie tylko mi\u0142e w dotyku, ale tak\u017ce trwa\u0142e i \u0142atwe w utrzymaniu. Ich uniwersalny design sprawia, \u017ce idealnie komponuj\u0105 si\u0119 zar\u00f3wno z klasycznym prowansalskim wystrojem kuchni, jak i z atmosfer\u0105 klimatycznych restauracji, przenosz\u0105c go\u015bci w podr\u00f3\u017c do po\u0142udniowej Francji.<\/p>\n\n\n<div class=\"wp-block-image\">\n<figure class=\"aligncenter size-full\"><a href=\"https:\/\/www.lawendowykredens.pl\/obrusy\/17133686-obrus-w-stylu-prowansalskim.html\" target=\"_blank\" rel=\"noreferrer noopener\"><img decoding=\"async\" loading=\"lazy\" width=\"458\" height=\"458\" src=\"https:\/\/www.lawendowykredens.pl\/blog\/wp-content\/uploads\/2023\/11\/obrus-w-kratke.webp\" alt=\"Bawe\u0142niany obrus  w czerwon\u0105 kratk\u0119 z motywem soczystych jab\u0142ek.\" class=\"wp-image-2378\" srcset=\"https:\/\/www.lawendowykredens.pl\/blog\/wp-content\/uploads\/2023\/11\/obrus-w-kratke.webp 458w, https:\/\/www.lawendowykredens.pl\/blog\/wp-content\/uploads\/2023\/11\/obrus-w-kratke-300x300.webp 300w, https:\/\/www.lawendowykredens.pl\/blog\/wp-content\/uploads\/2023\/11\/obrus-w-kratke-150x150.webp 150w\" sizes=\"(max-width: 458px) 100vw, 458px\" \/><\/a><\/figure><\/div>\n\n\n<p class=\"has-text-align-center\">Obrusy bawe\u0142niane z owocowymi wzorami to nie tylko praktyczny element wyposa\u017cenia, lecz r\u00f3wnie\u017c wyraz artystycznego podej\u015bcia do aran\u017cacji przestrzeni. Dzi\u0119ki nim, codzienne posi\u0142ki nabieraj\u0105 nowego wymiaru, a otoczenie nabiera \u015bwie\u017co\u015bci i smaku \u015br\u00f3dziemnomorskiego stylu \u017cycia.<\/p>\n\n\n\n<h2 class=\"wp-block-heading has-text-align-center\">Prowansalskie obrusy w krat\u0119<\/h2>\n\n\n\n<p class=\"has-text-align-center\">Prowansalskie obrusy w krat\u0119 od renomowanej marki Clayre &amp; Eef to po\u0142\u0105czenie wiejskiego uroku i elegancji, kt\u00f3re dodaj\u0105 wyj\u0105tkowego charakteru ka\u017cdemu sto\u0142u. Dost\u0119pne w dw\u00f3ch wariantach kolorystycznych, czerwonej i zielonej kraty, te subtelnego wzornictwa dodatki wnios\u0105 do Twojej przestrzeni nutk\u0119 \u015br\u00f3dziemnomorskiego klimatu. Czerwona krata to wyb\u00f3r nasycony, kt\u00f3ry nadaje pomieszczeniu ciep\u0142a i energii. Obrus w tej kolorystyce wspaniale wsp\u00f3\u0142gra z rustykalnymi meblami, a zarazem subtelnie podkre\u015bla klasyczny prowansalski design. Jest idealnym wyborem zar\u00f3wno na rodzinne \u015bniadania, jak i romantyczne kolacje przy \u015bwiecach.<\/p>\n\n\n<div class=\"wp-block-image\">\n<figure class=\"aligncenter size-full\"><img decoding=\"async\" loading=\"lazy\" width=\"458\" height=\"458\" src=\"https:\/\/www.lawendowykredens.pl\/blog\/wp-content\/uploads\/2023\/11\/tablecloth.webp\" alt=\"Bawe\u0142niany obrus w niebiesk\u0105 krat\u0119 jest dodatkowo zdobiony wzorem z oliwkami.\" class=\"wp-image-2379\" srcset=\"https:\/\/www.lawendowykredens.pl\/blog\/wp-content\/uploads\/2023\/11\/tablecloth.webp 458w, https:\/\/www.lawendowykredens.pl\/blog\/wp-content\/uploads\/2023\/11\/tablecloth-300x300.webp 300w, https:\/\/www.lawendowykredens.pl\/blog\/wp-content\/uploads\/2023\/11\/tablecloth-150x150.webp 150w\" sizes=\"(max-width: 458px) 100vw, 458px\" \/><\/figure><\/div>\n\n\n<p class=\"has-text-align-center\">Z kolei zielona krata wprowadza do wn\u0119trza \u015bwie\u017co\u015b\u0107 natury, emanuj\u0105c spokojem i harmoni\u0105. Obrus w odcieniach zieleni doskonale komponuje si\u0119 z naturalnymi materia\u0142ami, takimi jak drewno czy wiklina, tworz\u0105c atmosfer\u0119 letniego ogrodu we wn\u0119trzu. To idealny wyb\u00f3r dla mi\u0142o\u015bnik\u00f3w prostoty i blisko\u015bci z natur\u0105. Oba warianty obrus\u00f3w s\u0105 wyj\u0105tkowe nie tylko pod wzgl\u0119dem estetycznym, ale tak\u017ce pod wzgl\u0119dem jako\u015bci wykonania. Clayre &amp; Eef, bazuj\u0105c na swoim holenderskim rzemio\u015ble, dba o ka\u017cdy detal, tworz\u0105c obrusy, kt\u00f3re nie tylko zachwycaj\u0105 wzrok, ale r\u00f3wnie\u017c zachowuj\u0105 swoj\u0105 doskona\u0142o\u015b\u0107 przez wiele lat. Prowansalskie obrusy w krat\u0119 od marki Clayre &amp; Eef to propozycja dla tych, kt\u00f3rzy pragn\u0105 wprowadzi\u0107 do swojej przestrzeni odrobin\u0119 francuskiego uroku. Niech czerwona lub zielona krata stan\u0105 si\u0119 subtelna ozdob\u0105 Twojego sto\u0142u, nadaj\u0105c mu wyj\u0105tkowy charakter.<\/p>\n","protected":false},"excerpt":{"rendered":"<p>W \u015bwiecie aran\u017cacji wn\u0119trz detale odgrywaj\u0105 kluczow\u0105 rol\u0119, definiuj\u0105c charakter przestrzeni i tworz\u0105c wyj\u0105tkow\u0105 atmosfer\u0119. W tym kontek\u015bcie bawe\u0142niane obrusy staj\u0105 si\u0119 nie tylko praktycznym elementem wyposa\u017cenia, ale tak\u017ce subtelno\u015bci\u0105, kt\u00f3ra potrafi odmieni\u0107 ka\u017cd\u0105 okazj\u0119 i codzienny posi\u0142ek. Marka Clayre &amp; Eef, znana ze swojej pasji do rzemios\u0142a i unikalnego designu, prezentuje kolekcj\u0119 bawe\u0142nianych obrus\u00f3w, &hellip; <a href=\"https:\/\/www.lawendowykredens.pl\/blog\/bawelniane-obrusy-od-clayre-eef\/\" class=\"more-link\">Czytaj dalej <span class=\"screen-reader-text\">Bawe\u0142niane obrusy od Clayre &amp; Eef<\/span><\/a><\/p>\n","protected":false},"author":1,"featured_media":0,"comment_status":"open","ping_status":"open","sticky":false,"template":"","format":"standard","meta":[],"categories":[1],"tags":[],"_links":{"self":[{"href":"https:\/\/www.lawendowykredens.pl\/blog\/wp-json\/wp\/v2\/posts\/2373"}],"collection":[{"href":"https:\/\/www.lawendowykredens.pl\/blog\/wp-json\/wp\/v2\/posts"}],"about":[{"href":"https:\/\/www.lawendowykredens.pl\/blog\/wp-json\/wp\/v2\/types\/post"}],"author":[{"embeddable":true,"href":"https:\/\/www.lawendowykredens.pl\/blog\/wp-json\/wp\/v2\/users\/1"}],"replies":[{"embeddable":true,"href":"https:\/\/www.lawendowykredens.pl\/blog\/wp-json\/wp\/v2\/comments?post=2373"}],"version-history":[{"count":1,"href":"https:\/\/www.lawendowykredens.pl\/blog\/wp-json\/wp\/v2\/posts\/2373\/revisions"}],"predecessor-version":[{"id":2380,"href":"https:\/\/www.lawendowykredens.pl\/blog\/wp-json\/wp\/v2\/posts\/2373\/revisions\/2380"}],"wp:attachment":[{"href":"https:\/\/www.lawendowykredens.pl\/blog\/wp-json\/wp\/v2\/media?parent=2373"}],"wp:term":[{"taxonomy":"category","embeddable":true,"href":"https:\/\/www.lawendowykredens.pl\/blog\/wp-json\/wp\/v2\/categories?post=2373"},{"taxonomy":"post_tag","embeddable":true,"href":"https:\/\/www.lawendowykredens.pl\/blog\/wp-json\/wp\/v2\/tags?post=2373"}],"curies":[{"name":"wp","href":"https:\/\/api.w.org\/{rel}","templated":true}]}}