{"id":203,"date":"2012-08-27T22:45:31","date_gmt":"2012-08-27T20:45:31","guid":{"rendered":"http:\/\/lawendowykredens.blog.pl\/?p=203"},"modified":"2012-08-27T22:45:31","modified_gmt":"2012-08-27T20:45:31","slug":"styl-prowansalski-za-grosze","status":"publish","type":"post","link":"https:\/\/www.lawendowykredens.pl\/blog\/styl-prowansalski-za-grosze\/","title":{"rendered":"Styl prowansalski za grosze, cz. I"},"content":{"rendered":"<p>Lubisz styl prowansalski, ale nie chcesz wydawa\u0107 maj\u0105tku na remont, nowe meble prowansalskie oraz prowansalskie dekoracje? Oto kilka prostych pomys\u0142\u00f3w i rad, kt\u00f3re pomog\u0105 Ci wprowadzi\u0107 styl prowansalski do Twojego domu : )<\/p>\n<p>Przede wszystkim wykorzystaj to, co ju\u017c masz i pami\u0119taj, \u017ce stare rzeczy maj\u0105 sw\u00f3j urok! Je\u015bli chcesz mie\u0107 na \u015bcianie lusterko, lub nie wiesz jak ozdobi\u0107 pust\u0105 \u015bcian\u0119, powie\u015b na niej stare lustra i lusterka. Nie wa\u017cne, \u017ce s\u0105 nier\u00f3wne i maj\u0105 r\u00f3\u017cne kszta\u0142ty. Na \u015bcianie b\u0119d\u0105 wygl\u0105da\u0142y bardzo stylowo i efektownie!<\/p>\n<p>&nbsp;<\/p>\n<figure id=\"attachment_204\" aria-describedby=\"caption-attachment-204\" style=\"width: 477px\" class=\"wp-caption aligncenter\"><a href=\"http:\/\/blog.lawendowykredens.pl\/wp-content\/uploads\/2012\/08\/lu.jpg\"><img decoding=\"async\" loading=\"lazy\" class=\"size-full wp-image-204\" src=\"http:\/\/blog.lawendowykredens.pl\/wp-content\/uploads\/2012\/08\/lu.jpg\" alt=\"Styl prowansalski\" width=\"477\" height=\"364\" srcset=\"https:\/\/www.lawendowykredens.pl\/blog\/wp-content\/uploads\/2012\/08\/lu.jpg 477w, https:\/\/www.lawendowykredens.pl\/blog\/wp-content\/uploads\/2012\/08\/lu-300x229.jpg 300w\" sizes=\"(max-width: 477px) 100vw, 477px\" \/><\/a><figcaption id=\"caption-attachment-204\" class=\"wp-caption-text\">Lustra w stylu prowansalskim<\/figcaption><\/figure>\n<p>&nbsp;<\/p>\n<p>Aby zwyk\u0142e meble przerobi\u0107 na meble w stylu prowansalskim wystarczy je niechlujnie pomalowa\u0107 jasn\u0105 farb\u0105. Prze\u015bwituj\u0105ca farba i liczne przetarcia to przecie\u017c to, co w stylu prowansalskich najpi\u0119kniejsze!<\/p>\n<p>&nbsp;<\/p>\n<figure id=\"attachment_207\" aria-describedby=\"caption-attachment-207\" style=\"width: 279px\" class=\"wp-caption aligncenter\"><a href=\"http:\/\/blog.lawendowykredens.pl\/wp-content\/uploads\/2012\/08\/st.jpg\"><img decoding=\"async\" loading=\"lazy\" class=\"size-full wp-image-207\" src=\"http:\/\/blog.lawendowykredens.pl\/wp-content\/uploads\/2012\/08\/st.jpg\" alt=\"Prowansalskie meble\" width=\"279\" height=\"418\" srcset=\"https:\/\/www.lawendowykredens.pl\/blog\/wp-content\/uploads\/2012\/08\/st.jpg 279w, https:\/\/www.lawendowykredens.pl\/blog\/wp-content\/uploads\/2012\/08\/st-200x300.jpg 200w\" sizes=\"(max-width: 279px) 100vw, 279px\" \/><\/a><figcaption id=\"caption-attachment-207\" class=\"wp-caption-text\">Meble prowansalskie<\/figcaption><\/figure>\n<p>&nbsp;<\/p>\n<p>Dodatkowo mo\u017cesz kupi\u0107 lub zrobi\u0107 szablony, od kt\u00f3rych na meblach b\u0119dzie mo\u017cna odmalowa\u0107 cyfry lub litery idealnie pasuj\u0105ce do stylu prowansalskiego.<\/p>\n<p>&nbsp;<\/p>\n<figure id=\"attachment_208\" aria-describedby=\"caption-attachment-208\" style=\"width: 211px\" class=\"wp-caption aligncenter\"><a href=\"http:\/\/blog.lawendowykredens.pl\/wp-content\/uploads\/2012\/08\/CommodeChiffre.jpg\"><img decoding=\"async\" loading=\"lazy\" class=\"size-full wp-image-208\" src=\"http:\/\/blog.lawendowykredens.pl\/wp-content\/uploads\/2012\/08\/CommodeChiffre.jpg\" alt=\"Meble w stylu prowansalskim\" width=\"211\" height=\"230\" \/><\/a><figcaption id=\"caption-attachment-208\" class=\"wp-caption-text\">Meble prowansalskie<\/figcaption><\/figure>\n<p>&nbsp;<\/p>\n<p>Sam mo\u017cesz zrobi\u0107 tak\u017ce tablic\u0119 korkow\u0105! Wystarczy uzbiera\u0107 kilka kork\u00f3w od wina i zlepi\u0107 je ze sob\u0105 na przyk\u0142ad kropelk\u0105.<\/p>\n<p>&nbsp;<\/p>\n<figure id=\"attachment_211\" aria-describedby=\"caption-attachment-211\" style=\"width: 400px\" class=\"wp-caption aligncenter\"><a href=\"http:\/\/blog.lawendowykredens.pl\/wp-content\/uploads\/2012\/08\/milena_3.jpg\"><img decoding=\"async\" loading=\"lazy\" class=\"size-full wp-image-211\" src=\"http:\/\/blog.lawendowykredens.pl\/wp-content\/uploads\/2012\/08\/milena_3.jpg\" alt=\"Prowansalskie dekoracje\" width=\"400\" height=\"600\" srcset=\"https:\/\/www.lawendowykredens.pl\/blog\/wp-content\/uploads\/2012\/08\/milena_3.jpg 400w, https:\/\/www.lawendowykredens.pl\/blog\/wp-content\/uploads\/2012\/08\/milena_3-200x300.jpg 200w\" sizes=\"(max-width: 400px) 100vw, 400px\" \/><\/a><figcaption id=\"caption-attachment-211\" class=\"wp-caption-text\">Prowansalskie dekoracje<\/figcaption><\/figure>\n<p>&nbsp;<\/p>\n<p>Je\u015bli chcesz aby Twoja tablica mia\u0142a ciekawszy kszta\u0142t mo\u017cesz odpowiednio u\u0142o\u017cy\u0107 korki\u00a0 na p\u0142askiej powierzchni i zlepi\u0107. Polecamy zrobienie tablicy korkowej w kszta\u0142cie serca!<\/p>\n<p>&nbsp;<\/p>\n<figure id=\"attachment_212\" aria-describedby=\"caption-attachment-212\" style=\"width: 210px\" class=\"wp-caption aligncenter\"><a href=\"http:\/\/blog.lawendowykredens.pl\/wp-content\/uploads\/2012\/08\/popkorn.pl_kuchnia_tablica-korkowa_183054.jpg\"><img decoding=\"async\" loading=\"lazy\" class=\"size-full wp-image-212\" src=\"http:\/\/blog.lawendowykredens.pl\/wp-content\/uploads\/2012\/08\/popkorn.pl_kuchnia_tablica-korkowa_183054.jpg\" alt=\"Prowansalskie dekoracje\" width=\"210\" height=\"199\" \/><\/a><figcaption id=\"caption-attachment-212\" class=\"wp-caption-text\">Prowansalskie dekoracje<\/figcaption><\/figure>\n<p>&nbsp;<\/p>\n<p>Ju\u017c wkr\u00f3tce wi\u0119cej ciekawych i prostych rad oraz pomys\u0142\u00f3w : ))) Zapraszamy!<\/p>\n","protected":false},"excerpt":{"rendered":"<p>Lubisz styl prowansalski, ale nie chcesz wydawa\u0107 maj\u0105tku na remont, nowe meble prowansalskie oraz prowansalskie dekoracje? Oto kilka prostych pomys\u0142\u00f3w i rad, kt\u00f3re pomog\u0105 Ci wprowadzi\u0107 styl prowansalski do Twojego domu : ) Przede wszystkim wykorzystaj to, co ju\u017c masz i pami\u0119taj, \u017ce stare rzeczy maj\u0105 sw\u00f3j urok! Je\u015bli chcesz mie\u0107 na \u015bcianie lusterko, lub &hellip; <a href=\"https:\/\/www.lawendowykredens.pl\/blog\/styl-prowansalski-za-grosze\/\" class=\"more-link\">Czytaj dalej <span class=\"screen-reader-text\">Styl prowansalski za grosze, cz. I<\/span><\/a><\/p>\n","protected":false},"author":1,"featured_media":0,"comment_status":"open","ping_status":"open","sticky":false,"template":"","format":"standard","meta":[],"categories":[2],"tags":[52,137,182,202],"_links":{"self":[{"href":"https:\/\/www.lawendowykredens.pl\/blog\/wp-json\/wp\/v2\/posts\/203"}],"collection":[{"href":"https:\/\/www.lawendowykredens.pl\/blog\/wp-json\/wp\/v2\/posts"}],"about":[{"href":"https:\/\/www.lawendowykredens.pl\/blog\/wp-json\/wp\/v2\/types\/post"}],"author":[{"embeddable":true,"href":"https:\/\/www.lawendowykredens.pl\/blog\/wp-json\/wp\/v2\/users\/1"}],"replies":[{"embeddable":true,"href":"https:\/\/www.lawendowykredens.pl\/blog\/wp-json\/wp\/v2\/comments?post=203"}],"version-history":[{"count":0,"href":"https:\/\/www.lawendowykredens.pl\/blog\/wp-json\/wp\/v2\/posts\/203\/revisions"}],"wp:attachment":[{"href":"https:\/\/www.lawendowykredens.pl\/blog\/wp-json\/wp\/v2\/media?parent=203"}],"wp:term":[{"taxonomy":"category","embeddable":true,"href":"https:\/\/www.lawendowykredens.pl\/blog\/wp-json\/wp\/v2\/categories?post=203"},{"taxonomy":"post_tag","embeddable":true,"href":"https:\/\/www.lawendowykredens.pl\/blog\/wp-json\/wp\/v2\/tags?post=203"}],"curies":[{"name":"wp","href":"https:\/\/api.w.org\/{rel}","templated":true}]}}