{"id":1966,"date":"2021-02-26T10:13:14","date_gmt":"2021-02-26T09:13:14","guid":{"rendered":"http:\/\/blog.lawendowykredens.pl\/?p=1966"},"modified":"2021-05-20T09:08:35","modified_gmt":"2021-05-20T07:08:35","slug":"biale-meble","status":"publish","type":"post","link":"https:\/\/www.lawendowykredens.pl\/blog\/biale-meble\/","title":{"rendered":"Bia\u0142e meble prowansalskie"},"content":{"rendered":"\n<p class=\"has-text-align-center\">Kliknij na <strong><span style=\"text-decoration: underline;\"><a href=\"https:\/\/www.lawendowykredens.pl\/109-meble-prowansalskie-biale\" target=\"_blank\" rel=\"noreferrer noopener\">bia\u0142e meble prowansalskie<\/a><\/span><\/strong> i zobacz nasz\u0105 ofert\u0119! Obiecujemy mn\u00f3stwo pi\u0119knych i praktycznych rozwi\u0105za\u0144 dla Twojego domu!<\/p>\n\n\n\n<div class=\"wp-block-image\"><figure class=\"aligncenter size-large\"><img decoding=\"async\" src=\"https:\/\/www.lawendowykredens.pl\/47642-large_default\/komoda-w-stylu-prowansalskim.jpg\" alt=\"Komoda w stylu prowansalskim z ciemnobr\u0105zowym blatem, kt\u00f3r\u0105 wyposa\u017cono w szuflady jest eleganckim meblem do ka\u017cdej jadalni.\"\/><figcaption>Bia\u0142a komoda prowansalska z szufladami<\/figcaption><\/figure><\/div>\n\n\n\n<p><\/p>\n\n\n\n<p class=\"has-text-align-center\">Je\u015bli lubisz biel i dobrze si\u0119 czujesz w jasnych wn\u0119trzach to <strong>bia\u0142e meble w stylu prowansalskim<\/strong> sprawi\u0105 Ci mn\u00f3stwo przyjemno\u015bci! Biel to synonim czysto\u015bci i \u0142adu. Kiedy w Twoim domu pojawi\u0105 si\u0119 meble w tym kolorze, bardzo szybko przekonasz si\u0119, \u017ce to by\u0142 \u015bwietny pomys\u0142 na wykorzystanie ich w swojej aran\u017cacji. Gdy na zewn\u0105trz panuje szaro ponura aura, wracaj\u0105c do jasnego pomieszczenia szybciej odzyskasz spok\u00f3j i energi\u0119. Ponadto <strong>bia\u0142e meble<\/strong> pi\u0119knie wygl\u0105daj\u0105 w towarzystwie r\u00f3\u017cnokolorowych dodatk\u00f3w. Tworz\u0105 niezawodny duet z turkusem, drewnem, szaro\u015bciami i pastelami. Takie po\u0142\u0105czenia to co\u015b dla tych os\u00f3b, kt\u00f3re niekoniecznie preferuj\u0105 czyst\u0105, jednolit\u0105 biel. Jedno jest pewne \u2013 biel roz\u015bwietli ka\u017cde pomieszczenie!<\/p>\n\n\n\n<div class=\"wp-block-image\"><figure class=\"aligncenter size-large\"><img decoding=\"async\" src=\"https:\/\/www.lawendowykredens.pl\/38290-large_default\/biala-konsola.jpg\" alt=\"Bia\u0142a konsola z br\u0105zowym blatem to projekt marki Livin Hill. Uwag\u0119 zwracaj\u0105 urocze rz\u0119\u017abienia na nogach i na cokole.\"\/><figcaption>Bia\u0142a konsola prowansalska z rze\u017abieniami<\/figcaption><\/figure><\/div>\n\n\n\n<p class=\"has-text-align-center\">Jak wiadomo, biel wyst\u0119puje w r\u00f3\u017cnych odcieniach. Podobnie jak <strong>bia\u0142e meble prowansalskie<\/strong>, kt\u00f3re prezentujemy w naszym sklepie. Je\u015bli chcesz urz\u0105dzi\u0107 wn\u0119trze cieple i przytulne, wybierz meble w mlecznym odcieniu. Te najch\u0119tniej s\u0105 wybierane do sypialni i pokoi go\u015bcinnych. \u0141\u00f3\u017cko z bia\u0142ym, tapicerowanym zag\u0142\u00f3wkiem mo\u017ce stanowi\u0107 pi\u0119kne t\u0142o dla kolorowej po\u015bcieli lub wzorzystego kocyka. W \u0142\u0105czeniu bieli z innymi wzorami i kolorami nie ma tak naprawd\u0119 \u017cadnych ogranicze\u0144.<\/p>\n\n\n\n<div class=\"wp-block-image\"><figure class=\"aligncenter size-large\"><img decoding=\"async\" src=\"https:\/\/www.lawendowykredens.pl\/34409-large_default\/szafka-prowansalska.jpg\" alt=\"Bia\u0142a szafka metalowa z przeszklon\u0105 szuflad\u0105 to mebel typowo ekspozycyjny. Idealny do przechowywania najcenniejszych skarb\u00f3w.\"\/><figcaption>Bia\u0142a szafka metalowa ze szk\u0142em<\/figcaption><\/figure><\/div>\n\n\n\n<p class=\"has-text-align-center\"><strong>Bia\u0142e meble<\/strong> to te\u017c \u015bwietny pomys\u0142 na aran\u017cacj\u0119 biura lub domowego gabinetu. Bia\u0142e biurko to miejsce, przy kt\u00f3rym b\u0119dziesz m\u00f3g\u0142 lepiej skupi\u0107 si\u0119 na wykonywanej pracy, rozwin\u0105\u0107 swoj\u0105 kreatywno\u015b\u0107, a co ciekawe, takie miejsce samo sk\u0142ania do utrzymywania \u0142adu. Do bia\u0142ego biurka z \u0142atwo\u015bci\u0105 mo\u017cesz dopasowa\u0107 dowolne siedzisko. Lubisz tradycyjne po\u0142\u0105czenia? Postaw na drewniane krzes\u0142o z wyprofilowanym oparciem, kt\u00f3re pomo\u017ce Ci utrzyma\u0107 prawid\u0142ow\u0105 postaw\u0119 rzez ca\u0142y dzie\u0144. Je\u015bli jednak ponad wszystko cenisz wygod\u0119\u2013 sk\u00f3rzane krzes\u0142o obrotowe przy bia\u0142ym biurku b\u0119dzie wygl\u0105da\u0142o r\u00f3wnie elegancko.<\/p>\n\n\n\n<div class=\"wp-block-image\"><figure class=\"aligncenter size-large is-resized\"><img decoding=\"async\" loading=\"lazy\" src=\"https:\/\/www.lawendowykredens.pl\/46990-large_default\/konsola-w-stylu-prowansalskim.jpg\" alt=\"Bia\u0142a konsola to \u015bwietne miejsce na przechowywanie dekoracyjnych pude\u0142ek, koszyk\u00f3w, lub drewnianych skrzynek.\" width=\"476\" height=\"476\"\/><figcaption>Konsola w stylu prowansalskim z p\u00f3\u0142kami<\/figcaption><\/figure><\/div>\n\n\n\n<p><\/p>\n\n\n\n<p class=\"has-text-align-center\">Ogromn\u0105 zalet\u0105 bia\u0142ych mebli jest to, \u017ce sprawdzaj\u0105 si\u0119 w aran\u017cacjach w r\u00f3\u017cnym stylu. Dzi\u0119ki nim mo\u017cesz pozwoli\u0107 sobie na zmian\u0119 charakteru wn\u0119trza kiedy tylko tego zapragniesz. Wystarczy wymieni\u0107 kilka drobiazg\u00f3w, na przyk\u0142ad poduszki, os\u0142onki na doniczki lub dekoracje na p\u00f3\u0142kach. <strong>Bia\u0142e meble w stylu prowansalskim<\/strong> wykonane z drewna to inwestycja na d\u0142ugie lata. Zawsze b\u0119d\u0105 ponadczasowe, dlatego nie musisz si\u0119 obawia\u0107, \u017ce za kilka sezon\u00f3w wyjd\u0105 z mody. W po\u0142\u0105czeniu z lustrami na \u015bcianach b\u0119d\u0105 optycznie powi\u0119ksza\u0142y przestrze\u0144. O taki efekt polecamy zadba\u0107 w salonie, kt\u00f3ry najcz\u0119\u015bciej jest sercem domu.<\/p>\n\n\n\n<div class=\"wp-block-image\"><figure class=\"aligncenter size-large\"><img decoding=\"async\" src=\"https:\/\/www.lawendowykredens.pl\/47278-large_default\/komoda-rtv-w-stylu-prowansalskim.jpg\" alt=\"Czy wiesz, \u017ce bia\u0142e meble w salonie zawsze b\u0119d\u0105 wygl\u0105da\u0142y elegancko i stylowo? Wybierz zestaw mebli Lumi i sam si\u0119 przekonaj!\"\/><figcaption>Bia\u0142e meble do salonu<\/figcaption><\/figure><\/div>\n\n\n\n<p class=\"has-text-align-center\"><strong>Bia\u0142e meble<\/strong> w naszym sklepie to kilkana\u015bcie fenomenalnych kolekcji mebli od producent\u00f3w z ca\u0142ego \u015bwiata. Marka Clayre &amp; Eef w swoich projektach stawia na wygod\u0119 u\u017cytkowania i antyczny design, kt\u00f3ry przejawia si\u0119 w celowych postarzeniach. Te meble to gratka dla mi\u0142o\u015bnik\u00f3w niebanalnych aran\u017cacji. W\u015br\u00f3d mebli od holenderskiej marki znajdziesz mi\u0119dzy innymi dekoracyjne meble do kuchni. Postarzane szafki \u015bcienne zdobione dekorami sprawi\u0105, \u017ce pomieszczenie stanie si\u0119 jeszcze bardziej funkcjonalne, a przy okazji pi\u0119kne! Je\u015bli jednak szukasz najprostszych mebli, proponujemy <strong>bia\u0142e meble w stylu prowansalskim<\/strong> z kolekcji Lumi, kt\u00f3re dost\u0119pne s\u0105 w wersji z czarnym lub bia\u0142ym blatem. Kompaktowe komody i rega\u0142y z p\u00f3\u0142kami pi\u0119knie eksponuj\u0105 dodatki, pude\u0142ka i br\u0105zowe koszyki wiklinowe. W zale\u017cno\u015bci od dobranych dodatk\u00f3w, ten sam, bia\u0142y mebel mo\u017ce wygl\u0105da\u0107 zupe\u0142nie inaczej w dw\u00f3ch r\u00f3\u017cnych pomieszczeniach.<\/p>\n\n\n\n<div class=\"wp-block-image\"><figure class=\"aligncenter size-large\"><img decoding=\"async\" src=\"https:\/\/www.lawendowykredens.pl\/47374-large_default\/kredens-w-stylu-prowansalskim.jpg\" alt=\"Bia\u0142a biblioteczka w stylu prowansalskim to wprost idealne miejsce do przechowywania zbior\u00f3w ksi\u0105\u017c\u0119k, dekoracji, ramek na zdj\u0119cia i wielu innych przedmiot\u00f3w.\"\/><figcaption>Bia\u0142a biblioteczka w stylu prowansalskim<\/figcaption><\/figure><\/div>\n\n\n\n<p class=\"has-text-align-center\">Podsumowuj\u0105c, <strong>bia\u0142e meble<\/strong> s\u0105 tak uniwersalne, \u017ce mog\u0105 wygl\u0105da\u0107 \u015bwietnie w ka\u017cdym wn\u0119trzu. To dlatego s\u0105 modne od lat i prawdopodobnie nigdy si\u0119 nie znudz\u0105. W dzisiejszych czasach, prawie w ka\u017cdym domu mo\u017cemy spotka\u0107 cho\u0107 jeden bia\u0142y mebel. &nbsp;Czujesz, \u017ce potrzebujesz wi\u0119cej \u015bwiat\u0142a? Jeste\u015b przyt\u0142oczony ciemnymi, ma\u0142o wyrazistymi kolorami? Bia\u0142e meble mog\u0105 sprawi\u0107, \u017ce poczujesz si\u0119 znacznie lepiej w swoich czterech k\u0105tach! W naszym sklepie przygotowali\u015bmy mn\u00f3stwo niezawodnych mebli, kt\u00f3rych nie po prostu nie mo\u017cesz przeoczy\u0107! Zajrzyj ju\u017c teraz na nasz\u0105 stron\u0119 klikaj\u0105c w odno\u015bnik na pocz\u0105tku tego wpisu.<\/p>\n","protected":false},"excerpt":{"rendered":"<p>Kliknij na bia\u0142e meble prowansalskie i zobacz nasz\u0105 ofert\u0119! Obiecujemy mn\u00f3stwo pi\u0119knych i praktycznych rozwi\u0105za\u0144 dla Twojego domu! Je\u015bli lubisz biel i dobrze si\u0119 czujesz w jasnych wn\u0119trzach to bia\u0142e meble w stylu prowansalskim sprawi\u0105 Ci mn\u00f3stwo przyjemno\u015bci! Biel to synonim czysto\u015bci i \u0142adu. Kiedy w Twoim domu pojawi\u0105 si\u0119 meble w tym kolorze, bardzo &hellip; <a href=\"https:\/\/www.lawendowykredens.pl\/blog\/biale-meble\/\" class=\"more-link\">Czytaj dalej <span class=\"screen-reader-text\">Bia\u0142e meble prowansalskie<\/span><\/a><\/p>\n","protected":false},"author":1,"featured_media":0,"comment_status":"open","ping_status":"open","sticky":false,"template":"","format":"standard","meta":[],"categories":[12],"tags":[38,137],"_links":{"self":[{"href":"https:\/\/www.lawendowykredens.pl\/blog\/wp-json\/wp\/v2\/posts\/1966"}],"collection":[{"href":"https:\/\/www.lawendowykredens.pl\/blog\/wp-json\/wp\/v2\/posts"}],"about":[{"href":"https:\/\/www.lawendowykredens.pl\/blog\/wp-json\/wp\/v2\/types\/post"}],"author":[{"embeddable":true,"href":"https:\/\/www.lawendowykredens.pl\/blog\/wp-json\/wp\/v2\/users\/1"}],"replies":[{"embeddable":true,"href":"https:\/\/www.lawendowykredens.pl\/blog\/wp-json\/wp\/v2\/comments?post=1966"}],"version-history":[{"count":3,"href":"https:\/\/www.lawendowykredens.pl\/blog\/wp-json\/wp\/v2\/posts\/1966\/revisions"}],"predecessor-version":[{"id":1969,"href":"https:\/\/www.lawendowykredens.pl\/blog\/wp-json\/wp\/v2\/posts\/1966\/revisions\/1969"}],"wp:attachment":[{"href":"https:\/\/www.lawendowykredens.pl\/blog\/wp-json\/wp\/v2\/media?parent=1966"}],"wp:term":[{"taxonomy":"category","embeddable":true,"href":"https:\/\/www.lawendowykredens.pl\/blog\/wp-json\/wp\/v2\/categories?post=1966"},{"taxonomy":"post_tag","embeddable":true,"href":"https:\/\/www.lawendowykredens.pl\/blog\/wp-json\/wp\/v2\/tags?post=1966"}],"curies":[{"name":"wp","href":"https:\/\/api.w.org\/{rel}","templated":true}]}}