{"id":1750,"date":"2020-04-19T23:34:59","date_gmt":"2020-04-19T21:34:59","guid":{"rendered":"http:\/\/blog.lawendowykredens.pl\/?p=1750"},"modified":"2020-04-19T23:35:48","modified_gmt":"2020-04-19T21:35:48","slug":"1750-2","status":"publish","type":"post","link":"https:\/\/www.lawendowykredens.pl\/blog\/1750-2\/","title":{"rendered":"Meble w Stylu Prowansalskim do Salonu"},"content":{"rendered":"<p style=\"text-align: center;\">Meble prowansalskie do salonu &#8211; szukaj ich w naszym sklepie internetowym <span style=\"text-decoration: underline;\"><strong><a href=\"https:\/\/www.lawendowykredens.pl\/pl\/22-meble-prowansalskie\">lawendowykredens.pl!<\/a><\/strong><\/span><\/p>\n<figure style=\"width: 458px\" class=\"wp-caption aligncenter\"><img decoding=\"async\" loading=\"lazy\" class=\"size-medium\" src=\"https:\/\/www.lawendowykredens.pl\/39353-large_default\/komoda-na-wino.jpg\" alt=\"Stylowa komoda prowansalska z koszami i miejscem na butelki z winem.\" width=\"458\" height=\"458\" \/><figcaption class=\"wp-caption-text\">Komoda Prowansalska Na Wino<\/figcaption><\/figure>\n<p style=\"text-align: center;\">Zachwycaj\u0105cy salon mo\u017cesz mie\u0107 dzi\u0119ki zachwycaj\u0105cym meblom w stylu prowansalskim. Nazwa tego stylu nawi\u0105zuje do jednego z najpi\u0119kniejszych region\u00f3w Francji, kt\u00f3ry s\u0142ynie z \u015br\u00f3dziemnomorskiego klimatu. To kawa\u0142ek raju op\u0142ywaj\u0105cego s\u0142o\u0144cem i zapachem lawendy, kt\u00f3ry mo\u017cesz przenie\u015b\u0107 do swojego domu, dzi\u0119ki meblom, kt\u00f3re kupisz w naszym sklepie internetowym bez wychodzenia z domu! <strong>Meble w stylu prowansalskim <\/strong>polecamy szczeg\u00f3lnie tym, kt\u00f3rzy zm\u0119czeni s\u0105 wielkomiejsk\u0105 nowoczesno\u015bci\u0105. Pora zacz\u0105\u0107 sp\u0119dza\u0107 wolny czas w miejscu, kt\u00f3re kojarzy si\u0119 z natur\u0105, zielonymi wzg\u00f3rzami i polami poro\u015bni\u0119tymi krzewami oliwkowymi. Wn\u0119trza urz\u0105dzone na styl prowansalski zachwycaj\u0105 od lat wielu z naszych klient\u00f3w, kt\u00f3rzy ch\u0119tnie powracaj\u0105 do naszego sklepu. Jak wykorzysta\u0107 meble prowansalskie w swoim domu? Najwa\u017cniejsze wskaz\u00f3wki poznasz w poni\u017cszym artykule!<\/p>\n<p style=\"text-align: center;\">\u00a0<strong>\u00a0\u00a0\u00a0\u00a0\u00a0\u00a0\u00a0\u00a0 Styl prowansalski<\/strong> to przede wszystkim subtelnie postarzane meble z dodatkowymi akcesoriami w postaci wiklinowych koszy lub mi\u0119kkich poduszek na krzes\u0142a i fotele. W prowansalskich wn\u0119trzach najcz\u0119\u015bciej wykorzystywane s\u0105 barwy delikatnego kremu oraz odcienie naturalnego, bielonego drewna. W zestawieniu z bia\u0142ym kolorem <strong>meble w stylu prowansalskim<\/strong> powoduj\u0105, \u017ce ca\u0142e pomieszczenia staj\u0105 si\u0119 niezwykle przytulne i jednocze\u015bnie optycznie wi\u0119ksze ni\u017c s\u0105 w rzeczywisto\u015bci. To w\u0142a\u015bnie dlatego <strong>styl prowansalski<\/strong> doskonale sprawdza si\u0119 w wn\u0119trzach o niewielkim metra\u017cu.<\/p>\n<figure style=\"width: 458px\" class=\"wp-caption aligncenter\"><img decoding=\"async\" loading=\"lazy\" class=\"size-medium\" src=\"https:\/\/www.lawendowykredens.pl\/60506-large_default\/szafka-prowansalska.jpg\" alt=\"Postarzana szafka w stylu prowansalskim z drzwiami z drewnianymi \u017caluzjami i z bielonym blatem.\" width=\"458\" height=\"458\" \/><figcaption class=\"wp-caption-text\">Szafka Prowansalska<\/figcaption><\/figure>\n<p style=\"text-align: center;\">Zastanawiasz si\u0119, jak odmieni\u0107 sw\u00f3j dom bez konieczno\u015bci przeprowadzania gruntownego remontu? Do zmiany jego wygl\u0105du potrzebujesz jedynie nowych element\u00f3w wyposa\u017cenia wn\u0119trza. My polecamy <strong>meble w stylu prowansalskim<\/strong>, kt\u00f3re dzi\u0119ki wykorzystaniu jasnych kolor\u00f3w sprawiaj\u0105 wra\u017cenie niezwykle lekkich. Detale, kt\u00f3re podkre\u015blaj\u0105 ich subtelno\u015b\u0107, to np. kuli\u015bcie wyprofilowane n\u00f3\u017cki, a tak\u017ce dekoracyjne uchwyty o kulistym kszta\u0142cie. Lekko\u015bci we wn\u0119trzach urz\u0105dzonych na <strong>styl prowansalski<\/strong> dodaj\u0105 tak\u017ce przeszklone lub otwarte p\u00f3\u0142ki, na kt\u00f3rych mo\u017cesz wyeksponowa\u0107 swoje ulubione ksi\u0105\u017cki, eleganck\u0105 porcelan\u0119 czy inne ozdoby, takie jak na przyk\u0142ad \u015bwieczniki, figurki lub ramki ze zdj\u0119ciami najbli\u017cszych.<\/p>\n<p style=\"text-align: center;\">We wn\u0119trzach prowansalskich poza meblami sprawdzaj\u0105 si\u0119 przede wszystkim naturalne materia\u0142y. Wykorzystywanie mebli lub innych element\u00f3w wyposa\u017cenia wn\u0119trza wykonanych z drewna b\u0105d\u017a imituj\u0105cych ten surowiec sprawia, \u017ce nawet patrz\u0105c na swoje wn\u0119trza, mo\u017cesz poczu\u0107 si\u0119 jak po\u015brodku lawendowego ogrodu. W naszym sklepie internetowym znajdziesz mn\u00f3stwo propozycji prowansalskich mebli w jasnych kolorach, drewnianych i niezwykle klimatycznych.<\/p>\n<figure style=\"width: 458px\" class=\"wp-caption aligncenter\"><img decoding=\"async\" loading=\"lazy\" class=\"size-medium\" src=\"https:\/\/www.lawendowykredens.pl\/75086-large_default\/fotel-prowansalski.jpg\" alt=\"R\u00f3\u017cowy fotel w stylu prowansalskim ma drewniane n\u00f3\u017cki w jasnym kolorze br\u0105zu.\" width=\"458\" height=\"458\" \/><figcaption class=\"wp-caption-text\">Fotel Prowansalski Pikowany<\/figcaption><\/figure>\n<p style=\"text-align: center;\">W salonie, obok bia\u0142ej komody polecamy ustawi\u0107 stolik kawowy z obszernym blatem w br\u0105zowym kolorze \u2013 na przyk\u0142ad stolik kawowy Riviera, kt\u00f3rego powierzchnia imituje drewno z naturalnym us\u0142ojeniem. Tego typu meble w stylu prowansalskim doskonale sprawdz\u0105 si\u0119 w szczeg\u00f3lno\u015bci podczas spotka\u0144 ze znajomymi. Na stole i stoliku kawowym ustaw swoj\u0105 ulubion\u0105 tac\u0119 z porcelanowymi fili\u017cankami, p\u00f3\u0142miski z przek\u0105skami, kt\u00f3re sprawi\u0105, \u017ce go\u015bcie mi\u0142\u0105 sp\u0119dz\u0105 czas w Twoim salonie. Jednymi z naturalnych dodatk\u00f3w w stylu prowansalskim s\u0105 tak\u017ce sztuczne ro\u015bliny. Te sprawdz\u0105 si\u0119 nie tylko we wn\u0119trzach ale r\u00f3wnie\u017c na balkonie i na tarasie.<\/p>\n<p style=\"text-align: center;\"><strong>Meble w stylu prowansalskim<\/strong> sprawiaj\u0105, \u017ce wn\u0119trza emanuj\u0105 ciep\u0142em i s\u0105 atrakcyjne. Aby wzmocni\u0107 ten efekt, polecamy wybra\u0107 koce, pledy i dywany z naturalnych materia\u0142\u00f3w. Klimat s\u0142onecznej i ciep\u0142ej Prowansji to synonim domowej atmosfery, o kt\u00f3r\u0105 mo\u017cna zadba\u0107 mi\u0119dzy innymi dzi\u0119ki kwiatowym i wzorzystym tkaninom. Jakie tkaniny s\u0105 charakterystyczne dla aran\u017cacji w stylu prowansalskim? W pomieszczeniach inspirowanych najpi\u0119kniejszymi regionami Francji bardzo cz\u0119sto mo\u017cna zauwa\u017cy\u0107 przejawiaj\u0105ce si\u0119 liczne koronki, falbany, a tak\u017ce haftowane materia\u0142y. Wzory \u2013 przede wszystkim kwiatowe i zwierz\u0119ce \u2013 s\u0105 ch\u0119tnie \u0142\u0105czone z g\u0142adkimi, pozbawionymi zb\u0119dnych dekoracji. mi\u0119kkimi materia\u0142ami. Je\u015bli chcesz urz\u0105dzi\u0107 salon na <strong>styl prowansalski<\/strong>, pami\u0119taj o dodatkach. Najlepsze z nich to:<\/p>\n<figure style=\"width: 458px\" class=\"wp-caption aligncenter\"><img decoding=\"async\" loading=\"lazy\" class=\"size-medium\" src=\"https:\/\/www.lawendowykredens.pl\/7878-large_default\/regal-prowansalski.jpg\" alt=\"Stylowy rega\u0142 prowansalski z atrakcyjnymi rze\u017abieniami i szufladami z metalowymi uchwytami.\" width=\"458\" height=\"458\" \/><figcaption class=\"wp-caption-text\">Bielony Rega\u0142 Prowansalski<\/figcaption><\/figure>\n<ul style=\"text-align: center;\">\n<li>Be\u017cowe dywaniki z fr\u0119dzlami w geometryczne wzory jak r\u00f3wnie\u017c te, kt\u00f3re s\u0105 pozbawione wzor\u00f3w,<\/li>\n<li>Kremowe i be\u017cowe tkaniny inspirowane ciep\u0142em po\u0142udniowej Francji,<\/li>\n<li>lawendowe zegary i obrazy z martw\u0105 natur\u0105,<\/li>\n<li>poduszki w kwiaty, kt\u00f3re sprawdz\u0105 si\u0119 jako dekoracja kanapy, \u0142\u00f3\u017cka lub fotela.<\/li>\n<\/ul>\n<p style=\"text-align: center;\">Zapraszamy serdecznie do naszego sklepu internetowego Lawendowy Kredens, gdzie znajdziesz najpi\u0119kniejsze meble i dodatki w stylu prowansalskim. Nie zwlekaj! Zr\u00f3b zakupy ju\u017c dzisiaj!<\/p>\n","protected":false},"excerpt":{"rendered":"<p>Meble prowansalskie do salonu &#8211; szukaj ich w naszym sklepie internetowym lawendowykredens.pl! Zachwycaj\u0105cy salon mo\u017cesz mie\u0107 dzi\u0119ki zachwycaj\u0105cym meblom w stylu prowansalskim. Nazwa tego stylu nawi\u0105zuje do jednego z najpi\u0119kniejszych region\u00f3w Francji, kt\u00f3ry s\u0142ynie z \u015br\u00f3dziemnomorskiego klimatu. To kawa\u0142ek raju op\u0142ywaj\u0105cego s\u0142o\u0144cem i zapachem lawendy, kt\u00f3ry mo\u017cesz przenie\u015b\u0107 do swojego domu, dzi\u0119ki meblom, kt\u00f3re kupisz &hellip; <a href=\"https:\/\/www.lawendowykredens.pl\/blog\/1750-2\/\" class=\"more-link\">Czytaj dalej <span class=\"screen-reader-text\">Meble w Stylu Prowansalskim do Salonu<\/span><\/a><\/p>\n","protected":false},"author":1,"featured_media":0,"comment_status":"open","ping_status":"open","sticky":false,"template":"","format":"standard","meta":[],"categories":[1],"tags":[],"_links":{"self":[{"href":"https:\/\/www.lawendowykredens.pl\/blog\/wp-json\/wp\/v2\/posts\/1750"}],"collection":[{"href":"https:\/\/www.lawendowykredens.pl\/blog\/wp-json\/wp\/v2\/posts"}],"about":[{"href":"https:\/\/www.lawendowykredens.pl\/blog\/wp-json\/wp\/v2\/types\/post"}],"author":[{"embeddable":true,"href":"https:\/\/www.lawendowykredens.pl\/blog\/wp-json\/wp\/v2\/users\/1"}],"replies":[{"embeddable":true,"href":"https:\/\/www.lawendowykredens.pl\/blog\/wp-json\/wp\/v2\/comments?post=1750"}],"version-history":[{"count":3,"href":"https:\/\/www.lawendowykredens.pl\/blog\/wp-json\/wp\/v2\/posts\/1750\/revisions"}],"predecessor-version":[{"id":1753,"href":"https:\/\/www.lawendowykredens.pl\/blog\/wp-json\/wp\/v2\/posts\/1750\/revisions\/1753"}],"wp:attachment":[{"href":"https:\/\/www.lawendowykredens.pl\/blog\/wp-json\/wp\/v2\/media?parent=1750"}],"wp:term":[{"taxonomy":"category","embeddable":true,"href":"https:\/\/www.lawendowykredens.pl\/blog\/wp-json\/wp\/v2\/categories?post=1750"},{"taxonomy":"post_tag","embeddable":true,"href":"https:\/\/www.lawendowykredens.pl\/blog\/wp-json\/wp\/v2\/tags?post=1750"}],"curies":[{"name":"wp","href":"https:\/\/api.w.org\/{rel}","templated":true}]}}