{"id":1747,"date":"2020-04-01T19:04:26","date_gmt":"2020-04-01T17:04:26","guid":{"rendered":"http:\/\/blog.lawendowykredens.pl\/?p=1747"},"modified":"2020-04-01T19:05:10","modified_gmt":"2020-04-01T17:05:10","slug":"dodatki-w-stylu-prowansalskim-3","status":"publish","type":"post","link":"https:\/\/www.lawendowykredens.pl\/blog\/dodatki-w-stylu-prowansalskim-3\/","title":{"rendered":"Dodatki w stylu prowansalskim"},"content":{"rendered":"<p style=\"text-align: center;\">Dodatki w stylu prowansalskim &#8211; postaw na najmodniejsze w tym sezonie i szukaj ich na stronie<a href=\"https:\/\/www.lawendowykredens.pl\/pl\/42-prowansalskie-dekoracje\"><strong> lawendowykredens.pl.<\/strong><\/a><\/p>\n<p style=\"text-align: center;\">W naszym sklepie internetowym Lawendowy Kredens znajd\u0105 Pa\u0144stwo oryginalne <strong>artyku\u0142y<\/strong> <strong>dekoracyjne<\/strong> w stylu prowansalskim. Uwielbiane ze wzgl\u0119du na niepodrabialne formy i atrakcyjne ceny znalaz\u0142y swoje miejsce w wielu aran\u017cacjach. Z uwagi na r\u00f3\u017cnorodno\u015b\u0107 naszej oferty, w ty, artykule przedstawimy jedynie u\u0142amek naszej oferty, kt\u00f3ry b\u0119dzie przedsmakiem wyj\u0105tkowych zakup\u00f3w w naszym sklepie online. B\u0119dziecie zachwyceni!<\/p>\n<figure style=\"width: 458px\" class=\"wp-caption aligncenter\"><img decoding=\"async\" loading=\"lazy\" class=\"size-medium\" src=\"https:\/\/www.lawendowykredens.pl\/39892-large_default\/stojak-na-bizuterie.jpg\" alt=\"Oryginalny stojak na bi\u017cuteri\u0119 w kolorze bia\u0142ym jest zrobiony z metalu.\" width=\"458\" height=\"458\" \/><figcaption class=\"wp-caption-text\">Stojak na bi\u017cuteri\u0119<\/figcaption><\/figure>\n<p style=\"text-align: center;\">Na pocz\u0105tku przedstawimy Ci <strong>dekoracje prowansalskie <\/strong>jakie proponuje marka Clayre&amp;Eef. Holenderski producent wie jak stworzy\u0107 idealne dodatki do domu, kt\u00f3re \u015bwietnie wp\u0142ywaj\u0105 na nastr\u00f3j i aur\u0119 wn\u0119trza. To r\u00f3\u017cnego rodzaju akcesoria, kt\u00f3re klimatycznie o\u015bwietl\u0105 wn\u0119trze pokoju dziennego i sypialni. To mi\u0119dzy innymi szklane i metalowe lampiony, \u015bwieczniki i lampki sto\u0142owe. W zale\u017cno\u015bci od tego czy poszukujesz dodatkowego \u017ar\u00f3d\u0142a \u015bwiat\u0142a, czy te\u017c elementu o\u015bwietlenia, kt\u00f3ry zagra g\u0142\u00f3wn\u0105 rol\u0119 \u2013 mo\u017cesz postawi\u0107 na postawny lampion na tealighty lub drewnian\u0105 lamp\u0119 sto\u0142ow\u0105 z aksamitnym aba\u017curem. W naszym sklepie znajdziesz \u015bwieczniki ze szk\u0142a, metalu i drewna, lampy sto\u0142owe, pod\u0142ogowe i lampki nocne w subtelnych lub wyrazistych kolorach. Taki w\u0142a\u015bnie jest styl prowansalski \u2013 robi wra\u017cenie i inspiruje do tworzenia wyj\u0105tkowych aran\u017cacji.<\/p>\n<figure style=\"width: 458px\" class=\"wp-caption aligncenter\"><img decoding=\"async\" loading=\"lazy\" class=\"size-medium\" src=\"https:\/\/www.lawendowykredens.pl\/59902-large_default\/obraz-prowansalski.jpg\" alt=\"Stylowy obraz prowansalski przedstawia martw\u0105 natur\u0119 i jest malowany pastelowymi, ciemnymi kolorami.\" width=\"458\" height=\"458\" \/><figcaption class=\"wp-caption-text\">Obraz w stylu prowansalskim<\/figcaption><\/figure>\n<p style=\"text-align: center;\">Pozosta\u0142e <strong>dekoracje prowansalskie<\/strong>, kt\u00f3re proponujemy do wn\u0119trz takich jak salony i pokoje dzienne, jak r\u00f3wnie\u017c na tarasy i balkony to os\u0142onki na doniczki i wazony. Kwiaty umieszczone w prowansalskich donicach i misach wygl\u0105daj\u0105 zdecydowanie pi\u0119kniej i nabieraj\u0105 charakteru. W zale\u017cno\u015bci od miejsca przeznaczenia mo\u017cesz znale\u017a\u0107 u nas donice metalowe \u2013 doskona\u0142e do ogrodu i na balkon. Wykonane z trwa\u0142ego surowca s\u0105 odporne na uszkodzenia, wilgo\u0107 i s\u0105 bardzo proste w piel\u0119gnacji. Os\u0142onki ceramiczne stylizowane na <strong>styl prowansalski<\/strong> rozpoznasz mi\u0119dzy innymi po celowych postarzeniach, dekoracyjnych rze\u017abieniach i finezyjnych formach, Niezwykle modne w tym sezonie sta\u0142y si\u0119 os\u0142onki ze z\u0142otymi detalami. Nie do\u015b\u0107, \u017ce pi\u0119knie wygl\u0105daj\u0105 w po\u0142\u0105czeniu z zielonymi ro\u015blinami, to w dodatku sprawiaj\u0105, \u017ce wn\u0119trze wygl\u0105da na ja\u015bniejsze i pe\u0142ne blasku.<\/p>\n<p style=\"text-align: center;\"><strong>Dekoracje prowansalskie <\/strong>do salonu<\/p>\n<figure style=\"width: 458px\" class=\"wp-caption aligncenter\"><img decoding=\"async\" loading=\"lazy\" class=\"size-medium\" src=\"https:\/\/www.lawendowykredens.pl\/33617-large_default\/metalowy-lampion.jpg\" alt=\"Lampion stanowi\u0105cy po\u0142\u0105czenie szk\u0142a i metalu to najlepsze co mo\u017cesz wybra\u0107 do o\u015bwietlenia balkonu lub salonu.\" width=\"458\" height=\"458\" \/><figcaption class=\"wp-caption-text\">Lampion prowansalski<\/figcaption><\/figure>\n<p style=\"text-align: center;\">Salon to pomieszczenie reprezentatywne dla ca\u0142ego domu i mieszkania. To w\u0142a\u015bnie tutaj najcz\u0119\u015bciej przyjmujemy go\u015bci i sp\u0119dzamy mi\u0142o czas z rodzin\u0105 ogl\u0105daj\u0105c wsp\u00f3lnie filmy czy te\u017c graj\u0105c w plansz\u00f3wki. Warto miejsce by to sta\u0142o si\u0119 wyj\u0105tkowe. Aby tak by\u0142o \u2013 polecamy wybra\u0107 <strong>artyku\u0142y dekoracyjne<\/strong> w stylu prowansalskim. Zatem jakie dodatki b\u0119d\u0105 niezb\u0119dne w salonie? My na pierwszym miejscu stawiamy lampy i lampiony, o kt\u00f3rych wspominali\u015bmy powy\u017cej. Zaraz za nimi znajduj\u0105 si\u0119 dywany i pozosta\u0142e tekstylia takie jak mi\u0119kkie koce i poduszki. Gdy pod stolikiem kawowym znajdzie si\u0119 dywanik z fr\u0119dzlami, a na kanapie poduszki z wzorem w r\u00f3\u017ce \u2013 salon stanie si\u0119 zdecydowanie bardziej klimatyczny i przytulny.<\/p>\n<p style=\"text-align: center;\">Poza lampami i tekstyliami znajdziesz u nas <strong>dekoracje prowansalskie<\/strong> do ozdobienia \u015bcian. Nale\u017c\u0105 do nich r\u00f3\u017cnego typu obrazy \u015bcienne i tabliczki metalowe. Wiele z nich zosta\u0142o postarzonych, dzi\u0119ki czemu mo\u017cesz za ich pomoc\u0105 urz\u0105dzi\u0107 tak\u017ce wn\u0119trza retro i vintage. Pi\u0119kne obrazy w drewnianych ramach, kt\u00f3re przedstawiaj\u0105 martw\u0105 natur\u0119, zwierz\u0119ta lub krajobrazy \u2013 wprowadz\u0105 do aran\u017cacji harmoni\u0119 i ukojenie zmys\u0142\u00f3w. Tak szeroki wyb\u00f3r malowanych r\u0119cznie i drukowanych na p\u0142\u00f3tnie obraz\u00f3w znajdziesz tylko u nas! Odpowiednio wybrane <strong>artyku\u0142y dekoracyjne<\/strong> do zawieszenia na \u015bcianie b\u0119d\u0105 prawdziw\u0105 \u201ewisienk\u0105 na torcie\u201d w ka\u017cdym salonie.<\/p>\n<figure style=\"width: 458px\" class=\"wp-caption aligncenter\"><img decoding=\"async\" loading=\"lazy\" class=\"size-medium\" src=\"https:\/\/www.lawendowykredens.pl\/27304-large_default\/klatki-belldeco.jpg\" alt=\"Doskona\u0142e jako wolnostoj\u0105ca dekoracja lub oryginalny dodatek do kwiatowych aran\u017cacji.\" width=\"458\" height=\"458\" \/><figcaption class=\"wp-caption-text\">Klatki prowansalskie<\/figcaption><\/figure>\n<p style=\"text-align: center;\">Podsumowuj\u0105c, szeroka oferta sklepu internetowego Lawendowy Kredens to niepowtarzalna szansa na urz\u0105dzenie swojego domu po swojemu! Nie ograniczaj si\u0119 i wybieraj <strong>artyku\u0142y dekoracyjne<\/strong> w stylu prowansalskim, kt\u00f3re b\u0119dziesz m\u00f3g\u0142 wykorzysta\u0107 w kuchni, w salonie, w \u0142azience i w biurze. Jeste\u015bmy pewni, \u017ce znajdziesz u nas to czego nie nigdy nie znalaz\u0142by\u015b w komercyjnych sklepach, a nawet na targach antyk\u00f3w! Do\u0142\u0105cz do grona naszych najbardziej zadowolonych na rynku klient\u00f3w i si\u0119gnie po solidne, najwy\u017cszej jako\u015bci dodatki do domu! Satysfakcja i uczucie spe\u0142nienia gwarantowane! Zapraszamy na zakupy ju\u017c dzisiaj \u2013 odwied\u017a nasz\u0105 stron\u0119 internetow\u0105 i ciesz si\u0119 ogromnym wyborem!<\/p>\n","protected":false},"excerpt":{"rendered":"<p>Dodatki w stylu prowansalskim &#8211; postaw na najmodniejsze w tym sezonie i szukaj ich na stronie lawendowykredens.pl. W naszym sklepie internetowym Lawendowy Kredens znajd\u0105 Pa\u0144stwo oryginalne artyku\u0142y dekoracyjne w stylu prowansalskim. Uwielbiane ze wzgl\u0119du na niepodrabialne formy i atrakcyjne ceny znalaz\u0142y swoje miejsce w wielu aran\u017cacjach. Z uwagi na r\u00f3\u017cnorodno\u015b\u0107 naszej oferty, w ty, artykule &hellip; <a href=\"https:\/\/www.lawendowykredens.pl\/blog\/dodatki-w-stylu-prowansalskim-3\/\" class=\"more-link\">Czytaj dalej <span class=\"screen-reader-text\">Dodatki w stylu prowansalskim<\/span><\/a><\/p>\n","protected":false},"author":1,"featured_media":0,"comment_status":"open","ping_status":"open","sticky":false,"template":"","format":"standard","meta":[],"categories":[1],"tags":[],"_links":{"self":[{"href":"https:\/\/www.lawendowykredens.pl\/blog\/wp-json\/wp\/v2\/posts\/1747"}],"collection":[{"href":"https:\/\/www.lawendowykredens.pl\/blog\/wp-json\/wp\/v2\/posts"}],"about":[{"href":"https:\/\/www.lawendowykredens.pl\/blog\/wp-json\/wp\/v2\/types\/post"}],"author":[{"embeddable":true,"href":"https:\/\/www.lawendowykredens.pl\/blog\/wp-json\/wp\/v2\/users\/1"}],"replies":[{"embeddable":true,"href":"https:\/\/www.lawendowykredens.pl\/blog\/wp-json\/wp\/v2\/comments?post=1747"}],"version-history":[{"count":1,"href":"https:\/\/www.lawendowykredens.pl\/blog\/wp-json\/wp\/v2\/posts\/1747\/revisions"}],"predecessor-version":[{"id":1748,"href":"https:\/\/www.lawendowykredens.pl\/blog\/wp-json\/wp\/v2\/posts\/1747\/revisions\/1748"}],"wp:attachment":[{"href":"https:\/\/www.lawendowykredens.pl\/blog\/wp-json\/wp\/v2\/media?parent=1747"}],"wp:term":[{"taxonomy":"category","embeddable":true,"href":"https:\/\/www.lawendowykredens.pl\/blog\/wp-json\/wp\/v2\/categories?post=1747"},{"taxonomy":"post_tag","embeddable":true,"href":"https:\/\/www.lawendowykredens.pl\/blog\/wp-json\/wp\/v2\/tags?post=1747"}],"curies":[{"name":"wp","href":"https:\/\/api.w.org\/{rel}","templated":true}]}}