{"id":1744,"date":"2020-03-29T17:19:34","date_gmt":"2020-03-29T15:19:34","guid":{"rendered":"http:\/\/blog.lawendowykredens.pl\/?p=1744"},"modified":"2020-03-29T17:19:34","modified_gmt":"2020-03-29T15:19:34","slug":"meble-w-stylu-retro-2","status":"publish","type":"post","link":"https:\/\/www.lawendowykredens.pl\/blog\/meble-w-stylu-retro-2\/","title":{"rendered":"Meble w stylu retro"},"content":{"rendered":"<p style=\"text-align: center;\"><strong>Postarzane meble w stylu retro &#8211; szukaj ich w sklepie <span style=\"text-decoration: underline;\"><a href=\"https:\/\/www.lawendowykredens.pl\/pl\/szukaj?controller=search&amp;orderby=quantity&amp;orderway=desc&amp;search_query=retro&amp;submit_search=\">lawendowykredens.pl!<\/a><\/span><\/strong><\/p>\n<p style=\"text-align: center;\">Je\u017celi interesuj\u0105 Ci\u0119 <strong>meble w stylu retro<\/strong> najwy\u017cszej jako\u015bci, cenisz wyczucie stylu i dba\u0142o\u015b\u0107 o ka\u017cdy detal oraz oryginalno\u015b\u0107 \u2013 w naszym sklepie Lawendowy Kredens czekaj\u0105 na Ciebie meble, o kt\u00f3rych od dawna marzy\u0142e\u015b! Zainspirowani starym stylem i latami 80. przygotowali\u015bmy dla Pa\u0144stwa wyj\u0105tkowe kolekcje mebli, kt\u00f3re skrad\u0142y ju\u017c serca wielu naszych klient\u00f3w. Po\u015br\u00f3d nich znajdziesz meble gotowe do wykorzystania w aran\u017cacjach wsp\u00f3\u0142czesnych, prowansalskich oraz vintage. Znajdziesz tu tak\u017ce meble dla prawdziwych wielbicieli staroci \u2013 szukaj ich w ofercie producent\u00f3w J-Line i Clayre&amp;Eef.<\/p>\n<figure style=\"width: 458px\" class=\"wp-caption aligncenter\"><img decoding=\"async\" loading=\"lazy\" class=\"size-medium\" src=\"https:\/\/www.lawendowykredens.pl\/24376-large_default\/komoda-retro.jpg\" alt=\"Bia\u0142a komoda w stylu retro z kolorowymi szufladkami, kt\u00f3r mo\u017cesz wyj\u0105\u0107 z mebla.\" width=\"458\" height=\"458\" \/><figcaption class=\"wp-caption-text\">Komoda retro<\/figcaption><\/figure>\n<p style=\"text-align: center;\"><strong>Meble w stylu retro<\/strong> \u2013 urz\u0105d\u017a wn\u0119trze inspirowane starym stylem<\/p>\n<p style=\"text-align: center;\">Sklep internetowy lawendowykredens.pl to miejsce, kt\u00f3re zosta\u0142o stworzone dla ka\u017cdego kto chce urz\u0105dzi\u0107 wn\u0119trze swoich marze\u0144. Je\u017celi jeste\u015b jedn\u0105 z os\u00f3b, kt\u00f3ra ceni unikalny design, ciekawe po\u0142\u0105czenia i nie boi si\u0119 kontrast\u00f3w \u2013 nasza oferta jest dla Ciebie! W ofercie cenionych, europejskich i polskich producent\u00f3w czekaj\u0105 na Ciebie meble, kt\u00f3re pozwol\u0105 na zorganizowanie funkcjonalnego wn\u0119trza: sto\u0142y, krzes\u0142a, szafki do przechowywania i meble pomocnicze takie jak komody i sto\u0142ki. Wyj\u0105tkowe <strong>meble w stylu retro<\/strong> to ciekawe komponenty, dzi\u0119ki kt\u00f3rym w bardzo \u0142atwy i przyjazny dla oka spos\u00f3b zaaran\u017cujesz ka\u017cde pomieszczenie!<\/p>\n<figure style=\"width: 458px\" class=\"wp-caption aligncenter\"><img decoding=\"async\" loading=\"lazy\" class=\"size-medium\" src=\"https:\/\/www.lawendowykredens.pl\/50152-large_default\/szafka-retro.jpg\" alt=\"Br\u0105zowa, kompaktowa szafka w stylu retro z bia\u0142o-szar szuflad\u0105 i drzwiczkami, dodatkowo ozdobiona napisami.\" width=\"458\" height=\"458\" \/><figcaption class=\"wp-caption-text\">Szafka retro<\/figcaption><\/figure>\n<p style=\"text-align: center;\"><strong>Meble postarzane<\/strong> z kolekcji Clayre&amp;Eef, Belldeco i J-Line cudownie odzwierciedlaj\u0105 styl retro, zwany tak\u017ce vintage i antycznym. Proponowane przez nas meble zosta\u0142y zrobione \u00a0z solidnych materia\u0142\u00f3w, przede wszystkim takich jak r\u00f3\u017cne odmiany drewna i metalu. Nawi\u0105zuj\u0105 do nastroju szalonych lat 80. i 90., poczucia wolno\u015bci, klimatu i kreatywno\u015bci. Dost\u0119pne s\u0105 najcz\u0119\u015bciej w kontrastowych kolorach takich jak po\u0142\u0105czenia br\u0105zu z zieleni\u0105, b\u0142\u0119kitem i \u017c\u00f3\u0142ci\u0105. Nie oznacza to jednak, \u017ce nie znajdziesz u nas mebli monochromatycznych w kolorze naturalnego drewna, be\u017cowych lub kremowych. Poza materia\u0142em i wzorami, istotn\u0105 kwesti\u0105 s\u0105 r\u00f3wnie\u017c kompaktowe kszta\u0142ty mebli i wyposa\u017cenie ich wn\u0119trz w liczne p\u00f3\u0142ki i przegr\u00f3dki, kt\u00f3re z pewno\u015bci\u0105 nie jednej osobie mog\u0105 w uporz\u0105dkowaniu rozmaitych rzeczy.<\/p>\n<figure style=\"width: 458px\" class=\"wp-caption aligncenter\"><img decoding=\"async\" loading=\"lazy\" class=\"size-medium\" src=\"https:\/\/www.lawendowykredens.pl\/23274-large_default\/komoda-retro.jpg\" alt=\"Komoda w stylu retro w ciemnych kolorach to jeden z genialnych mebli z kolekcji Portofino.\" width=\"458\" height=\"458\" \/><figcaption class=\"wp-caption-text\">Komoda retro<\/figcaption><\/figure>\n<p style=\"text-align: center;\">\u00a0\u00a0\u00a0\u00a0\u00a0\u00a0\u00a0\u00a0\u00a0\u00a0\u00a0 <strong>Meble w stylu retro<\/strong> to nie tylko gwarancja przyjaznego nastroju i pi\u0119knego wn\u0119trza. Dzi\u0119ki nim mo\u017cesz o\u017cywi\u0107 ka\u017cde pomieszczenie w stylu skandynawskim i nowoczesnym. Przyk\u0142adem takiego maria\u017cu jest po\u0142\u0105czenie ze sob\u0105 aran\u017cacji loftowej, decyduj\u0105c si\u0119 na wprowadzenie do niej mebli z kolorowymi ga\u0142kami lub frontami. Dzi\u0119ki takim po\u0142\u0105czeniom mo\u017cesz wyrazi\u0107 o wiele wi\u0119cej, odzwierciedli\u0107 swoje upodobania estetyczne i nietuzinkowe poczucie stylu. <strong>Postarzane meble<\/strong> maj\u0105 naprawd\u0119 niepowtarzalny design. S\u0105 trwa\u0142e i to w\u0142a\u015bnie dlatego mo\u017cna je u\u017cytkowa\u0107 przez wiele lat. To elementy wyposa\u017cenia wn\u0119trz najwy\u017cszej klasy. S\u0105 nie tylko oryginalne i pi\u0119kne ale tak\u017ce funkcjonalne. \u0141atwo\u015b\u0107 piel\u0119gnacji i wiele mo\u017cliwo\u015bci wykorzystania w r\u00f3\u017cnego typu wn\u0119trzach to g\u0142\u00f3wny pow\u00f3d, dla kt\u00f3rego warto je zam\u00f3wi\u0107 w naszym sklepie.<\/p>\n<p style=\"text-align: center;\">Zastanawiasz si\u0119 jakie <strong>meble w stylu retro<\/strong> mog\u0105 pasowa\u0107 do Twojego domu i na co w szczeg\u00f3lno\u015bci zwr\u00f3ci\u0107 uwag\u0119 podczas wyboru? Na pocz\u0105tku dopasuj rozmiar mebla do wymiar\u00f3w wn\u0119trza, kt\u00f3re planujesz urz\u0105dzi\u0107 lub doposa\u017cy\u0107. We wn\u0119trzach takich jak ma\u0142e mieszkania w blokach, \u0142azienki i kameralne kuchnie doskonale sprawdzaj\u0105 si\u0119 kompaktowe i praktyczne meble, kt\u00f3re nie zajmuj\u0105 a\u017c tak du\u017co miejsca, a jednocze\u015bnie przyczyniaj\u0105 si\u0119 do zwi\u0119kszenia jego funkcjonalno\u015bci, oferuj\u0105c miejsce do przechowywania niezb\u0119dnych akcesori\u00f3w i bibelot\u00f3w.<\/p>\n<figure style=\"width: 458px\" class=\"wp-caption aligncenter\"><img decoding=\"async\" loading=\"lazy\" class=\"size-medium\" src=\"https:\/\/www.lawendowykredens.pl\/76255-large_default\/krzeslo-w-stylu-retro.jpg\" alt=\"Krzes\u0142o w stylu retro oparte na stela\u017cu z metalu w kolorze zielonym doskonale nadaje si\u0119 do kuchni i do baru.\" width=\"458\" height=\"458\" \/><figcaption class=\"wp-caption-text\">Krzes\u0142o retro<\/figcaption><\/figure>\n<p style=\"text-align: center;\">Podsumowuj\u0105c \u2013<strong>meble w stylu retro<\/strong> nie jedno maj\u0105 imi\u0119. Zaliczaj\u0105 si\u0119 do nich meble w stylu vintage, meble antyczne, shabby chic oraz francuskie i prowansalskie. Nie tylko pi\u0119knie si\u0119 prezentuj\u0105, ale dzi\u0119ki przemy\u015blanemu uk\u0142adowi p\u00f3lek i szuflad oferuj\u0105 ogromn\u0105 przestrze\u0144 do przechowywania rozmaitych przedmiot\u00f3w. Dokonaj osza\u0142amiaj\u0105cych zmian w wyposa\u017ceniu swojego domu wybieraj\u0105c meble, kt\u00f3re aktualnie ciesz\u0105 si\u0119 ogromn\u0105 popularno\u015bci\u0105. Mo\u017cesz je mie\u0107 ju\u017c niebawem \u2013 wystarczy, \u017ce z\u0142o\u017cysz zam\u00f3wienie w naszym sklepie Lawendowy Kredens \u2013 a my zajmiemy si\u0119 bezpiecznym zapakowaniem Twoich nowych mebli i dostarczeniem ich prosto pod Twoje drzwi. Nie zwlekaj i odwied\u017a nasz sklep ju\u017c teraz!<\/p>\n<p style=\"text-align: center;\">\n<p style=\"text-align: center;\">\n","protected":false},"excerpt":{"rendered":"<p>Postarzane meble w stylu retro &#8211; szukaj ich w sklepie lawendowykredens.pl! Je\u017celi interesuj\u0105 Ci\u0119 meble w stylu retro najwy\u017cszej jako\u015bci, cenisz wyczucie stylu i dba\u0142o\u015b\u0107 o ka\u017cdy detal oraz oryginalno\u015b\u0107 \u2013 w naszym sklepie Lawendowy Kredens czekaj\u0105 na Ciebie meble, o kt\u00f3rych od dawna marzy\u0142e\u015b! Zainspirowani starym stylem i latami 80. przygotowali\u015bmy dla Pa\u0144stwa wyj\u0105tkowe &hellip; <a href=\"https:\/\/www.lawendowykredens.pl\/blog\/meble-w-stylu-retro-2\/\" class=\"more-link\">Czytaj dalej <span class=\"screen-reader-text\">Meble w stylu retro<\/span><\/a><\/p>\n","protected":false},"author":1,"featured_media":0,"comment_status":"open","ping_status":"open","sticky":false,"template":"","format":"standard","meta":[],"categories":[1],"tags":[],"_links":{"self":[{"href":"https:\/\/www.lawendowykredens.pl\/blog\/wp-json\/wp\/v2\/posts\/1744"}],"collection":[{"href":"https:\/\/www.lawendowykredens.pl\/blog\/wp-json\/wp\/v2\/posts"}],"about":[{"href":"https:\/\/www.lawendowykredens.pl\/blog\/wp-json\/wp\/v2\/types\/post"}],"author":[{"embeddable":true,"href":"https:\/\/www.lawendowykredens.pl\/blog\/wp-json\/wp\/v2\/users\/1"}],"replies":[{"embeddable":true,"href":"https:\/\/www.lawendowykredens.pl\/blog\/wp-json\/wp\/v2\/comments?post=1744"}],"version-history":[{"count":1,"href":"https:\/\/www.lawendowykredens.pl\/blog\/wp-json\/wp\/v2\/posts\/1744\/revisions"}],"predecessor-version":[{"id":1745,"href":"https:\/\/www.lawendowykredens.pl\/blog\/wp-json\/wp\/v2\/posts\/1744\/revisions\/1745"}],"wp:attachment":[{"href":"https:\/\/www.lawendowykredens.pl\/blog\/wp-json\/wp\/v2\/media?parent=1744"}],"wp:term":[{"taxonomy":"category","embeddable":true,"href":"https:\/\/www.lawendowykredens.pl\/blog\/wp-json\/wp\/v2\/categories?post=1744"},{"taxonomy":"post_tag","embeddable":true,"href":"https:\/\/www.lawendowykredens.pl\/blog\/wp-json\/wp\/v2\/tags?post=1744"}],"curies":[{"name":"wp","href":"https:\/\/api.w.org\/{rel}","templated":true}]}}