{"id":1735,"date":"2020-03-11T23:40:40","date_gmt":"2020-03-11T22:40:40","guid":{"rendered":"http:\/\/blog.lawendowykredens.pl\/?p=1735"},"modified":"2020-03-11T23:40:55","modified_gmt":"2020-03-11T22:40:55","slug":"1735-2","status":"publish","type":"post","link":"https:\/\/www.lawendowykredens.pl\/blog\/1735-2\/","title":{"rendered":"Lampy Belldeco"},"content":{"rendered":"<p style=\"text-align: center;\">Lampy do Twojego salonu, kuchni i \u0142azienki? Wyb\u00f3r jest prosty gdy mo\u017cesz wybiera\u0107 w <a href=\"https:\/\/www.lawendowykredens.pl\/pl\/szukaj?controller=search&amp;orderby=quantity&amp;orderway=desc&amp;search_query=lampa+belldeco&amp;submit_search=\">l<span style=\"text-decoration: underline;\"><strong>ampach Belldeco w naszym sklepie!<\/strong><\/span><\/a><\/p>\n<p style=\"text-align: center;\">Zastanawiasz si\u0119, jaki spos\u00f3b b\u0119dzie najlepszy aby urz\u0105dzi\u0107 wn\u0119trze modnie i praktycznie? Pozw\u00f3l sobie na metamorfoz\u0119 razem z naszym sklepem internetowym wybieraj\u0105c najpi\u0119kniejsze <strong>lampy<\/strong> <strong>Belldeco<\/strong>! Dzi\u0119ki nim Twoje wn\u0119trze b\u0119d\u0105 nie tylko niezwykle pi\u0119kne, ale r\u00f3wnie\u017c klimatycznie rozja\u015bnione. Poznaj nasze, najcenniejsze pere\u0142ki.\u00a0Lubisz prostot\u0119? A mo\u017ce to w\u0142a\u015bnie bogate zdobienia sprawiaj\u0105, \u017ce czujesz si\u0119 wyj\u0105tkowo? Lawendowy Kredens to doskona\u0142e miejsce aby zainspirowa\u0107 si\u0119 i wprowadzi\u0107 do swojego domu wymarzone elementy o\u015bwietlenia wn\u0119trza. Wszystko za spraw\u0105 bogatej oferty lamp o rozmaitych formach. Niepowtarzalne kszta\u0142ty przypadn\u0105 do gustu wszystkim klientom \u2013 zar\u00f3wno zwolennikom tradycyjnych form jak r\u00f3wnie\u017c tych bardziej dekoracyjnych, awangardowych modeli.<\/p>\n<figure style=\"width: 458px\" class=\"wp-caption aligncenter\"><img decoding=\"async\" loading=\"lazy\" class=\"size-medium\" src=\"https:\/\/www.lawendowykredens.pl\/33189-large_default\/lampa-belldeco.jpg\" alt=\"STylowa, a\u017curowa lampa w kszta\u0142cie kropli wykoanan jest z metalu w kolorze czarnym.\" width=\"458\" height=\"458\" \/><figcaption class=\"wp-caption-text\">Lampa Belldeco Nero<\/figcaption><\/figure>\n<p style=\"text-align: center;\">\u00a0Je\u017celi chodzi o wyb\u00f3r element\u00f3w o\u015bwietlenia do kuchni, zasada jest oczywista i znana \u00a0\u2013 w tym pomieszczeniu musi by\u0107 przede wszystkim jasno! <strong>Marka Belledeco<\/strong> i jej bogata oferta z pewno\u015bci\u0105 u\u0142atwi\u0105 Ci poszukiwania idealnej lampy do kuchennej przestrzeni. Gotowanie, krojenie, przygotowywanie potraw, a nawet zamiatanie i czyszczenie blat\u00f3w &#8211; b\u0119d\u0105 o wiele \u0142atwiejsze je\u015bli zdecydujesz si\u0119 na metalow\u0105 lub szklan\u0105 lamp\u0119 i zamontujesz j\u0105 w centralnym punkcie w kuchni. Aby\u015b m\u00f3g\u0142 wszystkie te czynno\u015bci wykonywa\u0107 bezpiecznie i dok\u0142adnie mo\u017cesz wybra\u0107 dodatkowe o\u015bwietlenie w postaci lampki sto\u0142owej lub po porostu zam\u00f3wi\u0107 <strong>lampy Belldeco<\/strong> z dwoma lub wi\u0119cej \u017ar\u00f3d\u0142ami \u015bwiat\u0142a.<\/p>\n<figure style=\"width: 458px\" class=\"wp-caption aligncenter\"><img decoding=\"async\" loading=\"lazy\" class=\"size-medium\" src=\"https:\/\/www.lawendowykredens.pl\/75576-large_default\/lampa-belldeco.jpg\" alt=\"Zlota lampa to doskona\u0142y wyb\u00f3r do eleganckiego wn\u0119trza.\" width=\"458\" height=\"458\" \/><figcaption class=\"wp-caption-text\">Z\u0142ota lampa<\/figcaption><\/figure>\n<p style=\"text-align: center;\">Sypialnia to wyj\u0105tkowe miejsce w ka\u017cdym domu. To doskona\u0142a przestrze\u0144 aby odpocz\u0105\u0107 i zrelaksowa\u0107 si\u0119 po ka\u017cdym dniu. Odpowiednio dobrane \u015bwiat\u0142o zapewni Ci przytulny nastr\u00f3j w sypialni i klimatyczn\u0105 atmosfer\u0119, kluczow\u0105 podczas odpoczynku. <strong>Lampy Belldeco<\/strong> do sypialni b\u0119d\u0105 najbardziej przydatne podczas wieczor\u00f3w z ksi\u0105\u017ck\u0105 w \u0142\u00f3\u017cku, ale r\u00f3wnie\u017c wtedy gdy wstajesz wcze\u015bnie rano i chcesz znale\u017a\u0107 niezb\u0119dne akcesoria w jednej z szuflad szafki nocnej. W\u00f3wczas przyda si\u0119 <strong>lampka nocna Belldeco<\/strong>, kt\u00f3ra nie o\u015blepi Ci\u0119, a jedynie delikatnie roz\u015bwietli przestrze\u0144 wok\u00f3\u0142 \u0142\u00f3\u017cka by\u015b m\u00f3g\u0142 powoli si\u0119 rozbudzi\u0107. Najlepszym rozwi\u0105zaniem jest wyb\u00f3r kilku mniejszych punkt\u00f3w \u015bwietlnych, kinkiet\u00f3w lub lamp sto\u0142owych.<\/p>\n<p style=\"text-align: center;\">W poszukiwaniu swojej wymarzonej lampy, cz\u0119sto wybieramy interesuj\u0105ce, alternatywne rozwi\u0105zania. <strong>Marka Belldeco<\/strong> to producent, kt\u00f3ry daje Ci ogrom mo\u017cliwo\u015bci. Aby element o\u015bwietlenia wn\u0119trza dobrze komponowa\u0142 si\u0119 z pozosta\u0142ymi elementami wystroju, poszukaj minimalistycznej lampy o niewielkiej \u015brednicy. Mo\u017ce by\u0107 to metalowa lub szklana lampa, jak r\u00f3wnie\u017c lampion, kt\u00f3ry sprawdzi si\u0119 na komodzie lub na konsoli. Co wi\u0119cej \u2013 nie musisz decydowa\u0107 si\u0119 na lampy w tym samym stylu. \u0141\u0105cz\u0105c ze sob\u0105 \u017cyrandole, lampy sto\u0142owe i kinkiety z kilku r\u00f3\u017cnych kolekcji mo\u017cesz liczy\u0107 na bardzo oryginalny efekt aran\u017cacyjny. Jedyne na co powiniene\u015b zwr\u00f3ci\u0107 uwag\u0119 to kolorystyka i kszta\u0142t wybieranych lamp.<\/p>\n<figure style=\"width: 458px\" class=\"wp-caption aligncenter\"><img decoding=\"async\" loading=\"lazy\" class=\"size-medium\" src=\"https:\/\/www.lawendowykredens.pl\/33193-large_default\/lampa-klatka.jpg\" alt=\"Czarna lampa w formie klatki z dekoracyjnymi \u017car\u00f3wkami wewn\u0105trz jest pi\u0119kna.\" width=\"458\" height=\"458\" \/><figcaption class=\"wp-caption-text\">Lampa klatka<\/figcaption><\/figure>\n<p style=\"text-align: center;\">Je\u017celi nale\u017cysz do os\u00f3b, kt\u00f3re wi\u0119kszo\u015b\u0107 czasu sp\u0119dzaj\u0105 w biurze lub w gabinecie \u2013 dla Ciebie r\u00f3wnie\u017c mamy ciekawe propozycje. <strong>Marka Belldeco<\/strong> zaprojektowa\u0142a kolekcje lamp burkowych w r\u00f3\u017cnych stylach, co u\u0142atwi wyb\u00f3r odpowiedniego modelu. Do wn\u0119trz loftowych polecamy <strong>lampki na biurko <\/strong>wykonane w ca\u0142o\u015bci z metalu, chromowane jak r\u00f3wnie\u017c te w stylu industrialnym. Oba style s\u0105 do siebie bardzo podobne i \u015bwietnie wygl\u0105daj\u0105 w po\u0142\u0105czeniu z nowoczesnymi elementami wyposa\u017cenia wn\u0119trz. Dzi\u0119ki nim zyskasz nie tylko stylow\u0105 ozdob\u0119 biurka ale r\u00f3wnie\u017c funkcjonalny element, kt\u00f3ry oka\u017ce si\u0119 niezwodnym pomocnikiem ka\u017cdego dnia! Marzysz o kompaktowym, wygodnym i dobrze o\u015bwietlonym miejscu pracy? Zam\u00f3w <strong>o\u015bwietlenie Belldeco<\/strong> w naszym sklepie, ju\u017c dzisiaj!<\/p>\n<figure style=\"width: 458px\" class=\"wp-caption aligncenter\"><img decoding=\"async\" loading=\"lazy\" class=\"size-medium\" src=\"https:\/\/www.lawendowykredens.pl\/43514-large_default\/lampa-belldeco.jpg\" alt=\"Du\u017ca lampa wisz\u0105ca wykonana zosta\u0142a z koralik\u00f3w w odcieniach be\u017cu i br\u0105zu.\" width=\"458\" height=\"458\" \/><figcaption class=\"wp-caption-text\">Lampa Belldeco Vintage<\/figcaption><\/figure>\n<p style=\"text-align: center;\">Podsumowuj\u0105c, lampy to jedne z niezast\u0105pionych i obowi\u0105zkowych element\u00f3w wyposa\u017cenia ka\u017cdego wn\u0119trza, niezale\u017cnie od tego w jakim stylu je urz\u0105dzono.<br \/>\nNic tak nie podkre\u015bli designu wn\u0119trza jak odpowiednie elementy jego o\u015bwietlenia, kinkiety, \u017cyrandole, lampiony, lampki sto\u0142owe i wiele, wiele innych! <strong>Marka Beldleco<\/strong> w swoich projektach stawia na po\u0142\u0105czenie praktyczno\u015bci produktu z jego funkcj\u0105 dekoracyjn\u0105. Stylowe kinkiety i lampy w stylu prowansalskim, du\u017ce \u017cyrandole i ma\u0142e lampki nocne w klimacie sielskich W\u0142och, reflektory na metalowych podstawach i lampki na biurko w stylu angielskim, lampy sto\u0142owe i pod\u0142ogowe, lampy z aba\u017curami i bez.. U nas znajdziesz wszystko czego potrzebujesz!<\/p>\n","protected":false},"excerpt":{"rendered":"<p>Lampy do Twojego salonu, kuchni i \u0142azienki? Wyb\u00f3r jest prosty gdy mo\u017cesz wybiera\u0107 w lampach Belldeco w naszym sklepie! Zastanawiasz si\u0119, jaki spos\u00f3b b\u0119dzie najlepszy aby urz\u0105dzi\u0107 wn\u0119trze modnie i praktycznie? Pozw\u00f3l sobie na metamorfoz\u0119 razem z naszym sklepem internetowym wybieraj\u0105c najpi\u0119kniejsze lampy Belldeco! Dzi\u0119ki nim Twoje wn\u0119trze b\u0119d\u0105 nie tylko niezwykle pi\u0119kne, ale r\u00f3wnie\u017c &hellip; <a href=\"https:\/\/www.lawendowykredens.pl\/blog\/1735-2\/\" class=\"more-link\">Czytaj dalej <span class=\"screen-reader-text\">Lampy Belldeco<\/span><\/a><\/p>\n","protected":false},"author":1,"featured_media":0,"comment_status":"open","ping_status":"open","sticky":false,"template":"","format":"standard","meta":[],"categories":[1],"tags":[],"_links":{"self":[{"href":"https:\/\/www.lawendowykredens.pl\/blog\/wp-json\/wp\/v2\/posts\/1735"}],"collection":[{"href":"https:\/\/www.lawendowykredens.pl\/blog\/wp-json\/wp\/v2\/posts"}],"about":[{"href":"https:\/\/www.lawendowykredens.pl\/blog\/wp-json\/wp\/v2\/types\/post"}],"author":[{"embeddable":true,"href":"https:\/\/www.lawendowykredens.pl\/blog\/wp-json\/wp\/v2\/users\/1"}],"replies":[{"embeddable":true,"href":"https:\/\/www.lawendowykredens.pl\/blog\/wp-json\/wp\/v2\/comments?post=1735"}],"version-history":[{"count":2,"href":"https:\/\/www.lawendowykredens.pl\/blog\/wp-json\/wp\/v2\/posts\/1735\/revisions"}],"predecessor-version":[{"id":1737,"href":"https:\/\/www.lawendowykredens.pl\/blog\/wp-json\/wp\/v2\/posts\/1735\/revisions\/1737"}],"wp:attachment":[{"href":"https:\/\/www.lawendowykredens.pl\/blog\/wp-json\/wp\/v2\/media?parent=1735"}],"wp:term":[{"taxonomy":"category","embeddable":true,"href":"https:\/\/www.lawendowykredens.pl\/blog\/wp-json\/wp\/v2\/categories?post=1735"},{"taxonomy":"post_tag","embeddable":true,"href":"https:\/\/www.lawendowykredens.pl\/blog\/wp-json\/wp\/v2\/tags?post=1735"}],"curies":[{"name":"wp","href":"https:\/\/api.w.org\/{rel}","templated":true}]}}