{"id":1731,"date":"2020-03-03T22:16:31","date_gmt":"2020-03-03T21:16:31","guid":{"rendered":"http:\/\/blog.lawendowykredens.pl\/?p=1731"},"modified":"2020-03-03T22:17:21","modified_gmt":"2020-03-03T21:17:21","slug":"1731-2","status":"publish","type":"post","link":"https:\/\/www.lawendowykredens.pl\/blog\/1731-2\/","title":{"rendered":"Skandynawskie meble i dodatki do pokoju dzieci\u0119cego"},"content":{"rendered":"<p style=\"text-align: center;\">Meble w stylu skandynawskim do pokoju dzieci\u0119cego &#8211; znajdziesz je na stronie <a href=\"https:\/\/www.lawendowykredens.pl\/pl\/szukaj?controller=search&amp;orderby=quantity&amp;orderway=desc&amp;search_query=dzieci%C4%99c&amp;submit_search=\">lawendowykredens.pl!<\/a><\/p>\n<figure style=\"width: 458px\" class=\"wp-caption aligncenter\"><img decoding=\"async\" loading=\"lazy\" class=\"size-medium\" src=\"https:\/\/www.lawendowykredens.pl\/76016-large_default\/regal-do-pokoju-dzieciecego.jpg\" alt=\"Ten oryginalny rega\u0142 domek wyposa\u017cony jest w ogromn\u0105 ilo\u015b\u0107 p\u00f3\u0142ek, kt\u00f3re mo\u017cesz przeznaczy\u0107 na zabawki i nie tylko.\" width=\"458\" height=\"458\" \/><figcaption class=\"wp-caption-text\">Rega\u0142 domek<\/figcaption><\/figure>\n<p style=\"text-align: center;\">Zastanawiasz si\u0119, jak urz\u0105dzi\u0107 pok\u00f3j dzieci\u0119cy i jakie <strong>meble dzieci\u0119ce<\/strong> wybra\u0107? Wbrew pozorom to bardzo proste zadanie, wystarczy kierowa\u0107 si\u0119 okre\u015blonymi zasadami. W tym artykule podpowiemy Ci,\u00a0jak zaaran\u017cowa\u0107 pok\u00f3j dziecka\u00a0i czym si\u0119 kierowa\u0107, by by\u0142 on jednocze\u015bnie stylowy, \u0142adny i funkcjonalny.<\/p>\n<figure style=\"width: 458px\" class=\"wp-caption aligncenter\"><img decoding=\"async\" loading=\"lazy\" class=\"size-medium\" src=\"https:\/\/www.lawendowykredens.pl\/41173-large_default\/lampka-dziecieca.jpg\" alt=\"Pod\u0142u\u017cna lampka dzieci\u0119ca z bia\u0142ym aba\u017curem na stabilnej podstawie jest ozdobiona kolorowym i wzorzystym napisem \" width=\"458\" height=\"458\" \/><figcaption class=\"wp-caption-text\">Lampka Baby<\/figcaption><\/figure>\n<p style=\"text-align: center;\">Na pocz\u0105tku zastan\u00f3w si\u0119 ( a mo\u017ce ju\u017c wiesz) w jakim stylu chcesz zaaran\u017cowa\u0107 pok\u00f3j dziecka? Przygotowuj\u0105c si\u0119 do przyj\u015bcia na \u015bwiat pierwszego lub kolejnego dziecka chcemy zagwarantowa\u0107 mu jak najlepsze przywitanie. Nale\u017cy pami\u0119ta\u0107 jednak, \u017ce pok\u00f3j noworodka ma s\u0142u\u017cy\u0107 przede wszystkim waszej wygodzie! Na pocz\u0105tku swojej drogi maluch z pewno\u015bci\u0105 nie b\u0119dzie m\u00f3g\u0142 korzysta\u0107 z funkcjonalno\u015bci ca\u0142ego pokoju. Polecamy zatem wybra\u0107 takie <strong>meble do pokoju dzieci\u0119cego<\/strong>, kt\u00f3re s\u0105 przede wszystkim praktyczne. Polecamy przede wszystkim\u00a0 pojemne szafki na pieluchy, komody z obszernymi blatami i p\u00f3\u0142ki \u015bcienne. Niezb\u0119dne s\u0105 r\u00f3wnie\u017c elementy o\u015bwietlenia wn\u0119trza. Doskona\u0142ym wyborem b\u0119dzie <strong>lampka dzieci\u0119ca<\/strong> na szafk\u0119 przy \u0142\u00f3\u017ceczku bobasa i du\u017ca, jasna lampa zawieszona w centralnym punkcie po\u015brodku sufitu.<\/p>\n<figure style=\"width: 458px\" class=\"wp-caption aligncenter\"><img decoding=\"async\" loading=\"lazy\" class=\"size-medium\" src=\"https:\/\/www.lawendowykredens.pl\/29471-large_default\/kocyk-dzieciecy.jpg\" alt=\"Bia\u0142y, mi\u0119kki kocyk udekorowany zosta\u0142 niebieskim kr\u00f3likiem.\" width=\"458\" height=\"458\" \/><figcaption class=\"wp-caption-text\">Kocyk z Kr\u00f3likiem<\/figcaption><\/figure>\n<p style=\"text-align: center;\">Doskonale wiemy, \u017ce ju\u017c samo ogl\u0105danie fotografii z aran\u017cacjami pokoi dzieci\u0119cych sprawia, \u017ce masz milion pomys\u0142\u00f3w jak urz\u0105dzi\u0107 to wn\u0119trze. Ten artyku\u0142 przyczyni si\u0119 do tego, \u017ce nabierzesz jeszcze wi\u0119cej ch\u0119ci do pracy i zmiany wygl\u0105du zwyk\u0142ego pokoju w niebia\u0144ski i urokliwy zak\u0105tek. Jednymi z najcz\u0119\u015bciej wybieranych element\u00f3w wyposa\u017cenia do pokoju dzieci\u0119cego s\u0105 <strong>meble w stylu skandynawskim<\/strong> oraz meble w stylu prowansalskim. Dlaczego? Powodem jest przede wszystkim jasna, stonowana kolorystyka ka\u017cdego z tych element\u00f3w jak r\u00f3wnie\u017c nieocenione mo\u017cliwo\u015bci praktyczne. Co zrobi\u0107 by wybra\u0107 meble, kt\u00f3re b\u0119d\u0105 do siebie pasowa\u0142y, nie b\u0119d\u0105 niepotrzebnie rozprasza\u0142y dziecka i wspomog\u0105 jego rozw\u00f3j? To wcale nie jest takie trudne. Na pocz\u0105tku wystarczy pojemna <strong>komoda w stylu skandynawskim<\/strong> oraz jasne \u017ar\u00f3d\u0142o \u015bwiat\u0142a.<\/p>\n<figure style=\"width: 458px\" class=\"wp-caption aligncenter\"><img decoding=\"async\" loading=\"lazy\" class=\"size-medium\" src=\"https:\/\/www.lawendowykredens.pl\/76025-large_default\/szafka-do-pokoju-dzieciecego.jpg\" alt=\"Pojemna szafka z charakterystycznymi, pojedynczymi drzwiami z okienkami.\" width=\"458\" height=\"458\" \/><figcaption class=\"wp-caption-text\">Szafka do pokoju dzieci\u0119cego<\/figcaption><\/figure>\n<p style=\"text-align: center;\">Poza praktyczno\u015bci\u0105, w pokoju ka\u017cdego dziecka (jak pewnie ju\u017c doskonale wiesz) liczy si\u0119 r\u00f3wnie\u017c kolorystyka. Pomimo tego, \u017ce biel na \u015bcianach i pastelowe meble to zdecydowanie hit w aran\u017cacji pokoi dzieci\u0119cych, wcale nie musisz si\u0119 do nich stosowa\u0107. W naszym sklepie znajdziesz <strong>meble dzieci\u0119ce<\/strong> w oryginalnych kszta\u0142tach \u2013 takie jak na przyk\u0142ad szafki w kszta\u0142cie domk\u00f3w z wyci\u0119tymi oknami. Z takich mebli z pewno\u015bci\u0105 uciesz\u0105 si\u0119 maluchy, kt\u00f3re potrafi\u0105 ju\u017c stawia\u0107 pierwsze kroki. Je\u015bli chcesz dodatkowo zainteresowa\u0107 swoje dziecko i zainspirowa\u0107 je do ciekawej zabawy \u2013 mo\u017cesz pod\u015bwietli\u0107 p\u00f3\u0142ki wewn\u0105trz za pomoc\u0105 lampek led, tak aby domek wygl\u0105da\u0142 jeszcze bardziej bajkowo.<\/p>\n<p style=\"text-align: center;\">Dodatkowo w naszym sklepie internetowym znajdziesz tak\u017ce dodatki podnosz\u0105ce funkcjonalno\u015b\u0107 i komfort \u0142\u00f3\u017ceczek w zale\u017cno\u015bci od Twoich potrzeb. Oferujemy Pa\u0144stwu bawe\u0142niane poduszki, mi\u0119kkie kocyki ze zwierzakami i plecione dywaniki. Kolejnym, istotnym elementem wyposa\u017cenia pokoju dzieci\u0119cego s\u0105 <strong>lampki dzieci\u0119ce.<\/strong> Pami\u0119taj, \u017ce to one wprowadzaj\u0105 do wn\u0119trza mn\u00f3stwo klimatu i przytuln\u0105 aur\u0119. Poza meblami to niezb\u0119dne dodatki. U nas znajdziesz wiele ciekawych propozycji takich jak mi\u0119dzy innymi sprawdzone cotton balls, lampki w kszta\u0142cie chmurek, anio\u0142k\u00f3w i bajkowych zwierz\u0105t. Znajdziesz tu r\u00f3wnie\u017c co\u015b dla starszych pociech. To nieskomplikowane w swojej formie lampki na biurko zapewniaj\u0105ce efektywn\u0105 nauk\u0119 i optymalne o\u015bwietlenie podczas czytania lektury po zmroku.<\/p>\n<figure style=\"width: 458px\" class=\"wp-caption aligncenter\"><img decoding=\"async\" loading=\"lazy\" class=\"size-medium\" src=\"https:\/\/www.lawendowykredens.pl\/46913-large_default\/kocyk-dzieciecy-pluszowy-.jpg\" alt=\"Uroczy, bia\u0142y kocyk z pluszakiem w zestawie to \u015bwietny pomys\u0142 na prezent dla ka\u017cdej mamy!\" width=\"458\" height=\"458\" \/><figcaption class=\"wp-caption-text\">Zestaw dla dziecka<\/figcaption><\/figure>\n<p style=\"text-align: center;\">Polecane przez nas <strong>meble w stylu skandynawskim<\/strong> do pokoi dzieci\u0119cych maj\u0105 w sobie to co\u015b, co sprawia, \u017ce w ca\u0142ym wn\u0119trzu od razu wyczuwalna jest pozytywna i rodzinna atmosfera. Urz\u0105dzaj\u0105c pok\u00f3j dzieci\u0119cy nie mo\u017cesz zapomnie\u0107 r\u00f3wnie\u017c o sobie. Rodzicom polecamy wygodne, du\u017ce fotele z mi\u0119kkimi poduchami, na kt\u00f3rych z pewno\u015bci\u0105 nie raz b\u0119dziecie czytali dziecku ulubion\u0105 ksi\u0105\u017ck\u0119, karmili b\u0105d\u017a po prostu wpatrywali si\u0119 w ten ma\u0142y cud. Serdecznie zapraszamy Ci\u0119 na zakupy do naszego sklepu, kt\u00f3ry s\u0142ynie z propozycji r\u00f3wnie funkcjonalnych co pi\u0119knych i modnych. Nie zwlekaj i urz\u0105d\u017a pok\u00f3j swojego dziecka ju\u017c teraz, razem z nami! Gor\u0105co zapraszamy na niezapomniane i udane zakupy online!<\/p>\n","protected":false},"excerpt":{"rendered":"<p>Meble w stylu skandynawskim do pokoju dzieci\u0119cego &#8211; znajdziesz je na stronie lawendowykredens.pl! Zastanawiasz si\u0119, jak urz\u0105dzi\u0107 pok\u00f3j dzieci\u0119cy i jakie meble dzieci\u0119ce wybra\u0107? Wbrew pozorom to bardzo proste zadanie, wystarczy kierowa\u0107 si\u0119 okre\u015blonymi zasadami. W tym artykule podpowiemy Ci,\u00a0jak zaaran\u017cowa\u0107 pok\u00f3j dziecka\u00a0i czym si\u0119 kierowa\u0107, by by\u0142 on jednocze\u015bnie stylowy, \u0142adny i funkcjonalny. Na &hellip; <a href=\"https:\/\/www.lawendowykredens.pl\/blog\/1731-2\/\" class=\"more-link\">Czytaj dalej <span class=\"screen-reader-text\">Skandynawskie meble i dodatki do pokoju dzieci\u0119cego<\/span><\/a><\/p>\n","protected":false},"author":1,"featured_media":0,"comment_status":"open","ping_status":"open","sticky":false,"template":"","format":"standard","meta":[],"categories":[1],"tags":[],"_links":{"self":[{"href":"https:\/\/www.lawendowykredens.pl\/blog\/wp-json\/wp\/v2\/posts\/1731"}],"collection":[{"href":"https:\/\/www.lawendowykredens.pl\/blog\/wp-json\/wp\/v2\/posts"}],"about":[{"href":"https:\/\/www.lawendowykredens.pl\/blog\/wp-json\/wp\/v2\/types\/post"}],"author":[{"embeddable":true,"href":"https:\/\/www.lawendowykredens.pl\/blog\/wp-json\/wp\/v2\/users\/1"}],"replies":[{"embeddable":true,"href":"https:\/\/www.lawendowykredens.pl\/blog\/wp-json\/wp\/v2\/comments?post=1731"}],"version-history":[{"count":2,"href":"https:\/\/www.lawendowykredens.pl\/blog\/wp-json\/wp\/v2\/posts\/1731\/revisions"}],"predecessor-version":[{"id":1733,"href":"https:\/\/www.lawendowykredens.pl\/blog\/wp-json\/wp\/v2\/posts\/1731\/revisions\/1733"}],"wp:attachment":[{"href":"https:\/\/www.lawendowykredens.pl\/blog\/wp-json\/wp\/v2\/media?parent=1731"}],"wp:term":[{"taxonomy":"category","embeddable":true,"href":"https:\/\/www.lawendowykredens.pl\/blog\/wp-json\/wp\/v2\/categories?post=1731"},{"taxonomy":"post_tag","embeddable":true,"href":"https:\/\/www.lawendowykredens.pl\/blog\/wp-json\/wp\/v2\/tags?post=1731"}],"curies":[{"name":"wp","href":"https:\/\/api.w.org\/{rel}","templated":true}]}}