{"id":1726,"date":"2020-02-19T19:48:18","date_gmt":"2020-02-19T18:48:18","guid":{"rendered":"http:\/\/blog.lawendowykredens.pl\/?p=1726"},"modified":"2020-02-19T19:48:18","modified_gmt":"2020-02-19T18:48:18","slug":"produkty-belldeco","status":"publish","type":"post","link":"https:\/\/www.lawendowykredens.pl\/blog\/produkty-belldeco\/","title":{"rendered":"Produkty Belldeco"},"content":{"rendered":"<p style=\"text-align: center;\">Potrzebujesz niepowtarzalnych element\u00f3w wyposa\u017cenia wn\u0119trza? Szukaj ich na naszej stronie po\u015br\u00f3d tysi\u0105ca<span style=\"text-decoration: underline;\"><strong><a href=\"https:\/\/www.lawendowykredens.pl\/pl\/szukaj?controller=search&amp;orderby=quantity&amp;orderway=desc&amp;search_query=belldeco&amp;submit_search=\"> produkt\u00f3w marki Belldeco.<\/a><\/strong><\/span><\/p>\n<figure style=\"width: 458px\" class=\"wp-caption aligncenter\"><img decoding=\"async\" loading=\"lazy\" class=\"size-medium\" src=\"https:\/\/www.lawendowykredens.pl\/7652-large_default\/mlecznik-i-cukiernica-belldeco.jpg\" alt=\"Stylowy zestaw naczy\u0144: mlecznik i cukiernica to must have na ka\u017cdym stoliku kawowym.\" width=\"458\" height=\"458\" \/><figcaption class=\"wp-caption-text\">Mlecznik i cukiernica Belldeco<\/figcaption><\/figure>\n<p style=\"text-align: center;\">Marka <strong>Belldeco<\/strong> od lat jawi si\u0119 na europejskim rynku jako wybitny producent mebli i dodatk\u00f3w do domu. Celem producenta Belldeco jest nie tylko zaprojektowanie przestrzeni, kt\u00f3ra b\u0119dzie zachwyca\u0142a wizualnie, ale r\u00f3wnie\u017c miejsca w pe\u0142ni funkcjonalnego. W szczeg\u00f3lno\u015bci je\u017celi mowa jest o najbardziej u\u017cytkowych wn\u0119trzach: \u0142azienkach, przedpokojach i kuchniach. W zale\u017cno\u015bci od tego jakie pomieszczenie urz\u0105dzasz \u2013 potrzebujesz zr\u00f3\u017cnicowanych akcesori\u00f3w. Jeste\u015bmy pewni, \u017ce <strong>produkty Belldeco<\/strong> spe\u0142ni\u0105 Pa\u0144stwa oczekiwania i oka\u017c\u0105 si\u0119 trafnym wyborem. W poni\u017cszym artykule przedstawimy Ci najciekawsze propozycje.<\/p>\n<p style=\"text-align: center;\">Wyposa\u017cenie kuchni<\/p>\n<figure style=\"width: 700px\" class=\"wp-caption aligncenter\"><img decoding=\"async\" loading=\"lazy\" class=\"size-medium\" src=\"https:\/\/www.lawendowykredens.pl\/27816-thickbox_default\/talerz-belldeco.jpg\" alt=\"Subtelnie niebieskie talerze od Belldeco - pomys\u0142 na zaskakuj\u0105c\u0105 zastaw\u0119 sto\u0142ow\u0105.\" width=\"700\" height=\"700\" \/><figcaption class=\"wp-caption-text\">Talerze Fiore Blue<\/figcaption><\/figure>\n<p style=\"text-align: center;\">Kuchnia to serce ka\u017cdego domu. To w\u0142a\u015bnie tutaj zaczyna si\u0119 i ko\u0144czy codzienne \u017cycie. To tutaj, codziennie przy stole dzielimy si\u0119 radosnymi prze\u017cyciami z ca\u0142\u0105 rodzin\u0105, spo\u017cywamy wsp\u00f3lnie posi\u0142ki, a kiedy istnieje taka potrzeba \u2013 samotnie relaksujemy si\u0119 z fili\u017cank\u0105 ulubionej kawy. Urz\u0105dzaj\u0105c sw\u00f3j dom warto zatem zacz\u0105\u0107 od najwa\u017cniejszego w nim pomieszczenia. Proponujemy Pa\u0144stwu <strong>meble Belldeco<\/strong> w kilku ciekawych stylach: skandynawskim, prowansalskim, francuskim i loftowym. Ka\u017cdy z nich \u015bwietnie pasuje do nowoczesnych i wsp\u00f3\u0142czesnych wn\u0119trz. To, na kt\u00f3ry z nich si\u0119 ostatecznie zdecydujesz zale\u017cy wy\u0142\u0105cznie od Twoich preferencji. Chcesz by by\u0142o klimatycznie? Wybierz <strong>produkty Belldeco<\/strong> z kolekcji Bristol White. To idealne po\u0142\u0105czenie br\u0105zowego drewna z biel\u0105 jak r\u00f3wnie\u017c solidna konstrukcja i atrakcyjny wygl\u0105d. Taki zastrzyk szyku z pewno\u015bci\u0105 odmieni ka\u017cd\u0105 kuchni\u0119 i nada jej wyrazisto\u015bci!<\/p>\n<p style=\"text-align: center;\"><strong>Meble Belldeco<\/strong> do \u0142azienki<\/p>\n<figure style=\"width: 458px\" class=\"wp-caption aligncenter\"><img decoding=\"async\" loading=\"lazy\" class=\"size-medium\" src=\"https:\/\/www.lawendowykredens.pl\/12732-large_default\/wieszak-do-lazienki.jpg\" alt=\"Wieszak do \u0142azienki w kszta\u0142cie wanny z pojedynczym haczykiem i napisem Bath.\" width=\"458\" height=\"458\" \/><figcaption class=\"wp-caption-text\">Wieszak do \u0142azienki<\/figcaption><\/figure>\n<p style=\"text-align: center;\">\u0141azienka to miejsce, w kt\u00f3rym nie tylko zaspokajamy swoje potrzeby fizjologiczne, ale tak\u017ce odpr\u0119\u017camy si\u0119 bior\u0105c gor\u0105c\u0105 k\u0105piel lub piel\u0119gnujemy nasze cia\u0142a. W ofercie producenta <strong>Belldeco<\/strong> czekaj\u0105 na Ciebie naprawd\u0119 niepowtarzalne propozycje. Znajdziesz tu nie tylko meble, ale tak\u017ce wiele innych, pomocniczych akcesori\u00f3w. Nasi klienci do urz\u0105dzenia \u0142azienki najcz\u0119\u015bciej wybieraj\u0105 meble wykonane z metalu. Dlaczego? Odpowied\u017a jest prosta: poniewa\u017c to jedne z najsolidniejszych mebli dost\u0119pnych na rynku. Poza tym s\u0105 o wiele \u0142atwiejsze w piel\u0119gnacji ni\u017c na przyk\u0142ad meble drewniane b\u0105d\u017a szklane. Je\u015bli dysponujesz niewielkim metra\u017cem \u2013 wybierz meble, kt\u00f3re mo\u017cesz zamontowa\u0107 na \u015bcianie: p\u00f3\u0142ki \u015bcienne, wieszaki b\u0105d\u017a organizer. W naszym sklepie s\u0105 dost\u0119pne w rozmaitych wersjach kolorystycznych, dzi\u0119ki czemu z \u0142atwo\u015bci\u0105 dokonasz w\u0142a\u015bciwego wyboru.<\/p>\n<p style=\"text-align: center;\">Salon w stylu prowansalskim?<\/p>\n<figure style=\"width: 458px\" class=\"wp-caption aligncenter\"><img decoding=\"async\" loading=\"lazy\" class=\"size-medium\" src=\"https:\/\/www.lawendowykredens.pl\/42099-large_default\/sofa-belldeco.jpg\" alt=\"Pastelowa sofa obita mi\u0119kkim materia\u0142em, kt\u00f3ry zapewnia komfortowy i efektywny wypoczynek.\" width=\"458\" height=\"458\" \/><figcaption class=\"wp-caption-text\">Sofa Kent<\/figcaption><\/figure>\n<p style=\"text-align: center;\">Salon to wn\u0119trze, kt\u00f3re podobnie jak kuchnia potrafi zbli\u017ca\u0107 do siebie ludzi i zacie\u015bnia\u0107 wi\u0119zi. To pomieszczenie r\u00f3wnie\u017c warto zaaran\u017cowa\u0107 wykorzystuj\u0105c do tego <strong>meble Belldeco<\/strong>. W sklepie Lawendowy Kredens znajdziesz elementy wyposa\u017cenia wn\u0119trza w stylu prowansalskim. Marka <strong>Belldeco<\/strong> jako jeden z niewielu polskich producent\u00f3w \u015bwietnie odnajduje si\u0119 w projektowaniu mebli do francuskich wn\u0119trz. Oferuje Pa\u0144stwu wygodne fotele, sofy i pasuj\u0105ce do nich stoliki kawowe oraz pufy. To wystarczy by zacz\u0105\u0107 przygod\u0119 z aran\u017cacj\u0105 swojego wymarzonego salonu. Je\u015bli wybierzesz ju\u017c podstawowe elementy warto dobra\u0107 do nich ciekawy wazon, os\u0142onki na kwiaty, zas\u0142ony i lampy by ca\u0142o\u015b\u0107 nabra\u0142a kolorytu i sta\u0142a si\u0119 niepowtarzalna. Mocno wierzymy, \u017ce w naszym sklepie znajduje si\u0119 wszystko czego potrzebujesz by mie\u0107 satysfakcj\u0119 z samodzielnie wykonanej aran\u017cacji.<\/p>\n<p style=\"text-align: center;\">Inne <strong>produkty Belldeco<\/strong><\/p>\n<figure style=\"width: 458px\" class=\"wp-caption aligncenter\"><img decoding=\"async\" loading=\"lazy\" class=\"size-medium\" src=\"https:\/\/www.lawendowykredens.pl\/8002-large_default\/lustro-belldeco.jpg\" alt=\"Lustro w formie okiennicy b\u0119dzie pasowa\u0142o do ka\u017cdego wn\u0119trza w stylu prowansalskim. \" width=\"458\" height=\"458\" \/><figcaption class=\"wp-caption-text\">Lustro Belldeco<\/figcaption><\/figure>\n<p style=\"text-align: center;\">Ciekawe rozwi\u0105zania to domena marki Belldeco. Otwarto\u015b\u0107 na nowe trendy i kreatywno\u015b\u0107 pozwalaj\u0105 polskiemu producentowi tworzy\u0107 zadziwiaj\u0105ce projekty. Poza meblami oferujemy Pa\u0144stwu r\u00f3wnie\u017c elementy o\u015bwietlenia wn\u0119trz, dekoracje \u015bcienne, obrazy, ramki na zdj\u0119cia, naczynia kuchenne i dodatki do \u0142azienki. Wszystkie, wymienione produkty zosta\u0142y podzielone na kategorie i podkategorie, by\u015b m\u00f3g\u0142 w bardzo prosty spos\u00f3b znale\u017a\u0107 to, czego w\u0142a\u015bnie szukasz. A co je\u015bli nie masz pomys\u0142u na aran\u017cacj\u0119 \u0142azienki, salonu b\u0105d\u017a kuchni? Zainspiruj si\u0119 ciekawymi zdj\u0119ciami aran\u017cacyjnymi, kt\u00f3re postarali\u015bmy si\u0119 umie\u015bci\u0107 przy ka\u017cdym produkcie. <strong>Meble Belldeco<\/strong> i dekoracje tworz\u0105 razem sp\u00f3jn\u0105 ca\u0142o\u015b\u0107 i pomog\u0142y ju\u017c wielu z naszych klient\u00f3w urz\u0105dzi\u0107 pi\u0119kny i praktyczny dom. Ty r\u00f3wnie\u017c spr\u00f3buj swoich si\u0142 w aran\u017cacji wn\u0119trz i zr\u00f3b zakupy na naszej stronie internetowej ju\u017c dzisiaj! Gor\u0105co zapraszamy! (pospiesz si\u0119 poniewa\u017c wi\u0119kszo\u015b\u0107 kolekcji jest limitowana i nie<\/p>\n","protected":false},"excerpt":{"rendered":"<p>Potrzebujesz niepowtarzalnych element\u00f3w wyposa\u017cenia wn\u0119trza? Szukaj ich na naszej stronie po\u015br\u00f3d tysi\u0105ca produkt\u00f3w marki Belldeco. Marka Belldeco od lat jawi si\u0119 na europejskim rynku jako wybitny producent mebli i dodatk\u00f3w do domu. Celem producenta Belldeco jest nie tylko zaprojektowanie przestrzeni, kt\u00f3ra b\u0119dzie zachwyca\u0142a wizualnie, ale r\u00f3wnie\u017c miejsca w pe\u0142ni funkcjonalnego. W szczeg\u00f3lno\u015bci je\u017celi mowa jest &hellip; <a href=\"https:\/\/www.lawendowykredens.pl\/blog\/produkty-belldeco\/\" class=\"more-link\">Czytaj dalej <span class=\"screen-reader-text\">Produkty Belldeco<\/span><\/a><\/p>\n","protected":false},"author":1,"featured_media":0,"comment_status":"open","ping_status":"open","sticky":false,"template":"","format":"standard","meta":[],"categories":[1],"tags":[],"_links":{"self":[{"href":"https:\/\/www.lawendowykredens.pl\/blog\/wp-json\/wp\/v2\/posts\/1726"}],"collection":[{"href":"https:\/\/www.lawendowykredens.pl\/blog\/wp-json\/wp\/v2\/posts"}],"about":[{"href":"https:\/\/www.lawendowykredens.pl\/blog\/wp-json\/wp\/v2\/types\/post"}],"author":[{"embeddable":true,"href":"https:\/\/www.lawendowykredens.pl\/blog\/wp-json\/wp\/v2\/users\/1"}],"replies":[{"embeddable":true,"href":"https:\/\/www.lawendowykredens.pl\/blog\/wp-json\/wp\/v2\/comments?post=1726"}],"version-history":[{"count":1,"href":"https:\/\/www.lawendowykredens.pl\/blog\/wp-json\/wp\/v2\/posts\/1726\/revisions"}],"predecessor-version":[{"id":1727,"href":"https:\/\/www.lawendowykredens.pl\/blog\/wp-json\/wp\/v2\/posts\/1726\/revisions\/1727"}],"wp:attachment":[{"href":"https:\/\/www.lawendowykredens.pl\/blog\/wp-json\/wp\/v2\/media?parent=1726"}],"wp:term":[{"taxonomy":"category","embeddable":true,"href":"https:\/\/www.lawendowykredens.pl\/blog\/wp-json\/wp\/v2\/categories?post=1726"},{"taxonomy":"post_tag","embeddable":true,"href":"https:\/\/www.lawendowykredens.pl\/blog\/wp-json\/wp\/v2\/tags?post=1726"}],"curies":[{"name":"wp","href":"https:\/\/api.w.org\/{rel}","templated":true}]}}