{"id":1723,"date":"2020-02-03T20:50:56","date_gmt":"2020-02-03T19:50:56","guid":{"rendered":"http:\/\/blog.lawendowykredens.pl\/?p=1723"},"modified":"2020-02-03T20:50:56","modified_gmt":"2020-02-03T19:50:56","slug":"biale-meble-w-stylu-prowansalskim-2","status":"publish","type":"post","link":"https:\/\/www.lawendowykredens.pl\/blog\/biale-meble-w-stylu-prowansalskim-2\/","title":{"rendered":"Bia\u0142e meble w stylu prowansalskim"},"content":{"rendered":"<p style=\"text-align: center;\">Bia\u0142e meble w stylu prowansalskim &#8211; szeroki wyb\u00f3r rozmiar\u00f3w, kszta\u0142t\u00f3w i kompaktowe rozwi\u0105zania &#8211; ju\u017c teraz w naszym sklepie<span style=\"text-decoration: underline;\"><strong><a href=\"https:\/\/www.lawendowykredens.pl\/pl\/109-meble-prowansalskie-biale\"> lawendowykredens.pl!<\/a><\/strong><\/span><\/p>\n<figure style=\"width: 458px\" class=\"wp-caption aligncenter\"><img decoding=\"async\" loading=\"lazy\" class=\"size-medium\" src=\"https:\/\/www.lawendowykredens.pl\/14727-large_default\/konsola-prowansalska.jpg\" alt=\"D\u0142uga, bia\u0142a konsola z p\u00f3\u0142k\u0105 i blatem w kolorze br\u0105zowym.\" width=\"458\" height=\"458\" \/><figcaption class=\"wp-caption-text\">Konsola z P\u00f3\u0142k\u0105<\/figcaption><\/figure>\n<p style=\"text-align: center;\">Styl prowansalski ju\u017c od ponad dekady plasuje si\u0119 na pierwszych stronach popularnych magazyn\u00f3w wn\u0119trzarskich. Przewa\u017cnie na pierwszym planie wy\u0142aniaj\u0105 si\u0119 <strong>bia\u0142e meble w stylu prowansalskim. <\/strong>Ich mi\u0119kkie kszta\u0142ty, finezyjne rze\u017abienia pokryte jasnym lakierem wp\u0142ywaj\u0105 na odbiorc\u00f3w niezwykle koj\u0105co, tworz\u0105c wok\u00f3\u0142 pozytywn\u0105 aur\u0119. Jednym s\u0142owem \u2013 to najlepsze po\u0142\u0105czenie harmonii z ciekaw\u0105 formy. Tworz\u0105c ofert\u0119 naszego sklepu pomy\u015bleli\u015bmy zar\u00f3wno o tych, kt\u00f3rzy ceni\u0105 funkcjonalne rozwi\u0105zania, jak r\u00f3wnie\u017c posiadaj\u0105 bardziej wyrafinowane gusta. Najciekawsze, prowansalskie meble oferuj\u0105 producenci: Belldeco, Clayre&amp;Eef, Aluro i JLine. Chcesz by Tw\u00f3j salon, kuchnia, a mo\u017ce jadalnia \u2013 wygl\u0105da\u0142y niczym zanurzone w zachodz\u0105cym s\u0142o\u0144cu Prowansji? Odwied\u017a stron\u0119 Lawendowy Kredens i zainspiruj si\u0119.<\/p>\n<figure style=\"width: 458px\" class=\"wp-caption aligncenter\"><img decoding=\"async\" loading=\"lazy\" class=\"size-medium\" src=\"https:\/\/www.lawendowykredens.pl\/8292-large_default\/komoda-belldeco.jpg\" alt=\"ostarzana komoda Belldeco wyposa\u017cona zosta\u0142a w szufladk\u0119 z kwiatowym wzorkiem.\" width=\"458\" height=\"458\" \/><figcaption class=\"wp-caption-text\">Komoda Belldeco<\/figcaption><\/figure>\n<p style=\"text-align: center;\"><strong>Bia\u0142e meble<\/strong> to wyraz klasy, szyku i elegancji. Aran\u017cuj\u0105c je w swoim domu mo\u017cesz pozwoli\u0107 sobie jednocze\u015bnie na nieco bardziej ekstrawagancki kolor \u015bcian b\u0105d\u017a dodatki w wyrazistych barwach.\u00a0 Takie po\u0142\u0105czenia najlepiej sprawdzaj\u0105 si\u0119 w salonie, czyli tam gdzie gospodarujesz najwi\u0119ksz\u0105 przestrzeni\u0105. Niezb\u0119dne <strong>meble w stylu prowansalskim<\/strong> do salonu to przeszklone witryny i komody. W witrynie mo\u017cesz wyeksponowa\u0107 swoj\u0105 ulubion\u0105, kolorow\u0105 zastaw\u0119 sto\u0142ow\u0105, a na komodzie ustawi\u0107 prowansalsk\u0105 lampk\u0119 z lnianym aba\u017curem. Ustawiaj\u0105c oba meble naprzeciwko okna, dodatkowo roz\u015bwietlisz i ocieplisz wn\u0119trze. W salonie powinno si\u0119 znale\u017a\u0107 miejsce tak\u017ce dla szafki rtv \u2013 z miejscem na telewizor lub kino domowe. Wszystkie oferowane przez nasz szafki pod telewizor s\u0105 wyposa\u017cone w liczne szufladki, dzi\u0119ki czemu zyskujesz dodatkowe miejsce do przechowywania.<\/p>\n<p style=\"text-align: center;\"><strong>Prowansalskie meble<\/strong> \u015bwietnie sprawdzaj\u0105 si\u0119 nie tylko w salonie. \u015amia\u0142o mo\u017cesz je przeznaczy\u0107 do kuchni lub do jadalni. Wszechobecna biel sprawia, \u017ce pomieszczenie wygl\u0105da na wi\u0119ksze, dlatego to r\u00f3wnie\u017c dobre rozwi\u0105zanie dla tych o mniejszym metra\u017cu. Biel doda Twoim \u015bcianom tak\u017ce lekko\u015bci i sprawi, \u017ce b\u0119dzie ponadczasowa. Je\u015bli zmieni\u0105 si\u0119 trendy, za kt\u00f3rymi b\u0119dziesz chcia\u0142 p\u00f3j\u015b\u0107 \u2013 wystarczy, \u017ce kupisz kilka nowych dodatk\u00f3w. To, \u017ce w bia\u0142ej kuchni trudniej utrzyma\u0107 porz\u0105dek pewnie ka\u017cdy ju\u017c s\u0142ysza\u0142. My jednak uwa\u017camy inaczej. To w\u0142a\u015bnie na jasnych, bia\u0142ych blatach i \u015bcianach kurz czy te\u017c t\u0142uszcz s\u0105 o wiele mniej widoczne.<\/p>\n<figure style=\"width: 458px\" class=\"wp-caption aligncenter\"><img decoding=\"async\" loading=\"lazy\" class=\"size-medium\" src=\"https:\/\/www.lawendowykredens.pl\/8060-large_default\/kredens-prowansalski.jpg\" alt=\"Bia\u0142y kredens w stylu Prowansalskim z kolekcji Latina to jednocze\u015bnie witryna z przeszklonymi drzwiami.\" width=\"458\" height=\"458\" \/><figcaption class=\"wp-caption-text\">Kredens Prowansalski<\/figcaption><\/figure>\n<p style=\"text-align: center;\">\u00a0\u00a0\u00a0\u00a0\u00a0\u00a0\u00a0\u00a0\u00a0\u00a0\u00a0\u00a0\u00a0 Z do\u015bwiadczenia wiemy, \u017ce nasi klienci doceniaj\u0105 mo\u017cliwo\u015b\u0107 zakupu kilku mebli z tej samej serii. Wychodz\u0105c naprzeciw Pa\u0144stwa oczekiwaniom, zadbali\u015bmy o to by kolekcje mebli, kt\u00f3re sprzedajemy by\u0142y dost\u0119pne w r\u00f3\u017cnych rozmiarach i formach. Tak aby\u015b nie martwi\u0142 si\u0119 o to, \u017ce Tw\u00f3j dom b\u0119dzie zbyt \u201eprzesadzony\u201d. Wybieraj\u0105c <strong>meble w stylu prowansalskim<\/strong> z tej samej kolekcji zawsze jeste\u015b pewien, \u017ce to dobry wyb\u00f3r. Serie mebli najcz\u0119\u015bciej wybierane przez naszych klient\u00f3w to: Ravenna, Rimini White, Bristol White i Palida. Z pewno\u015bci\u0105 doceni\u0105 je r\u00f3wnie\u017c mi\u0142o\u015bnicy stylu retro i skandynawskiego.<\/p>\n<p style=\"text-align: center;\">\u00a0\u00a0\u00a0\u00a0\u00a0\u00a0\u00a0\u00a0\u00a0\u00a0\u00a0\u00a0\u00a0 Jedn\u0105 z charakterystycznych cech, kt\u00f3re odr\u00f3\u017cniaj\u0105 <strong>bia\u0142e meble w stylu prowansalskim<\/strong> od innych, bia\u0142ych mebli jest to, \u017ce bardzo cz\u0119sto nosz\u0105 \u015blady antycznych postarze\u0144. Te celowe i przemy\u015blane zabiegi sprawi\u0142y, \u017ce postarzane meble jeszcze lepiej wpisuj\u0105 si\u0119 w po\u0142udniowe trendy. Genialne jest tak\u017ce po\u0142\u0105czenie bia\u0142ego korpusu mebla z drewnianym b\u0105d\u017a metalowym blatem. Br\u0105z i czer\u0144 to dwa kolory, kt\u00f3re razem z biel\u0105 tworz\u0105 par\u0119 z klas\u0105. Je\u017celi, pomimo naszych zapewnie\u0144 obawiasz si\u0119, \u017ce w kuchni bia\u0142e meble si\u0119 nie sprawdz\u0105, a jednocze\u015bnie nie mo\u017cesz si\u0119 im oprze\u0107 \u2013 postaw na bia\u0142e meble z blatem w naturalnym kolorze drewna. Ten duet nigdy Ci\u0119 nie zawiedzie!<\/p>\n<figure style=\"width: 458px\" class=\"wp-caption aligncenter\"><img decoding=\"async\" loading=\"lazy\" class=\"size-medium\" src=\"https:\/\/www.lawendowykredens.pl\/15281-large_default\/mebel-do-przedpokoju.jpg\" alt=\"Najlepszy mebel do przedpokoju to mebel z kolekcji Riviera, kt\u00f3ry wyposa\u017cony jest w wieszaki.\" width=\"458\" height=\"458\" \/><figcaption class=\"wp-caption-text\">Mebel do przedpokoju<\/figcaption><\/figure>\n<p style=\"text-align: center;\">Podsumowuj\u0105c, je\u017celi chcesz urz\u0105dzi\u0107 niebanalne wn\u0119trze w stylu prowansalskim \u2013 w naszym sklepie znajdziesz wszystkie, niezb\u0119dne elementy wyposa\u017cenia wn\u0119trza. <strong>Meble w stylu prowansalskim<\/strong> to tylko cz\u0119\u015b\u0107 naszej oferty. Poza nimi czekaj\u0105 tu na Ciebie tak\u017ce liczne dekoracje \u015bcienne: obrazy i tabliczki. Dla tych, kt\u00f3rzy chc\u0105 jeszcze bardziej zbli\u017cy\u0107 si\u0119 do natury przydadz\u0105 si\u0119 plecione os\u0142onki na doniczki, parawan w ro\u015blinne wzory b\u0105d\u017a bambusowa pufa.<\/p>\n","protected":false},"excerpt":{"rendered":"<p>Bia\u0142e meble w stylu prowansalskim &#8211; szeroki wyb\u00f3r rozmiar\u00f3w, kszta\u0142t\u00f3w i kompaktowe rozwi\u0105zania &#8211; ju\u017c teraz w naszym sklepie lawendowykredens.pl! Styl prowansalski ju\u017c od ponad dekady plasuje si\u0119 na pierwszych stronach popularnych magazyn\u00f3w wn\u0119trzarskich. Przewa\u017cnie na pierwszym planie wy\u0142aniaj\u0105 si\u0119 bia\u0142e meble w stylu prowansalskim. Ich mi\u0119kkie kszta\u0142ty, finezyjne rze\u017abienia pokryte jasnym lakierem wp\u0142ywaj\u0105 na &hellip; <a href=\"https:\/\/www.lawendowykredens.pl\/blog\/biale-meble-w-stylu-prowansalskim-2\/\" class=\"more-link\">Czytaj dalej <span class=\"screen-reader-text\">Bia\u0142e meble w stylu prowansalskim<\/span><\/a><\/p>\n","protected":false},"author":1,"featured_media":0,"comment_status":"open","ping_status":"open","sticky":false,"template":"","format":"standard","meta":[],"categories":[1],"tags":[],"_links":{"self":[{"href":"https:\/\/www.lawendowykredens.pl\/blog\/wp-json\/wp\/v2\/posts\/1723"}],"collection":[{"href":"https:\/\/www.lawendowykredens.pl\/blog\/wp-json\/wp\/v2\/posts"}],"about":[{"href":"https:\/\/www.lawendowykredens.pl\/blog\/wp-json\/wp\/v2\/types\/post"}],"author":[{"embeddable":true,"href":"https:\/\/www.lawendowykredens.pl\/blog\/wp-json\/wp\/v2\/users\/1"}],"replies":[{"embeddable":true,"href":"https:\/\/www.lawendowykredens.pl\/blog\/wp-json\/wp\/v2\/comments?post=1723"}],"version-history":[{"count":1,"href":"https:\/\/www.lawendowykredens.pl\/blog\/wp-json\/wp\/v2\/posts\/1723\/revisions"}],"predecessor-version":[{"id":1724,"href":"https:\/\/www.lawendowykredens.pl\/blog\/wp-json\/wp\/v2\/posts\/1723\/revisions\/1724"}],"wp:attachment":[{"href":"https:\/\/www.lawendowykredens.pl\/blog\/wp-json\/wp\/v2\/media?parent=1723"}],"wp:term":[{"taxonomy":"category","embeddable":true,"href":"https:\/\/www.lawendowykredens.pl\/blog\/wp-json\/wp\/v2\/categories?post=1723"},{"taxonomy":"post_tag","embeddable":true,"href":"https:\/\/www.lawendowykredens.pl\/blog\/wp-json\/wp\/v2\/tags?post=1723"}],"curies":[{"name":"wp","href":"https:\/\/api.w.org\/{rel}","templated":true}]}}