{"id":1517,"date":"2018-07-17T10:23:38","date_gmt":"2018-07-17T08:23:38","guid":{"rendered":"http:\/\/blog.lawendowykredens.pl\/?p=1517"},"modified":"2018-07-17T10:23:38","modified_gmt":"2018-07-17T08:23:38","slug":"lampy-belldeco-2","status":"publish","type":"post","link":"https:\/\/www.lawendowykredens.pl\/blog\/lampy-belldeco-2\/","title":{"rendered":"Lampy Belldeco"},"content":{"rendered":"<p align=\"center\">Witamy Pa\u0144stwa na naszej stronie-czyli sklepu Lawendowy Kredens. Naszym konikiem s\u0105 meble wykonywane w r\u00f3\u017cnych stylach, z wszelkiej jako\u015bci materia\u0142\u00f3w i jak\u017ce odmiennych wzor\u00f3w. Wsp\u00f3\u0142pracujemy ze znanymi i cenionymi producentami i jeste\u015bmy z tej wsp\u00f3\u0142pracy bardzo zadowoleni i nasi klienci r\u00f3wnie\u017c. Doskona\u0142a jako\u015b\u0107 produkt\u00f3w i niepowtarzalny i wyj\u0105tkowy wygl\u0105d to co\u015b co nas wyr\u00f3\u017cnia. Dzisiaj zajmiemy si\u0119 przedstawieniem Pa\u0144stwu produkt\u00f3w naszego jednego z g\u0142\u00f3wnych producent\u00f3w, a b\u0119d\u0105 to mianowicie <b>lampy Belldeco<\/b>. <b>Lampy prowansalskie<\/b> mog\u0105 by\u0107 wisz\u0105ce, sto\u0142owe lub te\u017c pod\u0142ogowe. Wszystkie s\u0105 niesamowite i jedyne w swoim rodzaju. Wyr\u00f3\u017cnia je doskona\u0142y i charakterystyczny wz\u00f3r oraz trwa\u0142y i solidny materia\u0142<b>. Lampa Belldeco<\/b> to idealny wyb\u00f3r dla twojego mieszkania.<\/p>\n<p align=\"center\">Pierwsz\u0105 z lamp jak\u0105 Pa\u0144stwu przedstawimy b\u0119dzie cudowna i ponadczasowa <b>lampa Belldeco<\/b> z kolekcji Grigio w formie klatki. Wykonana jest z wysokiej jako\u015bci metalu i szk\u0142a. Ma ciemnoszary kolor i cztery \u017car\u00f3wki. Lampa sufitowa posiada w g\u00f3rnej i dolnej cz\u0119\u015bci przepi\u0119kne kwiatowe wzory. Idealna do salonu czy jadalni. Jest bardzo dekoracyjna i \u015bwietnie wygl\u0105da.<\/p>\n<figure style=\"width: 458px\" class=\"wp-caption aligncenter\"><a href=\"https:\/\/www.lawendowykredens.pl\/pl\/zyrandole-prowansalskie\/967-grigio-lampa-sufitowa-klatka.html?search_query=Lampa+Belldeco&amp;results=71\"><img decoding=\"async\" loading=\"lazy\" class=\"size-medium\" src=\"https:\/\/www.lawendowykredens.pl\/4500-large_default\/grigio-lampa-sufitowa-klatka.jpg\" alt=\"Mocno stylizowana lampa belldeco posiadaj\u0105ca oszklone \u015bcianki\" width=\"458\" height=\"458\" \/><\/a><figcaption class=\"wp-caption-text\">Lampa Belldeco Klatka Grigio<\/figcaption><\/figure>\n<p align=\"center\">Kolejn\u0105 lamp\u0105 idealn\u0105 do \u0142azienki czy te\u017c sypialni b\u0119dzie lampa stoj\u0105ca Garden. \u015awietnie b\u0119dzie wygl\u0105da\u0107 na stoliku nocnym czy w kuchni. Wykonana jest z bielonego drewna i ma form\u0119 stoj\u0105cej drabinki. Dzi\u0119ki swojej wyj\u0105tkowej konstrukcji delikatnie przepuszcza \u015bwiat\u0142o tworz\u0105c cudown\u0105 i romantyczn\u0105 atmosfer\u0119 i nastrojowy klimat.<\/p>\n<figure style=\"width: 458px\" class=\"wp-caption aligncenter\"><a href=\"https:\/\/www.lawendowykredens.pl\/pl\/skonczylo-sie\/1227-garden-lampa-stojaca-belldeco.html?search_query=Lampa+Belldeco&amp;results=71\"><img decoding=\"async\" loading=\"lazy\" class=\"size-medium\" src=\"https:\/\/www.lawendowykredens.pl\/5448-large_default\/garden-lampa-stojaca-belldeco.jpg\" alt=\"Drewniana lampa w formie bry\u0142y \" width=\"458\" height=\"458\" \/><\/a><figcaption class=\"wp-caption-text\">Garden Lampa Stoj\u0105ca Belldeco<\/figcaption><\/figure>\n<p align=\"center\"><b>Lampy Belldeco<\/b> to tak\u017ce ciekawa i nietypowa lampa Firenze. Ma ona kszta\u0142t kuli i wykonana jest z metalu o ciemnobr\u0105zowym kolorze. Zdobi\u0105 j\u0105 przepi\u0119kne, eleganckie i plastikowe kryszta\u0142ki, kt\u00f3re nadaj\u0105 jej niesamowity wygl\u0105d. Idealnie nadaje si\u0119 do sypialni, salonu czy pokoju nastolatki. Zawieszona jest na \u0142a\u0144cuchu co dodaje jej gracji.<\/p>\n<figure style=\"width: 458px\" class=\"wp-caption aligncenter\"><a href=\"https:\/\/www.lawendowykredens.pl\/pl\/skonczylo-sie\/1230-lampa-belldeco.html?search_query=Lampa+Belldeco&amp;results=71\"><img decoding=\"async\" loading=\"lazy\" class=\"size-medium\" src=\"https:\/\/www.lawendowykredens.pl\/9560-large_default\/lampa-belldeco.jpg\" alt=\"Kula lampa ozodbiona du\u017c\u0105 ilo\u015bci\u0105 kryszta\u0142k\u00f3w\" width=\"458\" height=\"458\" \/><\/a><figcaption class=\"wp-caption-text\">Lampa Kula Belldeco<\/figcaption><\/figure>\n<p align=\"center\">Czwart\u0105 z kolei lamp\u0105, o kt\u00f3rej warto wspomnie\u0107 jest bardzo elegancka i wspaniale wygladaj\u0105ca lampa Romantic. Wykonana jest z dobrej jako\u015bci materia\u0142u i ma du\u017cy aba\u017cur o ciemnym kolorze. Lampa jest bardzo charakterystyczna i doskonale nadaje si\u0119 na prezent. To co j\u0105 wyr\u00f3\u017cnia to przepi\u0119kne rze\u017abienia nogi i liczne przetarcia farby.<\/p>\n<figure style=\"width: 458px\" class=\"wp-caption aligncenter\"><a href=\"https:\/\/www.lawendowykredens.pl\/pl\/skonczylo-sie\/1612-romantic-lampa-belldeco-z-abazurem.html?search_query=Lampa+Belldeco&amp;results=71\"><img decoding=\"async\" loading=\"lazy\" class=\"size-medium\" src=\"https:\/\/www.lawendowykredens.pl\/6553-large_default\/romantic-lampa-belldeco-z-abazurem.jpg\" alt=\"Drewniana lampa sto\u0142owa posiadaj\u0105ca ciemny aba\u017cur\" width=\"458\" height=\"458\" \/><\/a><figcaption class=\"wp-caption-text\">Romantic Lampa Belldeco z Aba\u017curem Ciemnym<\/figcaption><\/figure>\n<p align=\"center\"><b>Lampy prowansalskie<\/b> to tak\u017ce \u015bwietne i nowoczesne lampy pod\u0142ogowe. Jedn\u0105 z nich jest lampa Belldeco, tak zwany ,,tr\u00f3jn\u00f3g\u2019\u2019. Wykonana jest z wysokiej klasy drewna i mosi\u0105dzu. Ma jasny br\u0105zowy kolor i stoi na trzech solidnych nogach. Mo\u017cna do niej dopasowa\u0107 dowolny aba\u017cur, w r\u00f3\u017cnych kolorach. Wysoko\u015b\u0107 n\u00f3g i \u017car\u00f3wki jest regulowana. Jest ona nowoczesna i modna.<\/p>\n<figure style=\"width: 458px\" class=\"wp-caption aligncenter\"><a href=\"https:\/\/www.lawendowykredens.pl\/pl\/skonczylo-sie\/2488-lampa-belldeco.html?search_query=Lampa+Belldeco&amp;results=71\"><img decoding=\"async\" loading=\"lazy\" class=\"size-medium\" src=\"https:\/\/www.lawendowykredens.pl\/8704-large_default\/lampa-belldeco.jpg\" alt=\"Ozdobna lampa belldeco maj\u0105ca trzy drewniane nogi\" width=\"458\" height=\"458\" \/><\/a><figcaption class=\"wp-caption-text\">Lampa Belldeco Tr\u00f3jn\u00f3g 2<\/figcaption><\/figure>\n<p align=\"center\"><b>Lampy prowansalskie<\/b>, a w\u015br\u00f3d nich <b>lampy Belldeco<\/b> b\u0119d\u0105 wsp\u00f3\u0142gra\u0107 z ka\u017cdym wn\u0119trzem swoj\u0105 kolorystyk\u0105, stylem i materia\u0142em, z kt\u00f3rego s\u0105 wykonane. <b>Lampa Belldeco<\/b> to wysokiej jako\u015bci produkt, kt\u00f3ry starczy na d\u0142ugie lata i b\u0119dzie Pa\u0144stwu s\u0142u\u017cy\u0142 wysok\u0105 jako\u015bci\u0105 i cudownym i niepowtarzalnym wygl\u0105dem.<\/p>\n","protected":false},"excerpt":{"rendered":"<p>Witamy Pa\u0144stwa na naszej stronie-czyli sklepu Lawendowy Kredens. Naszym konikiem s\u0105 meble wykonywane w r\u00f3\u017cnych stylach, z wszelkiej jako\u015bci materia\u0142\u00f3w i jak\u017ce odmiennych wzor\u00f3w. Wsp\u00f3\u0142pracujemy ze znanymi i cenionymi producentami i jeste\u015bmy z tej wsp\u00f3\u0142pracy bardzo zadowoleni i nasi klienci r\u00f3wnie\u017c. Doskona\u0142a jako\u015b\u0107 produkt\u00f3w i niepowtarzalny i wyj\u0105tkowy wygl\u0105d to co\u015b co nas wyr\u00f3\u017cnia. Dzisiaj &hellip; <a href=\"https:\/\/www.lawendowykredens.pl\/blog\/lampy-belldeco-2\/\" class=\"more-link\">Czytaj dalej <span class=\"screen-reader-text\">Lampy Belldeco<\/span><\/a><\/p>\n","protected":false},"author":1,"featured_media":0,"comment_status":"open","ping_status":"open","sticky":false,"template":"","format":"standard","meta":[],"categories":[28],"tags":[92,97,102],"_links":{"self":[{"href":"https:\/\/www.lawendowykredens.pl\/blog\/wp-json\/wp\/v2\/posts\/1517"}],"collection":[{"href":"https:\/\/www.lawendowykredens.pl\/blog\/wp-json\/wp\/v2\/posts"}],"about":[{"href":"https:\/\/www.lawendowykredens.pl\/blog\/wp-json\/wp\/v2\/types\/post"}],"author":[{"embeddable":true,"href":"https:\/\/www.lawendowykredens.pl\/blog\/wp-json\/wp\/v2\/users\/1"}],"replies":[{"embeddable":true,"href":"https:\/\/www.lawendowykredens.pl\/blog\/wp-json\/wp\/v2\/comments?post=1517"}],"version-history":[{"count":1,"href":"https:\/\/www.lawendowykredens.pl\/blog\/wp-json\/wp\/v2\/posts\/1517\/revisions"}],"predecessor-version":[{"id":1518,"href":"https:\/\/www.lawendowykredens.pl\/blog\/wp-json\/wp\/v2\/posts\/1517\/revisions\/1518"}],"wp:attachment":[{"href":"https:\/\/www.lawendowykredens.pl\/blog\/wp-json\/wp\/v2\/media?parent=1517"}],"wp:term":[{"taxonomy":"category","embeddable":true,"href":"https:\/\/www.lawendowykredens.pl\/blog\/wp-json\/wp\/v2\/categories?post=1517"},{"taxonomy":"post_tag","embeddable":true,"href":"https:\/\/www.lawendowykredens.pl\/blog\/wp-json\/wp\/v2\/tags?post=1517"}],"curies":[{"name":"wp","href":"https:\/\/api.w.org\/{rel}","templated":true}]}}