{"id":1511,"date":"2018-07-08T20:11:23","date_gmt":"2018-07-08T18:11:23","guid":{"rendered":"http:\/\/blog.lawendowykredens.pl\/?p=1511"},"modified":"2018-07-08T20:11:23","modified_gmt":"2018-07-08T18:11:23","slug":"dodatki-w-stylu-marynistycznym","status":"publish","type":"post","link":"https:\/\/www.lawendowykredens.pl\/blog\/dodatki-w-stylu-marynistycznym\/","title":{"rendered":"Dodatki w Stylu Marynistycznym"},"content":{"rendered":"<p align=\"center\">Zagl\u0105daj\u0105c na nasz\u0105 stron\u0119 wiadomo ju\u017c, \u017ce mo\u017cna znale\u017a\u0107 wiele przedmiot\u00f3w, kt\u00f3re stworz\u0105 w naszych wn\u0119trzach styl prowansalski, ale nie tylko takie. Dzisiaj chcieliby\u015bmy zach\u0119ci\u0107 wszystkich aby zapoznali si\u0119 z takimi przedmiotami jak <b>dodatki w stylu marynistycznym.<\/b> S\u0105 to dekoracje, kt\u00f3re spe\u0142niaj\u0105 funkcj\u0119 w ka\u017cd\u0105 por\u0119 roku, poniewa\u017c w lato wiadomo jest to czas wyjazd\u00f3w najcz\u0119\u015bciej nad morze, za\u015b w zim\u0119 takie dodatki, gdy znajd\u0105 si\u0119 ju\u017c w domu mog\u0105 rozgrzewa\u0107 nasze my\u015bli, poniewa\u017c dzi\u0119ki nim poczujemy nap\u0142yw niezwyk\u0142ych wakacyjnych wspomnie\u0144, marze\u0144, a jak wiadomo przenoszenie si\u0119 w odleg\u0142e miejsca daj\u0105 nam chwil\u0119 odpr\u0119\u017cenia tak na co dzie\u0144. Rewelacyjne <b>dodatki do domu, <\/b>kt\u00f3re nam w tym pomog\u0105 w \u0142atwy spos\u00f3b, s\u0105 naprawd\u0119 godne polecenia.<\/p>\n<p align=\"center\">To mo\u017ce poka\u017cmy <b>dekoracje marynistyczne, <\/b>kt\u00f3re proponuje ka\u017cdy z naszych producent\u00f3w, zapraszamy na nasz\u0105 skromn\u0105, ale jak\u017ce fantastyczn\u0105, morsk\u0105 wycieczk\u0119.<\/p>\n<p align=\"center\">Pierwsze <b>dodatki do domu, <\/b>kt\u00f3re poka\u017cemy to niech b\u0119d\u0105 wieszaki, poniewa\u017c s\u0105 to produkty mieszcz\u0105ce si\u0119 mi\u0119dzy innymi w \u0142azience, kuchni czy te\u017c przedpokoju, jednak nikt si\u0119 nie zdziwi je\u015bli zawisn\u0105 w pokoju dziennym czy sypialni.<\/p>\n<figure style=\"width: 458px\" class=\"wp-caption aligncenter\"><a href=\"https:\/\/www.lawendowykredens.pl\/pl\/wieszaki-scienne\/3326-wieszaki-marynistyczne.html?search_query=japonki&amp;results=3\"><img decoding=\"async\" loading=\"lazy\" class=\"size-medium\" src=\"https:\/\/www.lawendowykredens.pl\/10519-large_default\/wieszaki-marynistyczne.jpg\" alt=\"Drewniany wieszak o kszta\u0142cie japonek - klapek w zielono bia\u0142e pasy.\" width=\"458\" height=\"458\" \/><\/a><figcaption class=\"wp-caption-text\">Wieszak Japonki Belldeco<\/figcaption><\/figure>\n<p align=\"center\">Marka Belldeco to nadzwyczajna firma i ma nam do zaproponowania w tym temacie takie oto interesuj\u0105ce <b>dodatki w stylu marynistycznym. <\/b>Na zdj\u0119ciu widoczny jest wieszak, kt\u00f3ry ma kszta\u0142t niezwykle popularnych klapek \u2013 japonek, ozdobionych w bia\u0142o \u2013 zielone paski, a dodatkowo znajduj\u0105 si\u0119 na nim parciane sznurki. Wieszak ten ma dwa haczyki wi\u0119c b\u0119dzie pasowa\u0142 idealnie do ka\u017cdej \u0142azienki.<\/p>\n<p align=\"center\">Takie r\u00f3\u017cne <b>dekoracje marynistyczne <\/b>s\u0105 tak\u017ce doskona\u0142ym dope\u0142nieniem w r\u00f3\u017cnych nadmorskich pensjonatach, hotelach czy te\u017c domkach. Dzi\u0119ki nim ka\u017cdy na wakacjach, b\u0119dzie zachwycony tak wype\u0142nionym wn\u0119trzem.<\/p>\n<p align=\"center\">To mo\u017ce teraz <b>dodatki do domu<\/b>, kt\u00f3re mo\u017cemy umie\u015bci\u0107 na stole, a s\u0105 to jak wiadomo przede wszystkim r\u00f3\u017cnego rodzaju, podk\u0142adki, obrusy i bie\u017cniki. Z tego rodzaju dekoracji daj\u0105 nam produkty do wyboru marki mi\u0119dzy innymi takie jak:<\/p>\n<p align=\"center\">French Home, polska firma zajmuj\u0105ca si\u0119 produkcj\u0105 pi\u0119knych, solidnych tekstyli\u00f3w, kt\u00f3re maj\u0105 trwa\u0142e barwy i grafiki. Motywem przewodnim s\u0105 tutaj francuskie napisy, albo w\u0142a\u015bnie jak w temacie morski styl i grafiki takie jak kotwice czy \u017cagl\u00f3wki.<\/p>\n<figure style=\"width: 458px\" class=\"wp-caption aligncenter\"><a href=\"https:\/\/www.lawendowykredens.pl\/pl\/poduszki-tekstylia-dywany\/2454-serwety-w-stylu-marynistycznym.html?search_query=serwety&amp;results=26\"><img decoding=\"async\" loading=\"lazy\" class=\"size-medium\" src=\"https:\/\/www.lawendowykredens.pl\/8611-large_default\/serwety-w-stylu-marynistycznym.jpg\" alt=\"Granatowe serwety o prostok\u0105tnym kszta\u0142cie ozdobione bia\u0142ym motywem w stylu marynistycznym\" width=\"458\" height=\"458\" \/><\/a><figcaption class=\"wp-caption-text\">Serwety w Stylu Marynistycznym 2<\/figcaption><\/figure>\n<p align=\"center\">Prostok\u0105tne, bawe\u0142niane podk\u0142adki o intensywnym granatowym kolorze, a na nim widoczny jest bia\u0142y kszta\u0142t przypominaj\u0105cy kapsel a na nim widoczny s\u0105 angielskie napisy oraz nie du\u017ce morskie obrazki.<\/p>\n<p align=\"center\">Mo\u017cna te\u017c zauwa\u017cy\u0107 w jego ofercie na przyk\u0142ad poduszki, kt\u00f3re te\u017c interesuj\u0105ca b\u0119d\u0105 prezentowa\u0107 si\u0119 na kanapie w salonie, czy te\u017c na przyk\u0142ad na parapecie. Du\u017cy wyb\u00f3r wzor\u00f3w i kolor\u00f3w i to nie tylko je\u015bli chodzi o <b>dekoracje marynistyczne.<\/b><\/p>\n<p align=\"center\">Jak wida\u0107 <b>dodatki w stylu marynistycznym <\/b>tak\u017ce zape\u0142niaj\u0105 w naszym sklepie spor\u0105 ilo\u015b\u0107 miejsca, oczywi\u015bcie jest ich mniej ni\u017c tych w stylu prowansalskim, ale nasza oferta stale zaprasza do siebie nowe marki i dzi\u0119ki temu a co dzie\u0144 pojawiaj\u0105 si\u0119 nowe produkty, kt\u00f3re warto zobaczy\u0107.<\/p>\n<p align=\"center\">Zapraszamy i czekamy na ka\u017cdego, jeste\u015bmy otwarci na wszystkie pytania i w razie problem\u00f3w, postaramy si\u0119 je w szybki spos\u00f3b rozwi\u0105za\u0107. Do zobaczenia!<\/p>\n","protected":false},"excerpt":{"rendered":"<p>Zagl\u0105daj\u0105c na nasz\u0105 stron\u0119 wiadomo ju\u017c, \u017ce mo\u017cna znale\u017a\u0107 wiele przedmiot\u00f3w, kt\u00f3re stworz\u0105 w naszych wn\u0119trzach styl prowansalski, ale nie tylko takie. Dzisiaj chcieliby\u015bmy zach\u0119ci\u0107 wszystkich aby zapoznali si\u0119 z takimi przedmiotami jak dodatki w stylu marynistycznym. S\u0105 to dekoracje, kt\u00f3re spe\u0142niaj\u0105 funkcj\u0119 w ka\u017cd\u0105 por\u0119 roku, poniewa\u017c w lato wiadomo jest to czas wyjazd\u00f3w &hellip; <a href=\"https:\/\/www.lawendowykredens.pl\/blog\/dodatki-w-stylu-marynistycznym\/\" class=\"more-link\">Czytaj dalej <span class=\"screen-reader-text\">Dodatki w Stylu Marynistycznym<\/span><\/a><\/p>\n","protected":false},"author":1,"featured_media":0,"comment_status":"open","ping_status":"open","sticky":false,"template":"","format":"standard","meta":[],"categories":[263],"tags":[265,55,264],"_links":{"self":[{"href":"https:\/\/www.lawendowykredens.pl\/blog\/wp-json\/wp\/v2\/posts\/1511"}],"collection":[{"href":"https:\/\/www.lawendowykredens.pl\/blog\/wp-json\/wp\/v2\/posts"}],"about":[{"href":"https:\/\/www.lawendowykredens.pl\/blog\/wp-json\/wp\/v2\/types\/post"}],"author":[{"embeddable":true,"href":"https:\/\/www.lawendowykredens.pl\/blog\/wp-json\/wp\/v2\/users\/1"}],"replies":[{"embeddable":true,"href":"https:\/\/www.lawendowykredens.pl\/blog\/wp-json\/wp\/v2\/comments?post=1511"}],"version-history":[{"count":1,"href":"https:\/\/www.lawendowykredens.pl\/blog\/wp-json\/wp\/v2\/posts\/1511\/revisions"}],"predecessor-version":[{"id":1512,"href":"https:\/\/www.lawendowykredens.pl\/blog\/wp-json\/wp\/v2\/posts\/1511\/revisions\/1512"}],"wp:attachment":[{"href":"https:\/\/www.lawendowykredens.pl\/blog\/wp-json\/wp\/v2\/media?parent=1511"}],"wp:term":[{"taxonomy":"category","embeddable":true,"href":"https:\/\/www.lawendowykredens.pl\/blog\/wp-json\/wp\/v2\/categories?post=1511"},{"taxonomy":"post_tag","embeddable":true,"href":"https:\/\/www.lawendowykredens.pl\/blog\/wp-json\/wp\/v2\/tags?post=1511"}],"curies":[{"name":"wp","href":"https:\/\/api.w.org\/{rel}","templated":true}]}}