{"id":1493,"date":"2018-06-03T21:57:26","date_gmt":"2018-06-03T19:57:26","guid":{"rendered":"http:\/\/blog.lawendowykredens.pl\/?p=1493"},"modified":"2018-06-04T12:15:17","modified_gmt":"2018-06-04T10:15:17","slug":"dekoracje-clayre-eef-2","status":"publish","type":"post","link":"https:\/\/www.lawendowykredens.pl\/blog\/dekoracje-clayre-eef-2\/","title":{"rendered":"Dekoracje Clayre &#038; Eef"},"content":{"rendered":"<p align=\"center\"><b>Clayre &amp; Eef, <\/b>to producent kt\u00f3ry zajmuje spor\u0105 cze\u015b\u0107 naszego sklepu, przedmioty oferowane przez niego, prezentuj\u0105 si\u0119 nietuzinkowo i pi\u0119knie. Dzi\u0119ki tym przedmiotom wszystkie pomieszczenia dostan\u0105 odpowiednie dodatki, kt\u00f3re funkcjonalnie pos\u0142u\u017c\u0105 nam przez wiele lat mimo stosowania ich na co dzie\u0144. Jak sama nazwa naszego sklepu wskazuje to <b>artyku\u0142y dekoracyjne, <\/b> a tak\u017ce meble s\u0105 wyka\u0144czane na styl prowansalski, ale mo\u017cna u nas spotka\u0107 tak naprawd\u0119 po trochu z ka\u017cdego stylu dost\u0119pnego na polskim jak i zagranicznym rynku. Zbi\u00f3r naszych marek dba o ka\u017cdego klienta wi\u0119c mo\u017cemy w skr\u00f3cie obieca\u0107, \u017ce je\u015bli kto\u015b pragnie od\u015bwie\u017cy\u0107 swoje miejsce czy to w spos\u00f3b generalnego remontu, czy tylko i wy\u0142\u0105cznie jedn\u0105 rzecz\u0105 to trafi\u0142 do naszego sklepu nie bez powodu. Jeste\u015bmy w stanie tak\u017ce obieca\u0107, \u017ce wszystko co jest u nas dost\u0119pne w tym tak\u017ce <b>dekoracje Clayre &amp; Eef <\/b>odmieni\u0105 wn\u0119trza w bardzo szybkich i prostych kilku krokach.<\/p>\n<p align=\"center\">W dzisiejszym wpisie przedstawimy <b>artyku\u0142y dekoracyjne, <\/b>kt\u00f3re pomog\u0105 Pa\u0144stwu pokaza\u0107, \u017ce znale\u017ali\u015bcie si\u0119 w odpowiednim miejscu i znajdziecie tutaj to czego szukacie. Zacznijmy od marki <b>Clayre &amp; Eef <\/b>bo to ona dzisiaj kr\u00f3luje u nas na stronie sklepu jak i w tym temacie. Ta marka pod swoimi skrzyd\u0142ami ma po prostu wszystko. Zaczynaj\u0105c od pomieszczenia domowego jakim jest \u0142azienka a ko\u0144cz\u0105c na g\u0142\u00f3wnym sercu mieszkania jakim jest salon poka\u017cemy Pa\u0144stwu co mo\u017cemy Wam zaoferowa\u0107.<\/p>\n<p align=\"center\"><b>Dekoracje Clayre &amp; Eef <\/b>do \u0142azienki to przedmioty jak wiadomo, nie zajmuj\u0105ce du\u017co miejsca, a dodatkowo s\u0105 to takie kt\u00f3re s\u0142u\u017c\u0105 nam co dzie\u0144, wi\u0119c dlaczego by nie zainwestowa\u0107 w ich pi\u0119kny wygl\u0105d.<\/p>\n<figure style=\"width: 458px\" class=\"wp-caption aligncenter\"><a href=\"https:\/\/www.lawendowykredens.pl\/pl\/dodatki-do-lazienki\/17101104-szczotka-do-wc-8717459099821.html?search_query=szczotka+wc+le+bain&amp;results=7\"><img decoding=\"async\" loading=\"lazy\" class=\"size-medium\" src=\"https:\/\/www.lawendowykredens.pl\/22925-large_default\/szczotka-do-wc.jpg\" alt=\"Bia\u0142a, ceramiczna szczotka do wc ozdobiona ciemnym napisem le bain\" width=\"458\" height=\"458\" \/><\/a><figcaption class=\"wp-caption-text\">Szczotka Do WC Le Bain<\/figcaption><\/figure>\n<p align=\"center\">Szczotka do toalety, kt\u00f3rej pojemnik zosta\u0142 wykonany z bia\u0142ej ceramiki z ozdobnymi francuskimi napisami. Oryginalny pomys\u0142 prawda? A jak \u0142adnie podkre\u015bla klimat \u0142azienki.<\/p>\n<figure style=\"width: 458px\" class=\"wp-caption aligncenter\"><img decoding=\"async\" loading=\"lazy\" class=\"size-medium\" src=\"https:\/\/www.lawendowykredens.pl\/22945-large_default\/zestaw-lazienkowy.jpg\" alt=\"Ceramiczny, jasny zestaw \u0142azienkowy z dozownikiem i dwoma kubkami w bia\u0142ym kolorze z czarn\u0105 grafik\u0105\" width=\"458\" height=\"458\" \/><figcaption class=\"wp-caption-text\">Zestaw \u0141azienkowy Madamme<\/figcaption><\/figure>\n<p align=\"center\">Zestawy \u0142azienkowe to bia\u0142e lub kremowe kolory, maj\u0105 wiele motyw\u00f3w czy to kwiat\u00f3w, czy napis\u00f3w znajd\u0105 si\u0119 te\u017c serca. Zestawy te na ka\u017cdej umywalce b\u0119d\u0105 prezentowa\u0107 si\u0119 niezwykle elegancko. Zestaw <b>Clayre &amp; Eef <\/b>ukazany tutaj posiada grafik\u0119 w ciemnym kolorze na kt\u00f3rej widoczne s\u0105 dwie postaci.<\/p>\n<p align=\"center\"><b>Artyku\u0142y dekoracyjne <\/b>to na przyk\u0142ad \u015bcienne ozdobny w postaci obraz\u00f3w, tabliczek czy te\u017c wieszak\u00f3w, kt\u00f3rych jest po prostu ogrom. Ci\u0119\u017cko si\u0119 zdecydowa\u0107 kt\u00f3ry z produkt\u00f3w ma reprezentowa\u0107 dan\u0105 kategori\u0119 w tym oto tek\u015bcie, ale wybra\u0107 co\u015b trzeba wi\u0119c prosz\u0119 zobaczy\u0107 kilka naszych propozycji.<\/p>\n<figure style=\"width: 458px\" class=\"wp-caption aligncenter\"><img decoding=\"async\" loading=\"lazy\" class=\"size-medium\" src=\"https:\/\/www.lawendowykredens.pl\/34507-large_default\/zegar-prowansalski.jpg\" alt=\"jasny zegar w stylu prowansalskim ozdobiony motywem r\u00f3\u017c\" width=\"458\" height=\"458\" \/><figcaption class=\"wp-caption-text\">Zegar Prowansalski<\/figcaption><\/figure>\n<p align=\"center\">Zegar prowansalski w jasnej kolorystyce z r\u00f3\u017cami u do\u0142u. Urocze podkre\u015blenie klimatu pasuj\u0105ce do ka\u017cdego wn\u0119trza.<\/p>\n<figure style=\"width: 458px\" class=\"wp-caption aligncenter\"><img decoding=\"async\" loading=\"lazy\" class=\"size-medium\" src=\"https:\/\/www.lawendowykredens.pl\/29022-large_default\/obraz-retro.jpg\" alt=\"Niebieski obraz retro ozdobiony napisami oraz kwiatami\" width=\"458\" height=\"458\" \/><figcaption class=\"wp-caption-text\">Obraz Retro<\/figcaption><\/figure>\n<p align=\"center\">Obraz imituj\u0105cy drewniane deski w b\u0142\u0119kitnym kolorze z ozdobnymi, ciemnymi napisami i pi\u0119knymi r\u00f3\u017cowymi kwiatami.<\/p>\n<p align=\"center\">Szczerze to zabrak\u0142o miejsca aby opisa\u0107 wszystkie przedmioty, kt\u00f3re mog\u0142yby reprezentowa\u0107 <b>dekoracje Clayre &amp; Eef <\/b>do ka\u017cdego z pomieszcze\u0144. Dlatego te\u017c zapraszamy na stron\u0119, aby samemu spojrze\u0107 swoim okiem na produkty tej marki, a zadowolenie nie zniknie z Pa\u0144stwa twarzy, poniewa\u017c s\u0105 to wyj\u0105tkowe rzeczy, po kt\u00f3rych wida\u0107, \u017ce maj\u0105 swoj\u0105 dusz\u0119 i sw\u00f3j klimat, kt\u00f3rym zara\u017c\u0105 ka\u017cd\u0105 aran\u017cacj\u0119. Zapraszamy i Czekamy.<\/p>\n","protected":false},"excerpt":{"rendered":"<p>Clayre &amp; Eef, to producent kt\u00f3ry zajmuje spor\u0105 cze\u015b\u0107 naszego sklepu, przedmioty oferowane przez niego, prezentuj\u0105 si\u0119 nietuzinkowo i pi\u0119knie. Dzi\u0119ki tym przedmiotom wszystkie pomieszczenia dostan\u0105 odpowiednie dodatki, kt\u00f3re funkcjonalnie pos\u0142u\u017c\u0105 nam przez wiele lat mimo stosowania ich na co dzie\u0144. Jak sama nazwa naszego sklepu wskazuje to artyku\u0142y dekoracyjne, a tak\u017ce meble s\u0105 wyka\u0144czane &hellip; <a href=\"https:\/\/www.lawendowykredens.pl\/blog\/dekoracje-clayre-eef-2\/\" class=\"more-link\">Czytaj dalej <span class=\"screen-reader-text\">Dekoracje Clayre &#038; Eef<\/span><\/a><\/p>\n","protected":false},"author":1,"featured_media":0,"comment_status":"open","ping_status":"open","sticky":false,"template":"","format":"standard","meta":[],"categories":[26],"tags":[35,44,251],"_links":{"self":[{"href":"https:\/\/www.lawendowykredens.pl\/blog\/wp-json\/wp\/v2\/posts\/1493"}],"collection":[{"href":"https:\/\/www.lawendowykredens.pl\/blog\/wp-json\/wp\/v2\/posts"}],"about":[{"href":"https:\/\/www.lawendowykredens.pl\/blog\/wp-json\/wp\/v2\/types\/post"}],"author":[{"embeddable":true,"href":"https:\/\/www.lawendowykredens.pl\/blog\/wp-json\/wp\/v2\/users\/1"}],"replies":[{"embeddable":true,"href":"https:\/\/www.lawendowykredens.pl\/blog\/wp-json\/wp\/v2\/comments?post=1493"}],"version-history":[{"count":2,"href":"https:\/\/www.lawendowykredens.pl\/blog\/wp-json\/wp\/v2\/posts\/1493\/revisions"}],"predecessor-version":[{"id":1496,"href":"https:\/\/www.lawendowykredens.pl\/blog\/wp-json\/wp\/v2\/posts\/1493\/revisions\/1496"}],"wp:attachment":[{"href":"https:\/\/www.lawendowykredens.pl\/blog\/wp-json\/wp\/v2\/media?parent=1493"}],"wp:term":[{"taxonomy":"category","embeddable":true,"href":"https:\/\/www.lawendowykredens.pl\/blog\/wp-json\/wp\/v2\/categories?post=1493"},{"taxonomy":"post_tag","embeddable":true,"href":"https:\/\/www.lawendowykredens.pl\/blog\/wp-json\/wp\/v2\/tags?post=1493"}],"curies":[{"name":"wp","href":"https:\/\/api.w.org\/{rel}","templated":true}]}}