{"id":1486,"date":"2018-05-27T22:06:55","date_gmt":"2018-05-27T20:06:55","guid":{"rendered":"http:\/\/blog.lawendowykredens.pl\/?p=1486"},"modified":"2018-05-27T22:06:55","modified_gmt":"2018-05-27T20:06:55","slug":"duze-zegary-scienne-3","status":"publish","type":"post","link":"https:\/\/www.lawendowykredens.pl\/blog\/duze-zegary-scienne-3\/","title":{"rendered":"Du\u017ce Zegary \u015acienne"},"content":{"rendered":"<p align=\"center\">W naszym sklepie znale\u017a\u0107 mo\u017cna naprawd\u0119 du\u017c\u0105 ofert\u0119 przepi\u0119knych zegar\u00f3w \u015bciennych, kt\u00f3re wygl\u0105daj\u0105 jak prawdziwe dzie\u0142a sztuki. Wszystkie nasze <b>zegary \u015bcienne <\/b>posiadaj\u0105 przepi\u0119kne kolory i motywy. Nasze kolekcje to mi\u0119dzy innymi <b>zegary prowansalskie <\/b>czy te\u017c zegary retro.<\/p>\n<p align=\"center\">Wieloma przedmiotami mo\u017cna ozdobi\u0107 \u015bciany mi\u0119dzy innymi s\u0105 to obrazy, zawieszki, lustra oraz zegary. Zegary dost\u0119pne s\u0105 w wielu r\u00f3\u017cnych rozmiarach, ale my zapraszamy do obejrzenia wszystkich. A w dzisiejszym wpisie g\u0142\u00f3wnym tematem b\u0119d\u0105 <b>du\u017ce zegary<\/b>, a jest ich naprawd\u0119 sporo. Du\u017cy wyb\u00f3r jest u nas zegar\u00f3w, kt\u00f3re maj\u0105 \u015brednice o wymiarach 34cm jest to optymalny wymiar aby by\u0142a widoczna godzina jak i grafika. <b>Zegary prowansalskie <\/b> w wi\u0119kszo\u015bci maj\u0105 motywy kwiat\u00f3w takich jak lawenda lub r\u00f3\u017ce. <b>Zegary \u015bcienne <\/b>posiadaj\u0105 cyfry rzymskie b\u0105d\u017a arabskie, ale wszystkie wpisane s\u0105 bardzo wyra\u017anie dzi\u0119ki czemu wyb\u00f3r to ju\u017c tylko i wy\u0142\u0105cznie Pa\u0144stwa decyzja.<\/p>\n<figure style=\"width: 458px\" class=\"wp-caption aligncenter\"><img decoding=\"async\" loading=\"lazy\" class=\"size-medium\" src=\"https:\/\/www.lawendowykredens.pl\/25028-large_default\/zegar-w-stylu-prowansalskim.jpg\" alt=\"Du\u017ca jasna tarcza zegara zosta\u0142a ozdobiona rzymskimi cyframi \" width=\"458\" height=\"458\" \/><figcaption class=\"wp-caption-text\">Zegar w Stylu Prowansalskim<\/figcaption><\/figure>\n<p align=\"center\">Zegar Clayre &amp; Eef posiada jasno szar\u0105 tarcz\u0119 i rzymskie cyfry. Na tym zegarze widoczny jest tak\u017ce delikatny napis, kt\u00f3ry podkre\u015bla jego urok.<\/p>\n<figure style=\"width: 458px\" class=\"wp-caption aligncenter\"><img decoding=\"async\" loading=\"lazy\" class=\"size-medium\" src=\"https:\/\/www.lawendowykredens.pl\/25031-large_default\/zegar-w-stylu-prowansalskim.jpg\" alt=\"Jasna tarcza zegara ozdobiona czerwonymi cyframi oraz grafik\u0105 roweru\" width=\"458\" height=\"458\" \/><figcaption class=\"wp-caption-text\">Zegar w Stylu Prowansalskim<\/figcaption><\/figure>\n<p align=\"center\">Tutaj mamy z kolei troch\u0119 wi\u0119cej kolor\u00f3w, poniewa\u017c du\u017ce liczby arabskie s\u0105 w kolorze czerwieni, kt\u00f3ra o\u017cywia nasze wn\u0119trza. Na samym \u015brodku tarczy widoczny jest \u015bwie\u017cy, wiosenny rower.<\/p>\n<p align=\"center\"><b>Du\u017ce zegary <\/b>zaczynaj\u0105 si\u0119 u nas od 60 cm i tutaj tak\u017ce mamy propozycje od Clayre &amp; Eef, a wygl\u0105da ona tak:<\/p>\n<figure style=\"width: 458px\" class=\"wp-caption aligncenter\"><img decoding=\"async\" loading=\"lazy\" class=\"size-medium\" src=\"https:\/\/www.lawendowykredens.pl\/14170-large_default\/zegar-prowansalski.jpg\" alt=\"Jasno szary zegar drewniany ozdobiony grafik\u0105 ptaszk\u00f3w oraz rzymskich cyfr\" width=\"458\" height=\"458\" \/><figcaption class=\"wp-caption-text\">Du\u017cy Drewniany Zegar Prowansalski<\/figcaption><\/figure>\n<p align=\"center\">Jasno szary, drewniany zegar ozdobiony motywem ptaszka, klucza oraz napis\u00f3w to typowo prowansalski styl podkre\u015blony na ka\u017cdym kroku.<\/p>\n<figure style=\"width: 458px\" class=\"wp-caption aligncenter\"><img decoding=\"async\" loading=\"lazy\" class=\"size-medium\" src=\"https:\/\/www.lawendowykredens.pl\/28605-large_default\/zegar-drewniany.jpg\" alt=\"Drewniany zegar ozdobiony cyframi z liny oraz metalowym akcentem\" width=\"458\" height=\"458\" \/><figcaption class=\"wp-caption-text\">Francuski Zegar<\/figcaption><\/figure>\n<p align=\"center\">Kolejny przyk\u0142ad du\u017cego zegara to po\u0142\u0105czenie metalu i drewna. Ozdabiaj\u0105 go rzymskie cyfry wykonane z liny. Fantastyczna dekoracja prosto od francuskiego producenta.<\/p>\n<figure style=\"width: 458px\" class=\"wp-caption aligncenter\"><img decoding=\"async\" loading=\"lazy\" class=\"size-medium\" src=\"https:\/\/www.lawendowykredens.pl\/32017-large_default\/zegar-postarzany.jpg\" alt=\"Kwadratowy zegar w kolorze niebieskim posiada jasn\u0105 tarcz\u0119 imituj\u0105c\u0105 drewniane deski\" width=\"458\" height=\"458\" \/><figcaption class=\"wp-caption-text\">Kwadratowy Zegar Prowansalski<\/figcaption><\/figure>\n<p align=\"center\">Kwadratowy du\u017cy zegar w szarej, postarzanej ramie a w \u015brodku znajduje si\u0119 jasna tarcza imituj\u0105ca deski, a na niej s\u0105 czarne rzymskie cyfry. Lekko antyczna stylizacja doda uroku ka\u017cdej \u015bcianie.<\/p>\n<figure style=\"width: 458px\" class=\"wp-caption aligncenter\"><img decoding=\"async\" loading=\"lazy\" class=\"size-medium\" src=\"https:\/\/www.lawendowykredens.pl\/36924-large_default\/drewniany-zegar.jpg\" alt=\"prosto wykonany, drewniany zegar w br\u0105zowym kolorze ozdobiony rzymskimi cyframi\" width=\"458\" height=\"458\" \/><figcaption class=\"wp-caption-text\">Drewniany Zegar<\/figcaption><\/figure>\n<p align=\"center\"><b>Du\u017cy zegar <\/b>o \u015brednicy a\u017c 70cm wykonany z drewna w naturalnym kolorze, ozdobiony metalowymi, rzymskimi cyframi, to ozdoba dla wn\u0119trz prostych jak i eleganckich, czyli jednym zdaniem jest to dekoracja dla wszystkich osobowo\u015bci.<\/p>\n<figure style=\"width: 458px\" class=\"wp-caption aligncenter\"><img decoding=\"async\" loading=\"lazy\" class=\"size-medium\" src=\"https:\/\/www.lawendowykredens.pl\/29733-large_default\/vintage-zegar-rower-belldeco.jpg\" alt=\"Ozdobny zegar wykonany z metalu o kszta\u0142cie starodawnego roweru\" width=\"458\" height=\"458\" \/><figcaption class=\"wp-caption-text\">Zegar Rower Belldeco<\/figcaption><\/figure>\n<p align=\"center\">Propozycja od Belldeco dla os\u00f3b uwielbiaj\u0105cych, poszukuj\u0105cych niebanalnych dodatk\u00f3w to metalowy, zegar kt\u00f3ry umieszczony zosta\u0142 w kole roweru. Postarzana dekoracja, kt\u00f3r\u0105 ka\u017cdy zauwa\u017cy ju\u017c na wej\u015bciu do danego miejsca.<\/p>\n<figure style=\"width: 458px\" class=\"wp-caption aligncenter\"><img decoding=\"async\" loading=\"lazy\" class=\"size-medium\" src=\"https:\/\/www.lawendowykredens.pl\/34504-large_default\/zegar-stolowy.jpg\" alt=\"Sto\u0142owy zegar w jasno szarym kolorze z ozdobnymi ptaszkami\" width=\"458\" height=\"458\" \/><figcaption class=\"wp-caption-text\">Zegar Sto\u0142owy z Ptaszkiem<\/figcaption><\/figure>\n<p align=\"center\">W naszym sklepie zegary s\u0105 naprawd\u0119 r\u00f3\u017cne, tutaj pokazujemy niedu\u017cy zegar doskona\u0142y na ka\u017cdy rega\u0142 b\u0105d\u017a szafk\u0119 , posiada on szary kolor, jest wykonany z metalu, a ozdabiaj\u0105 go urocze, niewielkie ptaszki.<\/p>\n<p align=\"center\">Przepi\u0119kne <b>zegary \u015bcienne <\/b>to dekoracje na ka\u017cd\u0105 \u015bcian\u0119. Nasze <b>zegary prowansalskie <\/b>zachwycaj\u0105 coraz wi\u0119cej os\u00f3b, a ich wyb\u00f3r przekracza wszystkie granice. W naszym sklepie znajduj\u0105 si\u0119 produkty, kt\u00f3re wype\u0142ni\u0105 ka\u017cde pomieszczenie, a w nim ka\u017cde miejsce, poniewa\u017c znale\u017a\u0107 mo\u017cna, <b>du\u017ce zegary, <\/b>ramki na zdj\u0119cia, lustra, os\u0142onki na doniczki, kubki, talerze i wiele, wiele innych,a nawet same meble. Fantastyczne dodatki dla wszystkich i na ka\u017cd\u0105 kiesze\u0144. Zapraszamy i czekamy.<\/p>\n","protected":false},"excerpt":{"rendered":"<p>W naszym sklepie znale\u017a\u0107 mo\u017cna naprawd\u0119 du\u017c\u0105 ofert\u0119 przepi\u0119knych zegar\u00f3w \u015bciennych, kt\u00f3re wygl\u0105daj\u0105 jak prawdziwe dzie\u0142a sztuki. Wszystkie nasze zegary \u015bcienne posiadaj\u0105 przepi\u0119kne kolory i motywy. Nasze kolekcje to mi\u0119dzy innymi zegary prowansalskie czy te\u017c zegary retro. Wieloma przedmiotami mo\u017cna ozdobi\u0107 \u015bciany mi\u0119dzy innymi s\u0105 to obrazy, zawieszki, lustra oraz zegary. Zegary dost\u0119pne s\u0105 w &hellip; <a href=\"https:\/\/www.lawendowykredens.pl\/blog\/duze-zegary-scienne-3\/\" class=\"more-link\">Czytaj dalej <span class=\"screen-reader-text\">Du\u017ce Zegary \u015acienne<\/span><\/a><\/p>\n","protected":false},"author":1,"featured_media":0,"comment_status":"open","ping_status":"open","sticky":false,"template":"","format":"standard","meta":[],"categories":[25],"tags":[70,232,234],"_links":{"self":[{"href":"https:\/\/www.lawendowykredens.pl\/blog\/wp-json\/wp\/v2\/posts\/1486"}],"collection":[{"href":"https:\/\/www.lawendowykredens.pl\/blog\/wp-json\/wp\/v2\/posts"}],"about":[{"href":"https:\/\/www.lawendowykredens.pl\/blog\/wp-json\/wp\/v2\/types\/post"}],"author":[{"embeddable":true,"href":"https:\/\/www.lawendowykredens.pl\/blog\/wp-json\/wp\/v2\/users\/1"}],"replies":[{"embeddable":true,"href":"https:\/\/www.lawendowykredens.pl\/blog\/wp-json\/wp\/v2\/comments?post=1486"}],"version-history":[{"count":1,"href":"https:\/\/www.lawendowykredens.pl\/blog\/wp-json\/wp\/v2\/posts\/1486\/revisions"}],"predecessor-version":[{"id":1487,"href":"https:\/\/www.lawendowykredens.pl\/blog\/wp-json\/wp\/v2\/posts\/1486\/revisions\/1487"}],"wp:attachment":[{"href":"https:\/\/www.lawendowykredens.pl\/blog\/wp-json\/wp\/v2\/media?parent=1486"}],"wp:term":[{"taxonomy":"category","embeddable":true,"href":"https:\/\/www.lawendowykredens.pl\/blog\/wp-json\/wp\/v2\/categories?post=1486"},{"taxonomy":"post_tag","embeddable":true,"href":"https:\/\/www.lawendowykredens.pl\/blog\/wp-json\/wp\/v2\/tags?post=1486"}],"curies":[{"name":"wp","href":"https:\/\/api.w.org\/{rel}","templated":true}]}}