{"id":1477,"date":"2018-05-02T18:04:54","date_gmt":"2018-05-02T16:04:54","guid":{"rendered":"http:\/\/blog.lawendowykredens.pl\/?p=1477"},"modified":"2018-05-02T18:04:54","modified_gmt":"2018-05-02T16:04:54","slug":"dekoracje-clayre-eef","status":"publish","type":"post","link":"https:\/\/www.lawendowykredens.pl\/blog\/dekoracje-clayre-eef\/","title":{"rendered":"Dekoracje Clayre &#038; Eef"},"content":{"rendered":"<p align=\"center\">Dekoracje to niezwykle wa\u017cny element w naszych domach, mog\u0105 to by\u0107 nawet niewielkie przedmioty, kt\u00f3re zachwyc\u0105 ka\u017cdego i zmieni\u0105 wn\u0119trze nie do poznania wprowadzaj\u0105c kolory i r\u00f3\u017cne motywy. Nasz sklep przedstawia Pa\u0144stwu na ka\u017cdym kroku <b>dekoracje prowansalskie <\/b>poniewa\u017c to w\u0142a\u015bnie ten styl g\u0142\u00f3wnie mo\u017cna u nas znale\u017a\u0107 jednak nie tylko. Dzisiaj skupimy si\u0119 nad mark\u0105, kt\u00f3ra jest u nas od niedawna jednak cieszy si\u0119 ogromnym powodzeniem, a jest ni\u0105 <b>Clayre &amp; Eef. <\/b>Produkty, kt\u00f3re ten producent nam proponuje s\u0105 to rzeczy pi\u0119knie wykonane, bardzo starannie i solidnie. Oferta jest bardzo du\u017ca wi\u0119c jest w czym wybiera\u0107 i raczej ka\u017cdy poszukiwacz prawdziwych skarb\u00f3w powinien znale\u017a\u0107 co\u015b dla siebie. Zapraszamy do zwiedzania jak prezentuj\u0105 si\u0119 <b>dekoracje Clayre &amp; Eef<\/b>.<\/p>\n<p align=\"center\"><b>Clayre &amp; Eef <\/b>to produkty do ka\u017cdego pomieszczenia w tym tak\u017ce do jadalni czy salonu, mo\u017cna nimi ozdobi\u0107 \u015bcian\u0119, sufit, st\u00f3\u0142 b\u0105d\u017a te\u017c ka\u017cde inne miejsce. Przyk\u0142adem s\u0105 \u015bwietne bie\u017cniki, kt\u00f3re s\u0105 niezwykle kolorowo wykonane posiadaj\u0105 wiele r\u00f3\u017cnych motyw\u00f3w, dzi\u0119ki nim ka\u017cdy st\u00f3\u0142 zamieni si\u0119 w niezwykle bajeczne i urocze miejsce dla ca\u0142ej rodziny i go\u015bci.<\/p>\n<p align=\"center\">Dekoracje to niezwykle wa\u017cny element w naszych domach, mog\u0105 to by\u0107 nawet niewielkie przedmioty, kt\u00f3re zachwyc\u0105 ka\u017cdego i zmieni\u0105 wn\u0119trze nie do poznania wprowadzaj\u0105c kolory i r\u00f3\u017cne motywy. Nasz sklep przedstawia Pa\u0144stwu na ka\u017cdym kroku <b>dekoracje prowansalskie <\/b>poniewa\u017c to w\u0142a\u015bnie ten styl g\u0142\u00f3wnie mo\u017cna u nas znale\u017a\u0107 jednak nie tylko. Dzisiaj skupimy si\u0119 nad mark\u0105, kt\u00f3ra jest u nas od niedawna jednak cieszy si\u0119 ogromnym powodzeniem, a jest ni\u0105 <b>Clayre &amp; Eef. <\/b>Produkty, kt\u00f3re ten producent nam proponuje s\u0105 to rzeczy pi\u0119knie wykonane, bardzo starannie i solidnie. Oferta jest bardzo du\u017ca wi\u0119c jest w czym wybiera\u0107 i raczej ka\u017cdy poszukiwacz prawdziwych skarb\u00f3w powinien znale\u017a\u0107 co\u015b dla siebie. Zapraszamy do zwiedzania jak prezentuj\u0105 si\u0119 <b>dekoracje Clayre &amp; Eef<\/b>.<\/p>\n<p align=\"center\"><b>Clayre &amp; Eef <\/b>to produkty do ka\u017cdego pomieszczenia w tym tak\u017ce do jadalni czy salonu, mo\u017cna nimi ozdobi\u0107 \u015bcian\u0119, sufit, st\u00f3\u0142 b\u0105d\u017a te\u017c ka\u017cde inne miejsce. Przyk\u0142adem s\u0105 \u015bwietne bie\u017cniki, kt\u00f3re s\u0105 niezwykle kolorowo wykonane posiadaj\u0105 wiele r\u00f3\u017cnych motyw\u00f3w, dzi\u0119ki nim ka\u017cdy st\u00f3\u0142 zamieni si\u0119 w niezwykle bajeczne i urocze miejsce dla ca\u0142ej rodziny i go\u015bci.<\/p>\n<figure style=\"width: 458px\" class=\"wp-caption aligncenter\"><img decoding=\"async\" loading=\"lazy\" class=\"size-medium\" src=\"https:\/\/www.lawendowykredens.pl\/24410-large_default\/bieznik-prowansalski.jpg\" alt=\"Bie\u017cnik ozdobiony czerwono bia\u0142\u0105 krat\u0105 i zielon\u0105 ramk\u0105\" width=\"458\" height=\"458\" \/><figcaption class=\"wp-caption-text\">Bie\u017cnik Prowansalski w Krat\u0119<\/figcaption><\/figure>\n<p align=\"center\">Bie\u017cnik w bia\u0142o czerwon\u0105 krat\u0119 ozdobiony zielon\u0105 ramk\u0105, to niezwykle kolorowa dekoracja, kt\u00f3ra zwr\u00f3ci na siebie uwag\u0119 w szybki spos\u00f3b.<\/p>\n<figure style=\"width: 458px\" class=\"wp-caption aligncenter\"><img decoding=\"async\" loading=\"lazy\" class=\"size-medium\" src=\"https:\/\/www.lawendowykredens.pl\/23989-large_default\/bieznik-prowansalski.jpg\" alt=\"Bia\u0142y bie\u017cnik ozdobiony motywem r\u00f3\u017cyczek\" width=\"458\" height=\"458\" \/><figcaption class=\"wp-caption-text\">Bie\u017cnik Prowansalski w R\u00f3\u017ce<\/figcaption><\/figure>\n<p align=\"center\">Bia\u0142y bie\u017cnik ozdobiony r\u00f3\u017cyczkami to dekoracja na co dzie\u0144 i od \u015bwi\u0119ta, delikatna kolorystyka zapewni nut\u0119 romantyzmu i elegancji. <b>Dekoracje Clayre &amp; Eef <\/b>to przedmioty na ka\u017cd\u0105 okazj\u0119. Polecamy!<\/p>\n<p align=\"center\">To mo\u017ce teraz co\u015b fantastycznego na \u0142\u00f3\u017cko b\u0105d\u017a kanap\u0119 czyli <b>dekoracje prowansalskie <\/b>takie jak:<\/p>\n<p align=\"center\">Poduszki ozdobne b\u0105d\u017a narzuty. Tekstylia od tej marki to zazwyczaj motywy przepi\u0119knych kwiat\u00f3w w \u017cywych i mocnych barwach, co staje si\u0119 podkre\u015bleniem ich stylu. Doskona\u0142e produkty na ka\u017cd\u0105 por\u0119 roku w zim\u0119 ociepl\u0105 i umil\u0105 chwil\u0119 relaksu, za\u015b latem b\u0119d\u0105 o\u017cywia\u0142y pomieszczenie.<\/p>\n<figure style=\"width: 458px\" class=\"wp-caption aligncenter\"><img decoding=\"async\" loading=\"lazy\" class=\"size-medium\" src=\"https:\/\/www.lawendowykredens.pl\/30790-large_default\/poszewka-ozdobna.jpg\" alt=\"Granatowa poszewka na poduszk\u0119 ozdobiona pi\u0119knymi kwiatami\" width=\"458\" height=\"458\" \/><figcaption class=\"wp-caption-text\">Poszewka Ozdobna w Kwiaty<\/figcaption><\/figure>\n<p align=\"center\">Ciemny granat t\u0142a wraz z po\u0142\u0105czeniem du\u017cych r\u00f3\u017cowych kwiat\u00f3w to przepi\u0119kny dodatek, kt\u00f3ry mo\u017cna zauwa\u017cy\u0107 ju\u017c na wej\u015bciu.<\/p>\n<figure style=\"width: 458px\" class=\"wp-caption aligncenter\"><img decoding=\"async\" loading=\"lazy\" class=\"size-medium\" src=\"https:\/\/www.lawendowykredens.pl\/23620-large_default\/narzuta-prowansalska.jpg\" alt=\"patchworkowa narzuta ozdobiona motywem serc i kwiat\u00f3w\" width=\"458\" height=\"458\" \/><figcaption class=\"wp-caption-text\">Narzuta w Stylu Prowansalskim<\/figcaption><\/figure>\n<p align=\"center\">Narzuta prowansalska w jasno r\u00f3\u017cowych barwach posiadaj\u0105ca motywy serc oraz kwiat\u00f3w to pe\u0142en romantyzm wprowadzony do ka\u017cdej sypialni w bardzo szybki spos\u00f3b. Jest to interesuj\u0105cy element aby przykry\u0107 nim swoj\u0105 kanap\u0119 b\u0105d\u017a \u0142\u00f3\u017cko.<\/p>\n<p align=\"center\">Kolejnym elementem, kt\u00f3ry pomo\u017ce nam utrzyma\u0107 odpowiedni nastr\u00f3j jest aba\u017cur na lamp\u0119, kt\u00f3ry podkre\u015bli blask \u017car\u00f3wki w klimatyczny spos\u00f3b. Aba\u017cury mog\u0105 by\u0107 w r\u00f3\u017cnym kszta\u0142cie okr\u0105g\u0142y b\u0105d\u017a prostok\u0105tny, kolor\u00f3w do wyboru jest tyle, \u017ce a\u017c nie spos\u00f3b wymieni\u0107. Mog\u0105 by\u0107 dodatkowo z motywem kropek, albo zosta\u0107 udekorowane kokardk\u0105 z koronki.<\/p>\n<figure style=\"width: 458px\" class=\"wp-caption aligncenter\"><img decoding=\"async\" loading=\"lazy\" class=\"size-medium\" src=\"https:\/\/www.lawendowykredens.pl\/35023-large_default\/abazur-prowansalski.jpg\" alt=\"be\u017cowy aba\u017cur ozdobiony bia\u0142\u0105 koronk\u0105 ze wzorem w kwiaty\" width=\"458\" height=\"458\" \/><figcaption class=\"wp-caption-text\">Aba\u017cur Prowansalski z Koronk\u0105<\/figcaption><\/figure>\n<p>&nbsp;<\/p>\n<p style=\"text-align: center;\">Bawe\u0142niany aba\u017cur w be\u017cowym kolorze ozdobiony pi\u0119knym, bia\u0142ym wzorem r\u00f3\u017c.<\/p>\n<figure style=\"width: 458px\" class=\"wp-caption aligncenter\"><img decoding=\"async\" loading=\"lazy\" class=\"size-medium\" src=\"https:\/\/www.lawendowykredens.pl\/35025-large_default\/ratanowy-abazur.jpg\" alt=\"rattanowy abazur ozdobiony bia\u0142ym serduszkiem\" width=\"458\" height=\"458\" \/><figcaption class=\"wp-caption-text\">Rattanowy Aba\u017cur Clayre &amp; Eef<\/figcaption><\/figure>\n<p align=\"center\">Rattanowy aba\u017cur ozdobiony bia\u0142\u0105 kokardk\u0105 oraz serduszkiem.<\/p>\n<figure style=\"width: 458px\" class=\"wp-caption aligncenter\"><img decoding=\"async\" loading=\"lazy\" class=\"size-medium\" src=\"https:\/\/www.lawendowykredens.pl\/35031-large_default\/abazur-prowansalski.jpg\" alt=\"bia\u0142y aba\u017cur ozdobiony kokardk\u0105 w szarym kolorze\" width=\"458\" height=\"458\" \/><figcaption class=\"wp-caption-text\">Bia\u0142y Aba\u017cur z Kokardk\u0105<\/figcaption><\/figure>\n<p align=\"center\">Bia\u0142y aba\u017cur uniwersalny z ozdobn\u0105 kokardk\u0105 z szarej koronki.<\/p>\n<p align=\"center\"><b>Dekoracje Clayre &amp; Eef <\/b>to tak wspania\u0142e produkty, \u017ce mo\u017cna by\u0142oby o nich pisa\u0107 godzinami, jednak najlepszym rozwi\u0105zaniem b\u0119dzie gdy Pa\u0144stwo sami zobacz\u0105 je u nas na stronie. Polecamy tak\u017ce meble <b>Clayre &amp; Eef <\/b>oraz <b>dekoracje prowansalskie <\/b>wszystkich naszych producent\u00f3w.<\/p>\n<p>&nbsp;<\/p>\n<p>&nbsp;<\/p>\n<p>&nbsp;<\/p>\n<p>&nbsp;<\/p>\n","protected":false},"excerpt":{"rendered":"<p>Dekoracje to niezwykle wa\u017cny element w naszych domach, mog\u0105 to by\u0107 nawet niewielkie przedmioty, kt\u00f3re zachwyc\u0105 ka\u017cdego i zmieni\u0105 wn\u0119trze nie do poznania wprowadzaj\u0105c kolory i r\u00f3\u017cne motywy. Nasz sklep przedstawia Pa\u0144stwu na ka\u017cdym kroku dekoracje prowansalskie poniewa\u017c to w\u0142a\u015bnie ten styl g\u0142\u00f3wnie mo\u017cna u nas znale\u017a\u0107 jednak nie tylko. Dzisiaj skupimy si\u0119 nad mark\u0105, &hellip; <a href=\"https:\/\/www.lawendowykredens.pl\/blog\/dekoracje-clayre-eef\/\" class=\"more-link\">Czytaj dalej <span class=\"screen-reader-text\">Dekoracje Clayre &#038; Eef<\/span><\/a><\/p>\n","protected":false},"author":1,"featured_media":0,"comment_status":"open","ping_status":"open","sticky":false,"template":"","format":"standard","meta":[],"categories":[26],"tags":[44,251,51],"_links":{"self":[{"href":"https:\/\/www.lawendowykredens.pl\/blog\/wp-json\/wp\/v2\/posts\/1477"}],"collection":[{"href":"https:\/\/www.lawendowykredens.pl\/blog\/wp-json\/wp\/v2\/posts"}],"about":[{"href":"https:\/\/www.lawendowykredens.pl\/blog\/wp-json\/wp\/v2\/types\/post"}],"author":[{"embeddable":true,"href":"https:\/\/www.lawendowykredens.pl\/blog\/wp-json\/wp\/v2\/users\/1"}],"replies":[{"embeddable":true,"href":"https:\/\/www.lawendowykredens.pl\/blog\/wp-json\/wp\/v2\/comments?post=1477"}],"version-history":[{"count":1,"href":"https:\/\/www.lawendowykredens.pl\/blog\/wp-json\/wp\/v2\/posts\/1477\/revisions"}],"predecessor-version":[{"id":1478,"href":"https:\/\/www.lawendowykredens.pl\/blog\/wp-json\/wp\/v2\/posts\/1477\/revisions\/1478"}],"wp:attachment":[{"href":"https:\/\/www.lawendowykredens.pl\/blog\/wp-json\/wp\/v2\/media?parent=1477"}],"wp:term":[{"taxonomy":"category","embeddable":true,"href":"https:\/\/www.lawendowykredens.pl\/blog\/wp-json\/wp\/v2\/categories?post=1477"},{"taxonomy":"post_tag","embeddable":true,"href":"https:\/\/www.lawendowykredens.pl\/blog\/wp-json\/wp\/v2\/tags?post=1477"}],"curies":[{"name":"wp","href":"https:\/\/api.w.org\/{rel}","templated":true}]}}