{"id":1472,"date":"2018-04-22T21:55:25","date_gmt":"2018-04-22T19:55:25","guid":{"rendered":"http:\/\/blog.lawendowykredens.pl\/?p=1472"},"modified":"2018-04-22T21:55:25","modified_gmt":"2018-04-22T19:55:25","slug":"meble-clayre-eef","status":"publish","type":"post","link":"https:\/\/www.lawendowykredens.pl\/blog\/meble-clayre-eef\/","title":{"rendered":"Meble Clayre &#038; Eef"},"content":{"rendered":"<p align=\"center\"><b>Meble prowansalskie <\/b>oraz <b>dekoracje prowansalskie <\/b>mog\u0105 Pa\u0144stwo ujrze\u0107 w naszym sklepie pod przer\u00f3\u017cn\u0105 postaci\u0105. Wszystkie nasze produkty z ogromn\u0105 ch\u0119ci\u0105 wpasuj\u0105 si\u0119 w ka\u017cde pomieszczenie w domu i dzi\u0119ki nim stanie si\u0119 magiczne, posiadaj\u0105ce sw\u00f3j styl i klimat, kt\u00f3ry zostanie zauwa\u017cony przez ka\u017cdego kto przejdzie przez nasz pr\u00f3g. Z wielk\u0105 przyjemno\u015bci\u0105 zapraszamy na nasz\u0105 stron\u0119 internetow\u0105 na kt\u00f3rej mo\u017cna zobaczy\u0107 ca\u0142a ofert\u0119 produkt\u00f3w, jednak\u017ce tutaj w tym wpisie postaramy si\u0119 pokaza\u0107 jak najwi\u0119cej, jak najdok\u0142adniej <b>meble prowansalskie <\/b>mi\u0119dzy innymi marki <b>Clayre &amp; Eef, <\/b>kt\u00f3rej oferta jest po prostu osza\u0142amiaj\u0105ca.<\/p>\n<p align=\"center\">Czym by\u0142oby mieszkanie bez p\u00f3\u0142ek \u015bciennych, kt\u00f3re tak naprawd\u0119 mog\u0105 mie\u0107 wiele zastosowa\u0144, na przyk\u0142ad mo\u017cna w nich ustawi\u0107 ksi\u0105\u017cki, ramki na zdj\u0119cia, medale albo wiele innych przedmiot\u00f3w. Warto zastanowi\u0107 si\u0119 nad tym do czego mia\u0142a by ona s\u0142u\u017cy\u0107 a tak\u017ce w jakim pomieszczeniu chcieliby\u015bmy tak\u0105 p\u00f3\u0142k\u0119 umie\u015bci\u0107. <b>Meble Clayre &amp; Eef <\/b>pomy\u015bla\u0142o chyba o ka\u017cdej ludzkiej rozterce dzi\u0119ki czemu posiada wiele rodzaj\u00f3w p\u00f3\u0142ek \u015bciennych a oto kilka z nich:<\/p>\n<figure style=\"width: 458px\" class=\"wp-caption aligncenter\"><img decoding=\"async\" loading=\"lazy\" class=\"size-medium\" src=\"https:\/\/www.lawendowykredens.pl\/22961-large_default\/polka-scienna.jpg\" alt=\"drewniana p\u00f3\u0142ka \u015bcienna o kszta\u0142cie domku maj\u0105ca \u017c\u00f3\u0142t\u0105 \u015bciank\u0119 tylni\u0105\" width=\"458\" height=\"458\" \/><figcaption class=\"wp-caption-text\">P\u00f3\u0142ka \u015acienna Domek \u017b\u00f3\u0142ta<\/figcaption><\/figure>\n<p align=\"center\">P\u00f3\u0142ka \u015bcienna domek, kt\u00f3ra jest lekk\u0105 p\u00f3\u0142eczk\u0105 o uroczym kszta\u0142cie jej tylna \u015bciana posiada tutaj kolor \u017c\u00f3\u0142ty jednak s\u0105 jeszcze dost\u0119pne inne opcje kolorystyczne. Takie w\u0142a\u015bnie meble sprawdzaj\u0105 si\u0119 jako<b> dekoracje prowansalskie <\/b>b\u0105d\u017a skandynawskie na przyk\u0142ad w pokoju dziecka b\u0105d\u017a te\u017c salonie. Warto si\u0119 im przyjrze\u0107 z bliska.<\/p>\n<figure style=\"width: 458px\" class=\"wp-caption aligncenter\"><img decoding=\"async\" loading=\"lazy\" class=\"size-medium\" src=\"https:\/\/www.lawendowykredens.pl\/23074-large_default\/szafka-scienna.jpg\" alt=\"Bia\u0142a przecierana szafka \u015bcienna wykonana z metalu posiadaj\u0105ca p\u00f3\u0142k\u0119 oraz szufladki\" width=\"458\" height=\"458\" \/><figcaption class=\"wp-caption-text\">Szafka \u015acienna Metalowa<\/figcaption><\/figure>\n<p align=\"center\">Bia\u0142a szafka \u015bcienna wykonana w ca\u0142o\u015bci z metalu w bia\u0142ym kolorze ze stylowymi przetarciami, mo\u017cna w niej znale\u017a\u0107 dwie p\u00f3\u0142ki za drzwiczkami wykonanymi z kraki oraz dwie szufladki. <b>Clayre &amp; Eef <\/b>zaskakuje nas tym, \u017ce w swojej ofercie posiada meble, kt\u00f3re mo\u017cna dopasowa\u0107 do wn\u0119trz prowansalskich, industrialnych, a tak\u017ce do skandynawskich. Metalowe meble sprawdzaj\u0105 si\u0119 w pokojach, kuchniach lub \u0142azienkach, ale wyb\u00f3r gdzie zawi\u015bnie ta praktyczna szafeczka pozostawiamy Pa\u0144stwu.<\/p>\n<p align=\"center\">Kolejne <b>meble Clayre &amp; Eef, <\/b>kt\u00f3re mamy w planach zaprezentowa\u0107 to komody, kt\u00f3re przechowaj\u0105 dos\u0142ownie wszystko. Komody s\u0105 to niezwykle popularne meble w dzisiejszych czasach, a je\u015bli dodatkowo s\u0105 to <b>meble prowansalskie, <\/b>kt\u00f3re a\u017c si\u0119 prosz\u0105 o to aby je po prostu mie\u0107.<\/p>\n<figure style=\"width: 458px\" class=\"wp-caption aligncenter\"><img decoding=\"async\" loading=\"lazy\" class=\"size-medium\" src=\"https:\/\/www.lawendowykredens.pl\/23305-large_default\/komoda-rustykalna.jpg\" alt=\"jasno szara komoda z dwoma szufladkami, p\u00f3\u0142k\u0105 za drzwiczkami oraz trzema p\u00f3\u0142kami wype\u0142nionymi koszami\" width=\"458\" height=\"458\" \/><figcaption class=\"wp-caption-text\">Komoda Rustykalna<\/figcaption><\/figure>\n<p align=\"center\">Na tym zdj\u0119ciu pokazan\u0105 mamy komod\u0119, kt\u00f3ra jest wyposa\u017cona w dodatkowy modny element jakim s\u0105 kosze, ale opr\u00f3cz nich znajduj\u0105 si\u0119 tu tak\u017ce p\u00f3\u0142ki za drzwiczkami oraz szufladki dwie. Ca\u0142o\u015b\u0107 jest w przepi\u0119knym jasno szarym kolorze, kt\u00f3ry dodaje jej subtelno\u015bci.<\/p>\n<figure style=\"width: 458px\" class=\"wp-caption aligncenter\"><img decoding=\"async\" loading=\"lazy\" class=\"size-medium\" src=\"https:\/\/www.lawendowykredens.pl\/23003-large_default\/szafka-rustykalna.jpg\" alt=\"wysoka komoda z czterema szufladami, kt\u00f3re zosta\u0142y ozdobione uchwytami w kszta\u0142cie serc\" width=\"458\" height=\"458\" \/><figcaption class=\"wp-caption-text\">Komoda Szara Serca<\/figcaption><\/figure>\n<p align=\"center\">Szafka drewniana w\u0105ska lecz wysoka z czterema szufladkami, na kt\u00f3rych zauwa\u017cy\u0107 mo\u017cemy ozdobne uchwyty w postaci bia\u0142ych serduszek. Naszym zdaniem mebel ten sprawdzi si\u0119 w sypialni przechowuj\u0105c na przyk\u0142ad przepi\u0119kn\u0105 i jak\u017ce cenn\u0105 bi\u017cuteri\u0119 ka\u017cdej kobiety, b\u0105d\u017a w pokoju dzieci\u0119cym jako miejsce do schowania wielu akcesori\u00f3w, kt\u00f3re tak bardzo chcemy mie\u0107 pod r\u0119k\u0105.<\/p>\n<p align=\"center\"><b>Meble Clayre &amp; Eef <\/b>zaskakuj\u0105, s\u0105 pi\u0119kne, oryginalne i solidne mog\u0105 si\u0119 znale\u017a\u0107 w ka\u017cdym zakamarku Pa\u0144stwa domu. Ka\u017cdy z nas ceni sobie funkcjonalne mieszkanie, w kt\u00f3rym stoj\u0105 pi\u0119kne meble i ukrywaj\u0105 nam wszystkie potrzebne rzeczy, kt\u00f3rych niestety zawsze jest du\u017co. <b>Clayre &amp; Eef <\/b>to r\u00f3wnie\u017c propozycja produkt\u00f3w z kategorii <b>dekoracje prowansalskie, <\/b>kt\u00f3re pokazywali\u015bmy w poprzednim wpisie . Gor\u0105co zach\u0119camy, aby zajrze\u0107 do nas chocia\u017c na chwil\u0119 i obejrze\u0107 te wszystkie produkty, dzi\u0119ki kt\u00f3rym wn\u0119trze stanie si\u0119 nowe, praktyczne, spokojne i magiczne.<\/p>\n","protected":false},"excerpt":{"rendered":"<p>Meble prowansalskie oraz dekoracje prowansalskie mog\u0105 Pa\u0144stwo ujrze\u0107 w naszym sklepie pod przer\u00f3\u017cn\u0105 postaci\u0105. Wszystkie nasze produkty z ogromn\u0105 ch\u0119ci\u0105 wpasuj\u0105 si\u0119 w ka\u017cde pomieszczenie w domu i dzi\u0119ki nim stanie si\u0119 magiczne, posiadaj\u0105ce sw\u00f3j styl i klimat, kt\u00f3ry zostanie zauwa\u017cony przez ka\u017cdego kto przejdzie przez nasz pr\u00f3g. Z wielk\u0105 przyjemno\u015bci\u0105 zapraszamy na nasz\u0105 stron\u0119 &hellip; <a href=\"https:\/\/www.lawendowykredens.pl\/blog\/meble-clayre-eef\/\" class=\"more-link\">Czytaj dalej <span class=\"screen-reader-text\">Meble Clayre &#038; Eef<\/span><\/a><\/p>\n","protected":false},"author":1,"featured_media":0,"comment_status":"open","ping_status":"open","sticky":false,"template":"","format":"standard","meta":[],"categories":[12],"tags":[44,51,250,137],"_links":{"self":[{"href":"https:\/\/www.lawendowykredens.pl\/blog\/wp-json\/wp\/v2\/posts\/1472"}],"collection":[{"href":"https:\/\/www.lawendowykredens.pl\/blog\/wp-json\/wp\/v2\/posts"}],"about":[{"href":"https:\/\/www.lawendowykredens.pl\/blog\/wp-json\/wp\/v2\/types\/post"}],"author":[{"embeddable":true,"href":"https:\/\/www.lawendowykredens.pl\/blog\/wp-json\/wp\/v2\/users\/1"}],"replies":[{"embeddable":true,"href":"https:\/\/www.lawendowykredens.pl\/blog\/wp-json\/wp\/v2\/comments?post=1472"}],"version-history":[{"count":1,"href":"https:\/\/www.lawendowykredens.pl\/blog\/wp-json\/wp\/v2\/posts\/1472\/revisions"}],"predecessor-version":[{"id":1473,"href":"https:\/\/www.lawendowykredens.pl\/blog\/wp-json\/wp\/v2\/posts\/1472\/revisions\/1473"}],"wp:attachment":[{"href":"https:\/\/www.lawendowykredens.pl\/blog\/wp-json\/wp\/v2\/media?parent=1472"}],"wp:term":[{"taxonomy":"category","embeddable":true,"href":"https:\/\/www.lawendowykredens.pl\/blog\/wp-json\/wp\/v2\/categories?post=1472"},{"taxonomy":"post_tag","embeddable":true,"href":"https:\/\/www.lawendowykredens.pl\/blog\/wp-json\/wp\/v2\/tags?post=1472"}],"curies":[{"name":"wp","href":"https:\/\/api.w.org\/{rel}","templated":true}]}}