{"id":1467,"date":"2018-04-03T11:26:17","date_gmt":"2018-04-03T09:26:17","guid":{"rendered":"http:\/\/blog.lawendowykredens.pl\/?p=1467"},"modified":"2018-04-03T11:26:17","modified_gmt":"2018-04-03T09:26:17","slug":"zegary-scienne-3","status":"publish","type":"post","link":"https:\/\/www.lawendowykredens.pl\/blog\/zegary-scienne-3\/","title":{"rendered":"Zegary \u015acienne"},"content":{"rendered":"<p align=\"center\">W dzisiejszym wpisie pragniemy Pa\u0144stwu pokaza\u0107 wspania\u0142e dekoracje jakimi s\u0105 <b>zegary \u015bcienne, <\/b>kt\u00f3re prezentuj\u0105 si\u0119 pi\u0119knie i oryginalnie. Nasze zegary posiadaj\u0105 wygl\u0105d niczym wspania\u0142e i kolorowe obrazy \u015bcienne, kt\u00f3re przykuj\u0105 uwag\u0119 ka\u017cdego. W naszej bogatej ofercie znale\u017a\u0107 mo\u017cna mi\u0119dzy innymi <b>zegary retro <\/b>i<b> zegary w stylu prowansalskim. <\/b>Zegary te r\u00f3\u017cni\u0105 si\u0119 od siebie motywami, kolorami, kszta\u0142tami, materia\u0142em wyko\u0144czenia, a tak\u017ce cyframi poniewa\u017c jedne posiadaj\u0105 cyfry rzymskie inne za\u015b arabskie. Zapewniamy, \u017ce ka\u017cdy znajdzie co\u015b dla siebie, co\u015b niebanalnego i oryginalnego, ten jeden, jedyny w swoim rodzaju zegar \u015bcienny, kt\u00f3ry zaprezentuje si\u0119 idealnie.<\/p>\n<figure style=\"width: 458px\" class=\"wp-caption aligncenter\"><img decoding=\"async\" loading=\"lazy\" class=\"size-medium\" src=\"https:\/\/www.lawendowykredens.pl\/24966-large_default\/duzy-zegar.jpg\" alt=\"du\u017cy zegar z rzymskimi cyframi w kolorystyce br\u0105zowo kremowej\" width=\"458\" height=\"458\" \/><figcaption class=\"wp-caption-text\">Du\u017cy Zegar<\/figcaption><\/figure>\n<p align=\"center\">Mo\u017ce by\u0107 na przyk\u0142ad taki oto du\u017cy zegar \u015bcienny, kt\u00f3rego \u015brednica osi\u0105ga a\u017c 80cm, posiada po\u0142\u0105czenie dw\u00f3ch kolor\u00f3w, w tym br\u0105zu i kremu. Na zegarze tym da si\u0119 zauwa\u017cy\u0107 du\u017ce rzymskie cyfry, kt\u00f3re s\u0105 oddzielone od siebie wi\u0119c unikamy tutaj zlania si\u0119 wszystkich godzin razem.<\/p>\n<figure style=\"width: 458px\" class=\"wp-caption aligncenter\"><img decoding=\"async\" loading=\"lazy\" class=\"size-medium\" src=\"https:\/\/www.lawendowykredens.pl\/25032-large_default\/zegar-w-stylu-prowansalskim.jpg\" alt=\"Ciemny zegar w stylu prowansalskim z grafik\u0105 balona i bia\u0142ymi rzymskimi cyframi\" width=\"458\" height=\"458\" \/><figcaption class=\"wp-caption-text\">Zegar w Stylu Prowansalskim<\/figcaption><\/figure>\n<p align=\"center\"><b>Zegary w stylu prowansalskim <\/b>to r\u00f3\u017cne po\u0142\u0105czenia kolorystyczne dzi\u0119ki czemu mo\u017cna je dopasowa\u0107 do ka\u017cdej \u015bciany. Tutaj mamy kolory takie jak czarny i be\u017cowy, dodatkowo mo\u017cna zauwa\u017cy\u0107 na nim grafik\u0119 balona.<\/p>\n<figure style=\"width: 458px\" class=\"wp-caption aligncenter\"><img decoding=\"async\" loading=\"lazy\" class=\"size-medium\" src=\"https:\/\/www.lawendowykredens.pl\/24952-large_default\/zegar-owalny.jpg\" alt=\"owalny jasny zegar z motywem r\u00f3\u017cy posiadaj\u0105cy postarzenia\" width=\"458\" height=\"458\" \/><figcaption class=\"wp-caption-text\">Zegar Owalny z R\u00f3\u017c\u0105<\/figcaption><\/figure>\n<p align=\"center\"><b>Zegary \u015bcienne <\/b>maj\u0105 r\u00f3\u017cne kszta\u0142ty i tutaj mo\u017cna zauwa\u017cy\u0107 owaln\u0105 tarcz\u0119 zegara w be\u017cowym kolorze z motywem pi\u0119knego kwiatu o intensywnym odcieniu. Wspania\u0142e podkre\u015blenie stylu prowansalskiego w postaci takich zegar\u00f3w to tani i \u0142atwy spos\u00f3b na dekoracje ka\u017cdego mieszkania i nie tylko.<\/p>\n<figure style=\"width: 458px\" class=\"wp-caption aligncenter\"><img decoding=\"async\" loading=\"lazy\" class=\"size-medium\" src=\"https:\/\/www.lawendowykredens.pl\/34140-large_default\/zegar-retro.jpg\" alt=\"Postarzany zegar w stylu retro posiadaj\u0105cy ciemno, \u017co\u0142ty kolor\" width=\"458\" height=\"458\" \/><figcaption class=\"wp-caption-text\">Zegar Retro<\/figcaption><\/figure>\n<p align=\"center\"><b>Zegary retro <\/b>to r\u00f3wnie\u017c fantastyczny spos\u00f3b na dekoracj\u0119 wn\u0119trza, tutaj przedstawiamy pi\u0119kno, postarzanego zegara o ciekawym kszta\u0142cie ramy, kt\u00f3ra imituje drewno w ciemnym kolorze z po\u017c\u00f3\u0142k\u0142ym akcentem.<\/p>\n<figure style=\"width: 458px\" class=\"wp-caption aligncenter\"><img decoding=\"async\" loading=\"lazy\" class=\"size-medium\" src=\"https:\/\/www.lawendowykredens.pl\/34148-large_default\/tablica-magnetyczna.jpg\" alt=\"Tablica magnetyczna z magnesami i zegarem\" width=\"458\" height=\"458\" \/><figcaption class=\"wp-caption-text\">Tablica Magnetyczna z Zegarem<\/figcaption><\/figure>\n<p align=\"center\">Interesuj\u0105cym dodatkiem dwa w jednym to tablica magnetyczna na kt\u00f3rej mo\u017cna znale\u017a\u0107 magnesy z numerkami, kt\u00f3rymi mo\u017cna przyczepi\u0107 zdj\u0119cia, notatki czy cokolwiek innego. W tej tablicy magnetycznej mo\u017cna zauwa\u017cy\u0107 tak\u017ce zegar chocia\u017c jest niewielkich rozmiar\u00f3w to dzia\u0142a jak wszystkie <b>zegary \u015bcienne. <\/b>Polecamy!<\/p>\n<figure style=\"width: 458px\" class=\"wp-caption aligncenter\"><img decoding=\"async\" loading=\"lazy\" class=\"size-medium\" src=\"https:\/\/www.lawendowykredens.pl\/34505-large_default\/zegar-prowansalski.jpg\" alt=\"Postarzany zegar w po\u017c\u00f3\u0142k\u0142ym kolorze z r\u00f3\u017cami\" width=\"458\" height=\"458\" \/><figcaption class=\"wp-caption-text\">Zegar Prowansalski<\/figcaption><\/figure>\n<p align=\"center\"><b>Zegary retro <\/b>to postarzane stylizacje podkre\u015blaj\u0105ce klimat wn\u0119trza. Przyk\u0142adem takiego zegara jest ten w po\u017c\u00f3\u0142k\u0142ym kolorze z motywem r\u00f3\u017c. Wygl\u0105da niesamowicie i przykuj\u0119 uwag\u0119 ka\u017cdego go\u015bcia. Rewelacje \u015bcienne w postaci zegar\u00f3w to gratka dla wszystkich.<\/p>\n<figure style=\"width: 458px\" class=\"wp-caption aligncenter\"><img decoding=\"async\" loading=\"lazy\" class=\"size-medium\" src=\"https:\/\/www.lawendowykredens.pl\/24865-large_default\/zegar-w-stylu-francuskim.jpg\" alt=\"Ciemny zegar posiadaj\u0105cy bia\u0142e wskaz\u00f3wki, wahad\u0142o i motyw r\u00f3zy\" width=\"458\" height=\"458\" \/><figcaption class=\"wp-caption-text\">Zegar w Stylu Francuskim z Wahad\u0142em<\/figcaption><\/figure>\n<p align=\"center\">Tutaj mamy przepi\u0119kne po\u0142\u0105czenie stylu retro wraz z stylem prowansalskim, a jest nim zegar z wahad\u0142em, kt\u00f3ry ma ciemny kolor tarczy na kt\u00f3rej wida\u0107 r\u00f3\u017ce, kt\u00f3re podkre\u015blaj\u0105 ten francuski klimat.<\/p>\n<figure style=\"width: 458px\" class=\"wp-caption aligncenter\"><img decoding=\"async\" loading=\"lazy\" class=\"size-medium\" src=\"https:\/\/www.lawendowykredens.pl\/24871-large_default\/zegar-prowansalski.jpg\" alt=\"Prostokatny zegar szklany ozdobiony motywem kwiat\u00f3w\" width=\"458\" height=\"458\" \/><figcaption class=\"wp-caption-text\">Zegar Prowansalski Szklany<\/figcaption><\/figure>\n<p align=\"center\">Prostok\u0105tny zegar wykonany ze szk\u0142a z motywem kwiat\u00f3w na jasnym tle to zegar, kt\u00f3ry dobrze b\u0119dzie wygl\u0105da\u0142 na ka\u017cdej \u015bcianie.<\/p>\n<p align=\"center\"><b>Zegary w stylu prowansalskim <\/b>i nie tylko to wspania\u0142e dodatki do wszystkich wn\u0119trz. Zegary te na ka\u017cdej \u015bcianie zaprezentuj\u0105 si\u0119 doskonale ze wzgl\u0119du na swoje kolory i grafiki. Obraz i zegar w jednym to naprawd\u0119 wy\u015bmienite po\u0142\u0105czenie. Zapraszamy tak\u017ce do obejrzenia wszystkich dost\u0119pnych produkt\u00f3w jakimi s\u0105 inne dekoracje oraz meble. W naszym sklepie znajd\u0105 Pa\u0144stwo wszystko co potrzebne jest w ka\u017cdym domu i nie tylko. Do zobaczenia!<\/p>\n","protected":false},"excerpt":{"rendered":"<p>W dzisiejszym wpisie pragniemy Pa\u0144stwu pokaza\u0107 wspania\u0142e dekoracje jakimi s\u0105 zegary \u015bcienne, kt\u00f3re prezentuj\u0105 si\u0119 pi\u0119knie i oryginalnie. Nasze zegary posiadaj\u0105 wygl\u0105d niczym wspania\u0142e i kolorowe obrazy \u015bcienne, kt\u00f3re przykuj\u0105 uwag\u0119 ka\u017cdego. W naszej bogatej ofercie znale\u017a\u0107 mo\u017cna mi\u0119dzy innymi zegary retro i zegary w stylu prowansalskim. Zegary te r\u00f3\u017cni\u0105 si\u0119 od siebie motywami, kolorami, &hellip; <a href=\"https:\/\/www.lawendowykredens.pl\/blog\/zegary-scienne-3\/\" class=\"more-link\">Czytaj dalej <span class=\"screen-reader-text\">Zegary \u015acienne<\/span><\/a><\/p>\n","protected":false},"author":1,"featured_media":0,"comment_status":"open","ping_status":"open","sticky":false,"template":"","format":"standard","meta":[],"categories":[25],"tags":[233,234,235],"_links":{"self":[{"href":"https:\/\/www.lawendowykredens.pl\/blog\/wp-json\/wp\/v2\/posts\/1467"}],"collection":[{"href":"https:\/\/www.lawendowykredens.pl\/blog\/wp-json\/wp\/v2\/posts"}],"about":[{"href":"https:\/\/www.lawendowykredens.pl\/blog\/wp-json\/wp\/v2\/types\/post"}],"author":[{"embeddable":true,"href":"https:\/\/www.lawendowykredens.pl\/blog\/wp-json\/wp\/v2\/users\/1"}],"replies":[{"embeddable":true,"href":"https:\/\/www.lawendowykredens.pl\/blog\/wp-json\/wp\/v2\/comments?post=1467"}],"version-history":[{"count":1,"href":"https:\/\/www.lawendowykredens.pl\/blog\/wp-json\/wp\/v2\/posts\/1467\/revisions"}],"predecessor-version":[{"id":1468,"href":"https:\/\/www.lawendowykredens.pl\/blog\/wp-json\/wp\/v2\/posts\/1467\/revisions\/1468"}],"wp:attachment":[{"href":"https:\/\/www.lawendowykredens.pl\/blog\/wp-json\/wp\/v2\/media?parent=1467"}],"wp:term":[{"taxonomy":"category","embeddable":true,"href":"https:\/\/www.lawendowykredens.pl\/blog\/wp-json\/wp\/v2\/categories?post=1467"},{"taxonomy":"post_tag","embeddable":true,"href":"https:\/\/www.lawendowykredens.pl\/blog\/wp-json\/wp\/v2\/tags?post=1467"}],"curies":[{"name":"wp","href":"https:\/\/api.w.org\/{rel}","templated":true}]}}