{"id":1460,"date":"2018-03-31T17:29:26","date_gmt":"2018-03-31T15:29:26","guid":{"rendered":"http:\/\/blog.lawendowykredens.pl\/?p=1460"},"modified":"2018-03-31T17:29:26","modified_gmt":"2018-03-31T15:29:26","slug":"tace-w-stylu-prowansalskim","status":"publish","type":"post","link":"https:\/\/www.lawendowykredens.pl\/blog\/tace-w-stylu-prowansalskim\/","title":{"rendered":"Tace W Stylu Prowansalskim"},"content":{"rendered":"<p align=\"center\">Nasz sklep Lawendowy Kredens to sklep w kt\u00f3rym pracuj\u0105 pasjonaci dobrego gustu i smaku. Znajdziecie Pa\u0144stwo u nas najnowsze nabytki niezwykle modnych i nowoczesnych mebli i dodatk\u00f3w do nich. Ka\u017cdy znajdzie tu co\u015b dla siebie, nawet najwybredniejszy klient. Dob\u00f3r r\u00f3\u017cnorodnych kolor\u00f3w i wzor\u00f3w i dobrej jako\u015bci materia\u0142y, z kt\u00f3rych wykonane s\u0105 nasze produkty to gwarancja doskona\u0142ej jako\u015bci i trwa\u0142o\u015bci. Dzisiaj Przedstawimy Pa\u0144stwu dodatki, kt\u00f3re z pewno\u015bci\u0105 przydadz\u0105 si\u0119 w ka\u017cdym domu i stan\u0105 si\u0119 atrybutem ka\u017cdej Pani domu, a mianowicie <b>tace w stylu prowansalskim. <\/b>To w\u0142a\u015bnie <b>taca prowansalska<\/b> jest miejscem, gdzie stan\u0105 nasze przepi\u0119kne fili\u017canki i talerzyki ze s\u0142odkim pocz\u0119stunkiem dla go\u015bci.<\/p>\n<p align=\"center\">Prowansalskie dzie\u0142a s\u0105 bogato zdobione i maj\u0105 cudowne wzory. S\u0105 to przede wszystkim r\u00f3\u017cnego rodzaju kwiaty i lawenda, w przepi\u0119knych pozytywnych kolorach. Jedn\u0105 z nich jest tacka prowansalska firmy Creative Tops. Ma prostok\u0105tny kszta\u0142t i wykonana jest z plastiku. Tacka ma uniwersalny be\u017cowy kolor, kt\u00f3ry z pewno\u015bci\u0105 wspaniale zaprezentuje si\u0119 na ka\u017cdym stole. Znajduje si\u0119 na niej st\u00f3\u0142, na kt\u00f3rym stoi szklana szklarenka, kwiaty oraz francuski ozdobny napis.<\/p>\n<figure style=\"width: 458px\" class=\"wp-caption aligncenter\"><img decoding=\"async\" loading=\"lazy\" class=\"size-medium\" src=\"https:\/\/www.lawendowykredens.pl\/14634-large_default\/tacka-prowansalska.jpg\" alt=\"Prostokatna taca w stylu prowansalskim w jasnym kolorze \" width=\"458\" height=\"458\" \/><figcaption class=\"wp-caption-text\">Taca Prowansalska<\/figcaption><\/figure>\n<p align=\"center\">Kolejnym dodatkiem do domu, kt\u00f3ry jest wart uwagi to bardzo nowoczesne <b>tace w stylu prowansalskim<\/b> w dw\u00f3ch rozmiarach. Obie maja kwadratowy kszta\u0142t i bia\u0142y kolor. Wygl\u0105daja niczym ramka na zdj\u0119cia. Na ich spodzie znajduje si\u0119 dekoracyjny czarny, angielski napis Home Collection i Kitchen. Dodatkowym atutem jest to, \u017ce jedn\u0105 mo\u017cna w\u0142o\u017cy\u0107 w drog\u0105 co sprawia, \u017ce zajmuj\u0105 mniej miejsca.<\/p>\n<figure style=\"width: 458px\" class=\"wp-caption aligncenter\"><img decoding=\"async\" loading=\"lazy\" class=\"size-medium\" src=\"https:\/\/www.lawendowykredens.pl\/26854-large_default\/tace-prowanalskie.jpg\" alt=\"Kwadratowa bia\u0142a taca \" width=\"458\" height=\"458\" \/><figcaption class=\"wp-caption-text\">Bia\u0142a Taca Kitchen<\/figcaption><\/figure>\n<p align=\"center\">Kolejna <b>taca prowansalska<\/b> stworzona zosta\u0142a w formie poczt\u00f3wki, na kt\u00f3rej znajduje si\u0119 znaczek pocztowy i francuskie ozdobne napisy. Na \u015brodku znajduje si\u0119 du\u017cy dzbanek z fioletow\u0105 lawend\u0105. Taca ma kszta\u0142t prostok\u0105ta i gdzieniegdzie przecieran\u0105 farb\u0119. Ma jasny kremowy kolor, dzi\u0119ki kt\u00f3remu \u015bwietnie b\u0119dzie wsz\u0119dzie wygl\u0105da\u0107. Mo\u017ce by\u0107 r\u00f3wnie\u017c \u015bwietnym pomys\u0142em na oryginalny i uroczy prezent.<\/p>\n<figure style=\"width: 458px\" class=\"wp-caption aligncenter\"><img decoding=\"async\" loading=\"lazy\" class=\"size-medium\" src=\"https:\/\/www.lawendowykredens.pl\/4088-large_default\/taca-z-lawenda-w-stylu-prowansalskim-2.jpg\" alt=\"Prostokatna jasna taca ozdobiona motywem lawendy w naczyniu\" width=\"458\" height=\"458\" \/><figcaption class=\"wp-caption-text\">Taca w Stylu Prowansalskim z Lawend\u0105<\/figcaption><\/figure>\n<p align=\"center\">Czwarty dodatek do kuchni, o kt\u00f3rym nie nale\u017cy zapomina\u0107 to niezwykle ciekawa metalowa taca w kszta\u0142cie gwiazdy. Posiada dodatkowe wyci\u0119cia naoko\u0142o po bokach w formie takich samych, tylko \u017ce mniejszych gwiazdek, kt\u00f3re nadaj\u0105 im uroku i kobiecego wygl\u0105du. Tace s\u0105 w trzech rozmiarach i mog\u0105 pos\u0142u\u017cy\u0107 na przyk\u0142ad na \u015bwiec\u0119 lub do przeniesienia drobnych rzeczy.<\/p>\n<figure style=\"width: 458px\" class=\"wp-caption aligncenter\"><img decoding=\"async\" loading=\"lazy\" class=\"size-medium\" src=\"https:\/\/www.lawendowykredens.pl\/14816-large_default\/metalowa-taca.jpg\" alt=\"Metalowa taca w srebrnym kolorze posiadaj\u0105ca kszta\u0142t gwiazdki\" width=\"458\" height=\"458\" \/><figcaption class=\"wp-caption-text\">Taca Gwiazda Chic Antique<\/figcaption><\/figure>\n<p align=\"center\">Ostatnim produktem niezwykle przydatnym przy rodzinnych uroczysto\u015bciach jest bardzo stylowa taca z przegr\u00f3dkami firmy Chic Antique. Doskona\u0142a na butelki czy szklanki, pomie\u015bci ich nawet dziewi\u0119\u0107 sztuk. Taca ma kszta\u0142t kwadratu i wykonana jest z wysokiej jako\u015bci drewna. Ma wysokie kraw\u0119dzie i w wielu miejscach przecieran\u0105 farb\u0119. Z przodu znajduje si\u0119 ozdobna tabliczka z napisami.<\/p>\n<p>&nbsp;<\/p>\n<figure style=\"width: 458px\" class=\"wp-caption aligncenter\"><img decoding=\"async\" loading=\"lazy\" class=\"size-medium\" src=\"https:\/\/www.lawendowykredens.pl\/19696-large_default\/taca-prowansalska.jpg\" alt=\"Bia\u0142a, drewniana taca o kwadratowym kszta\u0142cie posiadajaca dziewie\u0107 rzegr\u00f3dek\" width=\"458\" height=\"458\" \/><figcaption class=\"wp-caption-text\">Taca Prowansalska<\/figcaption><\/figure>\n<p align=\"center\"><a name=\"_GoBack\"><\/a> <b>Taca prowansalska<\/b> wyr\u00f3\u017cnia si\u0119 z po\u015br\u00f3d tac w innych stylach i wiedzie prym na wi\u0119kszo\u015bci polskich sto\u0142ach. <b>Tace w stylu prowansalskim<\/b> to wspania\u0142y wyb\u00f3r!<\/p>\n<p>&nbsp;<\/p>\n","protected":false},"excerpt":{"rendered":"<p>Nasz sklep Lawendowy Kredens to sklep w kt\u00f3rym pracuj\u0105 pasjonaci dobrego gustu i smaku. Znajdziecie Pa\u0144stwo u nas najnowsze nabytki niezwykle modnych i nowoczesnych mebli i dodatk\u00f3w do nich. Ka\u017cdy znajdzie tu co\u015b dla siebie, nawet najwybredniejszy klient. Dob\u00f3r r\u00f3\u017cnorodnych kolor\u00f3w i wzor\u00f3w i dobrej jako\u015bci materia\u0142y, z kt\u00f3rych wykonane s\u0105 nasze produkty to gwarancja &hellip; <a href=\"https:\/\/www.lawendowykredens.pl\/blog\/tace-w-stylu-prowansalskim\/\" class=\"more-link\">Czytaj dalej <span class=\"screen-reader-text\">Tace W Stylu Prowansalskim<\/span><\/a><\/p>\n","protected":false},"author":1,"featured_media":0,"comment_status":"open","ping_status":"open","sticky":false,"template":"","format":"standard","meta":[],"categories":[26],"tags":[247,246],"_links":{"self":[{"href":"https:\/\/www.lawendowykredens.pl\/blog\/wp-json\/wp\/v2\/posts\/1460"}],"collection":[{"href":"https:\/\/www.lawendowykredens.pl\/blog\/wp-json\/wp\/v2\/posts"}],"about":[{"href":"https:\/\/www.lawendowykredens.pl\/blog\/wp-json\/wp\/v2\/types\/post"}],"author":[{"embeddable":true,"href":"https:\/\/www.lawendowykredens.pl\/blog\/wp-json\/wp\/v2\/users\/1"}],"replies":[{"embeddable":true,"href":"https:\/\/www.lawendowykredens.pl\/blog\/wp-json\/wp\/v2\/comments?post=1460"}],"version-history":[{"count":1,"href":"https:\/\/www.lawendowykredens.pl\/blog\/wp-json\/wp\/v2\/posts\/1460\/revisions"}],"predecessor-version":[{"id":1461,"href":"https:\/\/www.lawendowykredens.pl\/blog\/wp-json\/wp\/v2\/posts\/1460\/revisions\/1461"}],"wp:attachment":[{"href":"https:\/\/www.lawendowykredens.pl\/blog\/wp-json\/wp\/v2\/media?parent=1460"}],"wp:term":[{"taxonomy":"category","embeddable":true,"href":"https:\/\/www.lawendowykredens.pl\/blog\/wp-json\/wp\/v2\/categories?post=1460"},{"taxonomy":"post_tag","embeddable":true,"href":"https:\/\/www.lawendowykredens.pl\/blog\/wp-json\/wp\/v2\/tags?post=1460"}],"curies":[{"name":"wp","href":"https:\/\/api.w.org\/{rel}","templated":true}]}}