{"id":1457,"date":"2018-03-13T12:04:11","date_gmt":"2018-03-13T11:04:11","guid":{"rendered":"http:\/\/blog.lawendowykredens.pl\/?p=1457"},"modified":"2018-03-13T12:04:11","modified_gmt":"2018-03-13T11:04:11","slug":"oslonki-na-doniczki-3","status":"publish","type":"post","link":"https:\/\/www.lawendowykredens.pl\/blog\/oslonki-na-doniczki-3\/","title":{"rendered":"Os\u0142onki na Doniczki"},"content":{"rendered":"<p align=\"center\">Ka\u017cdy z nas posiada w domu opr\u00f3cz mebli, artyku\u0142y dekoracyjne a w nich mo\u017cna znale\u017a\u0107 na przyk\u0142ad <b>os\u0142onki na doniczki, <\/b>dzi\u0119ki kt\u00f3rym ka\u017cdy kwiat zostanie podkre\u015blony na ka\u017cdym regale czy te\u017c parapecie. Ma\u0142e dodatki, ale wyj\u0105tkowe poniewa\u017c jest dost\u0119pnych wiele kolor\u00f3w i motyw\u00f3w. W naszym sklepie wi\u0119kszo\u015b\u0107 to <b>os\u0142onki w stylu prowansalskim, <\/b>ale tak\u017ce posiadamy wiele innych styl\u00f3w, kt\u00f3re nadadz\u0105 wn\u0119trzu klimat. Wszystkie <b>os\u0142onki na doniczki <\/b>posiadaj\u0105 r\u00f3\u017cne kszta\u0142ty i materia\u0142y wyko\u0144czeniowe. Pierwszym przyk\u0142adem, kt\u00f3ry tutaj przedstawimy to b\u0119d\u0105 <b>os\u0142onki Belldeco,<\/b> kt\u00f3re jak wiadomo prezentuj\u0105 si\u0119 bardzo oryginalnie.<\/p>\n<figure style=\"width: 458px\" class=\"wp-caption aligncenter\"><img decoding=\"async\" loading=\"lazy\" class=\"size-medium\" src=\"https:\/\/www.lawendowykredens.pl\/11699-large_default\/oslonki-metalowe.jpg\" alt=\"Trzy metalowe os\u0142onki na doniczk\u0119 umieszczone w drewnianej p\u00f3\u0142eczce\" width=\"458\" height=\"458\" \/><figcaption class=\"wp-caption-text\">Metalowe Os\u0142onki Belldeco<\/figcaption><\/figure>\n<p align=\"center\">Oryginalna p\u00f3\u0142eczka drewniana w jasnym kolorze posiadaj\u0105ca ozdobn\u0105 siateczk\u0119, ciemny napis oraz trzy otwory w kt\u00f3rych zosta\u0142y umieszczone trzy metalowe <b>os\u0142onki Belldeco<\/b>. Taka p\u00f3\u0142ka sprawdzi si\u0119 genialnie na przyk\u0142ad w kuchni.<\/p>\n<figure style=\"width: 458px\" class=\"wp-caption aligncenter\"><img decoding=\"async\" loading=\"lazy\" class=\"size-medium\" src=\"https:\/\/www.lawendowykredens.pl\/23366-large_default\/duzy-wazon.jpg\" alt=\"Srebrny wazon du\u017cy ustawiony na pode\u015bcie\" width=\"458\" height=\"458\" \/><figcaption class=\"wp-caption-text\">Du\u017cy Wazon Belldeco Deluxe<\/figcaption><\/figure>\n<p align=\"center\">Aluminiowy wazon w srebrnym kolorze o do\u015b\u0107 wysokich wymiarach to przedstawiciel z kolekcji Deluxe, kt\u00f3ra pasuje do wn\u0119trz starodawnych jak i wn\u0119trz nowoczesnych. Dzi\u0119ki czemu mo\u017cna umie\u015bci\u0107 go tak naprawd\u0119 w ka\u017cdym pomieszczeniu.<\/p>\n<p align=\"center\"><b>Os\u0142onki w stylu prowansalskim <\/b>proponuje nam tak\u017ce du\u0144ski producent o nazwie Chic Antique, ma on w swojej ofercie naprawd\u0119 wyj\u0105tkowe pere\u0142ki, prosz\u0119 zapozna\u0107 si\u0119 z nimi i samemu oceni\u0107.<\/p>\n<figure style=\"width: 458px\" class=\"wp-caption aligncenter\"><img decoding=\"async\" loading=\"lazy\" class=\"size-medium\" src=\"https:\/\/www.lawendowykredens.pl\/25155-large_default\/oslonka-do-zawieszenia.jpg\" alt=\"bia\u0142a os\u0142onka wykonana z metalu\" width=\"458\" height=\"458\" \/><figcaption class=\"wp-caption-text\">Os\u0142onka Do Zawieszenia<\/figcaption><\/figure>\n<p align=\"center\">Metalowa os\u0142onka w kremowym kolorze, posiada ozdobne miejsce do zawieszenia, os\u0142onka ta jest niewielka dzi\u0119ki czemu mo\u017cna j\u0105 zawiesi\u0107 na \u015bcianie b\u0105d\u017a drzwiach.<\/p>\n<figure style=\"width: 458px\" class=\"wp-caption aligncenter\"><img decoding=\"async\" loading=\"lazy\" class=\"size-medium\" src=\"https:\/\/www.lawendowykredens.pl\/16664-large_default\/oslonka-na-doniczke.jpg\" alt=\"Ciemno niebieska os\u0142onka o kszta\u0142cie bombki wykonana z ceramiki\" width=\"458\" height=\"458\" \/><figcaption class=\"wp-caption-text\">Os\u0142onka Ceramiczna Chic Antique<\/figcaption><\/figure>\n<p align=\"center\">Ceramiczna os\u0142onka na doniczk\u0119 o odcieniu brudnego niebieskiego. Os\u0142onka posiada kszta\u0142t bombki. Rewelacyjny dodatek, polecamy ca\u0142\u0105 kolekcj\u0119 Old Chic.<\/p>\n<figure style=\"width: 458px\" class=\"wp-caption aligncenter\"><img decoding=\"async\" loading=\"lazy\" class=\"size-medium\" src=\"https:\/\/www.lawendowykredens.pl\/20662-large_default\/szara-oslonka.jpg\" alt=\"szara, prosta os\u0142onka \" width=\"458\" height=\"458\" \/><figcaption class=\"wp-caption-text\">Szara Os\u0142onka Chic Antique<\/figcaption><\/figure>\n<p align=\"center\">Tutaj z kolei mamy os\u0142onki w szarym kolorze, kt\u00f3re posiadaj\u0105 kilka rozmiar\u00f3w. Os\u0142onki te posiadaj\u0105 delikatny wz\u00f3r u g\u00f3ry.<\/p>\n<p align=\"center\">Cementowe <b>os\u0142onki belldeco <\/b>to po\u0142\u0105czenie solidnego wykonania wraz z pi\u0119knym wzorem, szary kolor podkre\u015bli styl, naturalnym wykonaniem.<\/p>\n<figure style=\"width: 458px\" class=\"wp-caption aligncenter\"><img decoding=\"async\" loading=\"lazy\" class=\"size-medium\" src=\"http:\/\/www.lawendowykredens.pl\/27523-large_default\/oslonka-belldeco.jpg\" alt=\"wysoka os\u0142onka, wazon w szarym kolorze ozdobiona wzorami\" width=\"458\" height=\"458\" \/><figcaption class=\"wp-caption-text\">Szara Os\u0142onka Belldeco<\/figcaption><\/figure>\n<figure style=\"width: 458px\" class=\"wp-caption aligncenter\"><img decoding=\"async\" loading=\"lazy\" class=\"size-medium\" src=\"http:\/\/www.lawendowykredens.pl\/19035-large_default\/metalowe-oslonki.jpg\" alt=\"metalowe trzy os\u0142onki z lawend\u0105 umieszczone na owalnej podstawce\" width=\"458\" height=\"458\" \/><figcaption class=\"wp-caption-text\">Os\u0142onki Z Lawend\u0105<\/figcaption><\/figure>\n<p align=\"center\">Jeste\u015bmy w posiadaniu metalowych os\u0142onek z motywem lawendy, kt\u00f3re posiadaj\u0105 fantastyczne kolory. Pi\u0119kne i niepowtarzalne <b>os\u0142onki na doniczki <\/b>b\u0119d\u0105 doskona\u0142ym pomys\u0142em na prezent.<\/p>\n<p align=\"center\">Alternatyw\u0105 dla os\u0142onek domowych s\u0105 kwietniki, kt\u00f3re s\u0142u\u017c\u0105 do przechowywania kwiat\u00f3w mi\u0119dzy innymi w ogrodzie. One wszystkie s\u0105 niezwykle pi\u0119kne najwi\u0119cej propozycji pokazuje nam marka Clayre &amp; Eef.<\/p>\n<figure style=\"width: 458px\" class=\"wp-caption aligncenter\"><img decoding=\"async\" loading=\"lazy\" class=\"size-medium\" src=\"http:\/\/www.lawendowykredens.pl\/26483-large_default\/kwietnik-prowansalski.jpg\" alt=\"metalowy kwietnik w bia\u0142ym kolorze posiada miejsce na sze\u015b\u0107 kwiat\u00f3w\" width=\"458\" height=\"458\" \/><figcaption class=\"wp-caption-text\">Kwietnik Prowansalski<\/figcaption><\/figure>\n<p align=\"center\">Tutaj mamy du\u017cy kwietnik wykonany z bia\u0142ego metalu ozdobionego przetarciami, posiada sze\u015b\u0107 miejsc na doniczki. Kwietniki to przepi\u0119kna dekoracja w stylu prowansalskim.<\/p>\n<figure style=\"width: 458px\" class=\"wp-caption aligncenter\"><img decoding=\"async\" loading=\"lazy\" class=\"size-medium\" src=\"http:\/\/www.lawendowykredens.pl\/27453-large_default\/kwietnik-prowansalski.jpg\" alt=\"metalowy kwietik w kszta\u0142cie roweru\" width=\"458\" height=\"458\" \/><figcaption class=\"wp-caption-text\">Kwietnik Prowansalski Rower<\/figcaption><\/figure>\n<p align=\"center\">Szary kwietnik wykonany z metalu posiadaj\u0105cy kszta\u0142t roweru na kt\u00f3rym ka\u017cdy kwiatek b\u0119dzie prezentowa\u0142 si\u0119 wspaniale.<\/p>\n<figure style=\"width: 458px\" class=\"wp-caption aligncenter\"><img decoding=\"async\" loading=\"lazy\" class=\"size-medium\" src=\"http:\/\/www.lawendowykredens.pl\/34830-large_default\/kwietnik-metalowy.jpg\" alt=\"kwietnik wykonany z metalu w czarnym kolorze z miejscem na trzy kwiatki\" width=\"458\" height=\"458\" \/><figcaption class=\"wp-caption-text\">Czarny Kwietnik Metalowy<\/figcaption><\/figure>\n<p align=\"center\">Czarny, potr\u00f3jny kwietnik metalowy pochodz\u0105cy prosto z Francuskiej kolekcji. Rewelacja.<\/p>\n<p align=\"center\">W ofercie mamy jeszcze kwietniki w stylu industrialnym wi\u0119c warto zajrze\u0107 i przekona\u0107 si\u0119 na w\u0142asne oczy.<\/p>\n<p align=\"center\"><b>Os\u0142onki w stylu prowansalskim <\/b>to przedmioty oryginalne i wyj\u0105tkowe. Nasz sklep posiada bardzo bogat\u0105 ofert\u0119 tych oto produkt\u00f3w dzi\u0119ki czemu ka\u017cdy z nas mo\u017ce mie\u0107 oryginaln\u0105 i pi\u0119kn\u0105 os\u0142onk\u0119 na ka\u017cdy kwiat. Os\u0142onki te dopasuj\u0105 si\u0119 tak\u017ce kszta\u0142tem, poniewa\u017c w naszej zak\u0142adce s\u0105 tak\u017ce dost\u0119pne r\u00f3\u017cne ich rozmiary. Zach\u0119camy do zapoznania si\u0119 ze wszystkimi zak\u0142adkami na naszej stronie, gdzie mo\u017cna znale\u017a\u0107 naprawd\u0119 ciekawe propozycje dla ka\u017cdego.<\/p>\n","protected":false},"excerpt":{"rendered":"<p>Ka\u017cdy z nas posiada w domu opr\u00f3cz mebli, artyku\u0142y dekoracyjne a w nich mo\u017cna znale\u017a\u0107 na przyk\u0142ad os\u0142onki na doniczki, dzi\u0119ki kt\u00f3rym ka\u017cdy kwiat zostanie podkre\u015blony na ka\u017cdym regale czy te\u017c parapecie. Ma\u0142e dodatki, ale wyj\u0105tkowe poniewa\u017c jest dost\u0119pnych wiele kolor\u00f3w i motyw\u00f3w. W naszym sklepie wi\u0119kszo\u015b\u0107 to os\u0142onki w stylu prowansalskim, ale tak\u017ce posiadamy &hellip; <a href=\"https:\/\/www.lawendowykredens.pl\/blog\/oslonki-na-doniczki-3\/\" class=\"more-link\">Czytaj dalej <span class=\"screen-reader-text\">Os\u0142onki na Doniczki<\/span><\/a><\/p>\n","protected":false},"author":1,"featured_media":0,"comment_status":"open","ping_status":"open","sticky":false,"template":"","format":"standard","meta":[],"categories":[18],"tags":[165,166,167],"_links":{"self":[{"href":"https:\/\/www.lawendowykredens.pl\/blog\/wp-json\/wp\/v2\/posts\/1457"}],"collection":[{"href":"https:\/\/www.lawendowykredens.pl\/blog\/wp-json\/wp\/v2\/posts"}],"about":[{"href":"https:\/\/www.lawendowykredens.pl\/blog\/wp-json\/wp\/v2\/types\/post"}],"author":[{"embeddable":true,"href":"https:\/\/www.lawendowykredens.pl\/blog\/wp-json\/wp\/v2\/users\/1"}],"replies":[{"embeddable":true,"href":"https:\/\/www.lawendowykredens.pl\/blog\/wp-json\/wp\/v2\/comments?post=1457"}],"version-history":[{"count":1,"href":"https:\/\/www.lawendowykredens.pl\/blog\/wp-json\/wp\/v2\/posts\/1457\/revisions"}],"predecessor-version":[{"id":1459,"href":"https:\/\/www.lawendowykredens.pl\/blog\/wp-json\/wp\/v2\/posts\/1457\/revisions\/1459"}],"wp:attachment":[{"href":"https:\/\/www.lawendowykredens.pl\/blog\/wp-json\/wp\/v2\/media?parent=1457"}],"wp:term":[{"taxonomy":"category","embeddable":true,"href":"https:\/\/www.lawendowykredens.pl\/blog\/wp-json\/wp\/v2\/categories?post=1457"},{"taxonomy":"post_tag","embeddable":true,"href":"https:\/\/www.lawendowykredens.pl\/blog\/wp-json\/wp\/v2\/tags?post=1457"}],"curies":[{"name":"wp","href":"https:\/\/api.w.org\/{rel}","templated":true}]}}