{"id":1455,"date":"2018-03-13T10:21:57","date_gmt":"2018-03-13T09:21:57","guid":{"rendered":"http:\/\/blog.lawendowykredens.pl\/?p=1455"},"modified":"2018-03-13T10:21:57","modified_gmt":"2018-03-13T09:21:57","slug":"duze-zegary-scienne-2","status":"publish","type":"post","link":"https:\/\/www.lawendowykredens.pl\/blog\/duze-zegary-scienne-2\/","title":{"rendered":"Du\u017ce Zegary \u015acienne"},"content":{"rendered":"<p align=\"center\">Prowansalskie dodatki to przedmioty daj\u0105ce nowe \u017cycie we wn\u0119trzu, fantastyczne i realistyczne kolory, a tak\u017ce pi\u0119kne wyko\u0144czenia to w\u0142a\u015bnie tak prezentuj\u0105 si\u0119 nasze artyku\u0142y dekoracyjne. W dzisiejszym wpisie poka\u017cemy Pa\u0144stwu <b>zegary prowansalskie<\/b>, kt\u00f3re ciesz\u0105 si\u0119 niezwyk\u0142\u0105 popularno\u015bci\u0105 w\u015br\u00f3d naszych klient\u00f3w. Wszystkie zegary \u015bcienne, kt\u00f3re znajduj\u0105 si\u0119 w ofercie sklepu s\u0105 nadzwyczaj interesuj\u0105ce, je\u015bli kto\u015b poszukuje oryginalnym dekoracji \u015bciennych to w\u0142a\u015bnie je znalaz\u0142. Zaraz Pa\u0144stwu udowodnimy dlaczego to w\u0142a\u015bnie te zegary warto wybra\u0107 do swojego mieszkania. <b>Zegary prowansalskie <\/b>czy te\u017c <b>zegary w stylu retro <\/b>to ozdoby \u015bcienne, kt\u00f3re pe\u0142ni\u0105 dwie funkcje jedna z nich to prezentacja czasu, za\u015b druga to obraz, poniewa\u017c ich kolory oraz motywy prezentuj\u0105 si\u0119 naprawd\u0119 fantastycznie.<\/p>\n<figure style=\"width: 458px\" class=\"wp-caption aligncenter\"><img decoding=\"async\" loading=\"lazy\" class=\"size-medium\" src=\"https:\/\/www.lawendowykredens.pl\/25033-large_default\/zegar-w-stylu-prowansalskim.jpg\" alt=\"Jasno r\u00f3\u017cowy zegar w stylu prowansalskim posiada rzymskie cyfry oraz grafik\u0119 przedstawiaj\u0105c\u0105 klatk\u0119 dla ptaszk\u00f3w\" width=\"458\" height=\"458\" \/><figcaption class=\"wp-caption-text\">Zegar w Stylu Prowansalskim<\/figcaption><\/figure>\n<p align=\"center\">Tutaj mamy na przyk\u0142ad delikatny zegar w stylu prowansalskim ozdobiony rzymskimi cyframi, klatk\u0105 dla ptaszk\u00f3w. Zegar ten posiada tak\u017ce delikatne postarzenia co podkre\u015bla jego klimat.<\/p>\n<figure style=\"width: 458px\" class=\"wp-caption aligncenter\"><img decoding=\"async\" loading=\"lazy\" class=\"size-medium\" src=\"https:\/\/www.lawendowykredens.pl\/25228-large_default\/zegar-z-lawenda.jpg\" alt=\"Jasny zegar \u015bcienny z motywem lawendy w naczyniu.\" width=\"458\" height=\"458\" \/><figcaption class=\"wp-caption-text\">Zegar z Lawend\u0105<\/figcaption><\/figure>\n<p align=\"center\">W ofercie posiadamy tak\u017ce zegary z motywem lawendy, kt\u00f3re wskazuj\u0105 styl prowansalski pod ka\u017cdym wzgl\u0119dem. Pi\u0119kne kolory o\u017cywi\u0105 wn\u0119trze w prosty i tani spos\u00f3b.<\/p>\n<p align=\"center\">W sklepie naszym posiadamy tak\u017ce <b>du\u017ce zegary \u015bcienne, <\/b>kt\u00f3re pokazuj\u0105 r\u00f3\u017cne style, ale ka\u017cdy z nich wygl\u0105da wspaniale. Takie zegary wygl\u0105daj\u0105 troszk\u0119 inaczej ni\u017c te, kt\u00f3re maj\u0105 \u015brednic\u0119 34cm i zaraz poka\u017cemy Pa\u0144stwu t\u0105 r\u00f3\u017cnic\u0119, na kilku ciekawych przyk\u0142adach a oto one:<\/p>\n<figure style=\"width: 458px\" class=\"wp-caption aligncenter\"><img decoding=\"async\" loading=\"lazy\" class=\"size-medium\" src=\"https:\/\/www.lawendowykredens.pl\/24862-large_default\/czarny-zegar.jpg\" alt=\"Czarny zegar okr \u0105g\u0142y ozdobiony bia\u0142ymi cyframi oraz napisami\" width=\"458\" height=\"458\" \/><figcaption class=\"wp-caption-text\">Czarny Zegar Prowansalski<\/figcaption><\/figure>\n<p align=\"center\">Czarny zegar od Clayre &amp; Eef, kt\u00f3ry posiada bia\u0142e cyfry oraz wskaz\u00f3wki. Tarcza tego zegara imituje drewniane deski co jest dodatkowym jego atutem. Posiada on a\u017c 60cm \u015brednicy.<\/p>\n<p align=\"center\">Jednak <b>du\u017ce zegary \u015bcienne <\/b>opr\u00f3cz wi\u0119kszej \u015brednicy maj\u0105 tak\u017ce ram\u0119 oraz szybk\u0119 ochraniaj\u0105ca tarcz\u0119, dzi\u0119ki czemu jeszcze \u0142atwiej b\u0119dzie je zachowa\u0107 w czysto\u015bci.<\/p>\n<figure style=\"width: 458px\" class=\"wp-caption aligncenter\"><img decoding=\"async\" loading=\"lazy\" class=\"size-medium\" src=\"https:\/\/www.lawendowykredens.pl\/27660-large_default\/zegar-marynistyczny-d.jpg\" alt=\"Okr\u0105gly zegar w metalowej ramie posiadaj\u0105cy na tarczy obraz latarni morskiej\" width=\"458\" height=\"458\" \/><figcaption class=\"wp-caption-text\">Zegar Marynistyczny<\/figcaption><\/figure>\n<p align=\"center\">Zegar \u015bcienny w stylu marynistycznym posiada grafik\u0119 na kt\u00f3rej znalaz\u0142a si\u0119 kolorowa latarnia morska. Znale\u017a\u0107 tu mo\u017cna tak\u017ce bia\u0142\u0105 ram\u0119 wykonan\u0105 z metalu oraz szkie\u0142ko.<\/p>\n<figure style=\"width: 458px\" class=\"wp-caption aligncenter\"><img decoding=\"async\" loading=\"lazy\" class=\"size-medium\" src=\"https:\/\/www.lawendowykredens.pl\/28605-large_default\/zegar-drewniany.jpg\" alt=\"Okr\u0105g\u0142y zegar kt\u00f3rego rama wykonana jest z drewna, tarcza z metalu a cyfry z liny\" width=\"458\" height=\"458\" \/><figcaption class=\"wp-caption-text\">Zegar Drewniany z Linami<\/figcaption><\/figure>\n<p align=\"center\">60centymetrowy zegar \u015bcienny, kt\u00f3ry wykonany zosta\u0142 z metalu i drewna. Jego dodatkow\u0105 dekoracj\u0105 s\u0105 cyfry rzymskie zrobione z lin. Genialny pomys\u0142 do oryginalnych wn\u0119trz.<\/p>\n<figure style=\"width: 458px\" class=\"wp-caption aligncenter\"><img decoding=\"async\" loading=\"lazy\" class=\"size-medium\" src=\"https:\/\/www.lawendowykredens.pl\/34103-large_default\/duzy-zegar.jpg\" alt=\"du\u017cy zegar z postarzan\u0105 ram\u0105, posiada rzymskie cyfry oraz metalow\u0105 ram\u0119\" width=\"458\" height=\"458\" \/><figcaption class=\"wp-caption-text\">Du\u017cy Zegar Retro<\/figcaption><\/figure>\n<p align=\"center\"><b>Zegary w stylu retro <\/b>maj\u0105 postarzane tarcze, tutaj zosta\u0142o to pokazane lekko po\u017c\u00f3\u0142k\u0142\u0105 barw\u0105 co podkre\u015bla jasna, metalowa rama. Na tarczy tego oto zegara mo\u017cna zauwa\u017cy\u0107 tak\u017ce dwie ma\u0142e tarcze, kt\u00f3re pokazuj\u0105 godzin\u0119 w Londynie oraz Nowym Yorku. Rewelacja.<\/p>\n<figure style=\"width: 458px\" class=\"wp-caption aligncenter\"><img decoding=\"async\" loading=\"lazy\" class=\"size-medium\" src=\"https:\/\/www.lawendowykredens.pl\/32578-large_default\/zegar-z-sowa.jpg\" alt=\"Kolorowy zegar o kszta\u0142cie sowy\" width=\"458\" height=\"458\" \/><figcaption class=\"wp-caption-text\">Zegar Sowa<\/figcaption><\/figure>\n<p align=\"center\"><b>Zegary prowansalskie <\/b>potrafi\u0105 nas zaskoczy\u0107 tutaj mamy ciekawy kszta\u0142t, kt\u00f3ry b\u0119dzie pasowa\u0142 do salonu b\u0105d\u017a te\u017c do pokoju dzieci\u0119cego a mianowicie przedstawia urocz\u0105, kolorow\u0105 sow\u0119 na kt\u00f3rej zauwa\u017cy\u0107 mo\u017cna kwiatki.<\/p>\n<figure style=\"width: 458px\" class=\"wp-caption aligncenter\"><img decoding=\"async\" loading=\"lazy\" class=\"size-medium\" src=\"https:\/\/www.lawendowykredens.pl\/34087-large_default\/zegar-retro.jpg\" alt=\"Czarno - z\u0142oty zegar ozdobiony grafik\u0105 fili\u017canki kawy\" width=\"458\" height=\"458\" \/><figcaption class=\"wp-caption-text\">Zegar Retro Kawa<\/figcaption><\/figure>\n<p align=\"center\">Pi\u0119kny zegar retro idealnie pasuj\u0105cy na przyk\u0142ad do kuchni, poniewa\u017c znajduje si\u0119 na nim grafika fili\u017canki z kaw\u0105.<\/p>\n<p align=\"center\"><b>Du\u017ce zegary \u015bcienne <\/b>to wyj\u0105tkowe i solidne dekoracje, kt\u00f3re przykuj\u0105 wzrok nie jednej osoby w naszym sklepie mo\u017cna spotka\u0107 mi\u0119dzy innymi <b>zegary w stylu retro, zegary prowansalskie<\/b>, czy te\u017c skandynawskie. Wiele naszych produkt\u00f3w zapewnia wyj\u0105tkowe wn\u0119trze i praktyczne rozwi\u0105zania. Prosz\u0119 spojrze\u0107 jeszcze na nasze pi\u0119kne meble oraz o\u015bwietlenie. Zapraszamy!<\/p>\n","protected":false},"excerpt":{"rendered":"<p>Prowansalskie dodatki to przedmioty daj\u0105ce nowe \u017cycie we wn\u0119trzu, fantastyczne i realistyczne kolory, a tak\u017ce pi\u0119kne wyko\u0144czenia to w\u0142a\u015bnie tak prezentuj\u0105 si\u0119 nasze artyku\u0142y dekoracyjne. W dzisiejszym wpisie poka\u017cemy Pa\u0144stwu zegary prowansalskie, kt\u00f3re ciesz\u0105 si\u0119 niezwyk\u0142\u0105 popularno\u015bci\u0105 w\u015br\u00f3d naszych klient\u00f3w. Wszystkie zegary \u015bcienne, kt\u00f3re znajduj\u0105 si\u0119 w ofercie sklepu s\u0105 nadzwyczaj interesuj\u0105ce, je\u015bli kto\u015b poszukuje &hellip; <a href=\"https:\/\/www.lawendowykredens.pl\/blog\/duze-zegary-scienne-2\/\" class=\"more-link\">Czytaj dalej <span class=\"screen-reader-text\">Du\u017ce Zegary \u015acienne<\/span><\/a><\/p>\n","protected":false},"author":1,"featured_media":0,"comment_status":"open","ping_status":"open","sticky":false,"template":"","format":"standard","meta":[],"categories":[26,23,24,25],"tags":[244,232,245],"_links":{"self":[{"href":"https:\/\/www.lawendowykredens.pl\/blog\/wp-json\/wp\/v2\/posts\/1455"}],"collection":[{"href":"https:\/\/www.lawendowykredens.pl\/blog\/wp-json\/wp\/v2\/posts"}],"about":[{"href":"https:\/\/www.lawendowykredens.pl\/blog\/wp-json\/wp\/v2\/types\/post"}],"author":[{"embeddable":true,"href":"https:\/\/www.lawendowykredens.pl\/blog\/wp-json\/wp\/v2\/users\/1"}],"replies":[{"embeddable":true,"href":"https:\/\/www.lawendowykredens.pl\/blog\/wp-json\/wp\/v2\/comments?post=1455"}],"version-history":[{"count":1,"href":"https:\/\/www.lawendowykredens.pl\/blog\/wp-json\/wp\/v2\/posts\/1455\/revisions"}],"predecessor-version":[{"id":1456,"href":"https:\/\/www.lawendowykredens.pl\/blog\/wp-json\/wp\/v2\/posts\/1455\/revisions\/1456"}],"wp:attachment":[{"href":"https:\/\/www.lawendowykredens.pl\/blog\/wp-json\/wp\/v2\/media?parent=1455"}],"wp:term":[{"taxonomy":"category","embeddable":true,"href":"https:\/\/www.lawendowykredens.pl\/blog\/wp-json\/wp\/v2\/categories?post=1455"},{"taxonomy":"post_tag","embeddable":true,"href":"https:\/\/www.lawendowykredens.pl\/blog\/wp-json\/wp\/v2\/tags?post=1455"}],"curies":[{"name":"wp","href":"https:\/\/api.w.org\/{rel}","templated":true}]}}