{"id":1437,"date":"2018-02-04T22:06:27","date_gmt":"2018-02-04T21:06:27","guid":{"rendered":"http:\/\/blog.lawendowykredens.pl\/?p=1437"},"modified":"2018-02-04T22:06:27","modified_gmt":"2018-02-04T21:06:27","slug":"lustra-w-stylu-prowansalskim","status":"publish","type":"post","link":"https:\/\/www.lawendowykredens.pl\/blog\/lustra-w-stylu-prowansalskim\/","title":{"rendered":"Lustra w Stylu Prowansalskim"},"content":{"rendered":"<p align=\"center\">Witamy na stronie naszego sklepu Lawendowy Kredens. Zajmujemy si\u0119 meblami i dodatkami do nich, kt\u00f3re b\u0119d\u0105 przepi\u0119knie wygl\u0105da\u0107 w Pa\u0144stwa mieszkaniu. Cudowne, bogate zdobienia i ornamenty oraz bia\u0142y lub kremowy kolor to znak rozpoznawczy stylu prowansalskiego. Niebanalne kszta\u0142ty i \u015bwietny, unikalny wygl\u0105d przedstawia <b>lustra w stylu prowansalskim. <\/b>Idealnie b\u0119d\u0105 wygl\u0105da\u0107 na \u015bcianie twojego salonu, przedpokoju czy \u0142azienki.<b> Lustro w stylu prowansalskim<\/b> jest bardzo kobiece i przyci\u0105gnie uwag\u0119 ka\u017cdego go\u015bcia. Pora przedstawi\u0107 nasze najpi\u0119kniejsze lustra.<\/p>\n<p align=\"center\">Pierwszym niezwykle uroczym i kobiecym dodatkiem do wszelkiego rodzaju wn\u0119trz jest <b>lustro prowansalskie <\/b>firmy Clayre &amp; Eef. Ma ono owalny kszta\u0142t i kremowy kolor. Na delikatnej ramie znajduj\u0105 si\u0119 u g\u00f3ry i do\u0142u bardzo dekoracyjne r\u00f3\u017cyczki. Rama miejscami jest przecierana, co nadaje jej wyj\u0105tkowo\u015bci i niepowtarzalno\u015bci. Lustro b\u0119dzie \u015bwietnie wygl\u0105da\u0107 w sypialni czy przedpokoju.<\/p>\n<figure style=\"width: 458px\" class=\"wp-caption aligncenter\"><img decoding=\"async\" loading=\"lazy\" class=\"size-medium\" src=\"http:\/\/www.lawendowykredens.pl\/29543-large_default\/lustro-w-stylu-prowansalskim.jpg\" alt=\"Owalne lustro w kremowej ramie z ozdobnymi ro\u017cyczkami\" width=\"458\" height=\"458\" \/><figcaption class=\"wp-caption-text\">Lustro w Stylu Prowansalskim Kremowe<\/figcaption><\/figure>\n<p align=\"center\">Kolejnym lustrem godnym uwagi jest niezwykle gustowne lustro w stylu prowansalskim, r\u00f3wnie\u017c o owalnym kszta\u0142cie. Znajduje si\u0119 ono w podw\u00f3jnej drewnianej ramie z charakterystycznymi przetarciami. To bardzo eleganckie lustro posiada bia\u0142\u0105 ram\u0119 z cudownymi i dekoracyjnymi ornamentami. Wspaniale b\u0119dzie wygl\u0105da\u0107 w salonie lub sypialni. Mo\u017ce by\u0107 tak\u017ce przepi\u0119knym prezentem dla bliskiej osoby.<\/p>\n<figure style=\"width: 458px\" class=\"wp-caption aligncenter\"><img decoding=\"async\" loading=\"lazy\" class=\"size-medium\" src=\"http:\/\/www.lawendowykredens.pl\/28538-large_default\/lustro-w-stylu-prowansalskim.jpg\" alt=\"Owalne lustro w bia\u0142ej tarczy z pi\u0119knym dekorem\" width=\"458\" height=\"458\" \/><figcaption class=\"wp-caption-text\">Lustro Prowansalskie Owalne<\/figcaption><\/figure>\n<p align=\"center\">Trzecim lustrem wartym wspomnienia jest klasyczne, bia\u0142e lustro w du\u017cej ramie. Rama ma prostok\u0105tny kszta\u0142t i wyko\u0144czona jest u g\u00f3ry charakterystycznym coko\u0142em, kt\u00f3ry nadaje jej uroku. Ma bia\u0142y kolor z licznymi przetarciami, co jest charakterystyczne dla stylu prowansalskiego. Doskonale nadaje si\u0119 do przedpokoju, gdzie b\u0119dzie stanowi\u0107 jego g\u0142\u00f3wn\u0105 ozdob\u0119.<\/p>\n<figure style=\"width: 458px\" class=\"wp-caption aligncenter\"><img decoding=\"async\" loading=\"lazy\" class=\"size-medium\" src=\"http:\/\/www.lawendowykredens.pl\/12336-large_default\/lustro-w-stylu-prowansalskim.jpg\" alt=\"prostokatne lustro w szerokiej jasnej ramie\" width=\"458\" height=\"458\" \/><figcaption class=\"wp-caption-text\">Lustro Belldeco w Stylu Prowansalskim<\/figcaption><\/figure>\n<p align=\"center\">Nieco odmiennym, a jak\u017ce stylowym dodatkiem do wn\u0119trz jest lustro okno w stylu prowansalskim przypominaj\u0105ce witra\u017c. To \u015bwietna niemiecka jako\u015b\u0107 i charakterystyczny wygl\u0105d, na kt\u00f3ry zwr\u00f3c\u0105 uwag\u0119 wszyscy go\u015bcie. Rama lustra wykonana jest z drewna w kolorze bia\u0142ym i posiada liczne przetarcia farby, kt\u00f3re dodaj\u0105 mu warto\u015bci. Idealne do salonu czy te\u017c \u0142azienki.<\/p>\n<figure style=\"width: 458px\" class=\"wp-caption aligncenter\"><img decoding=\"async\" loading=\"lazy\" class=\"size-medium\" src=\"http:\/\/www.lawendowykredens.pl\/17093-large_default\/lustro-okno.jpg\" alt=\"Lustro prowansalskie o kszta\u0142cie okna w jasnej ramie\" width=\"458\" height=\"458\" \/><figcaption class=\"wp-caption-text\">Lustro Okno w Stylu Prowansalskim<\/figcaption><\/figure>\n<p align=\"center\"><b>Lustra w stylu prowansalskim<\/b> nale\u017c\u0105 do bardzo popularnych i modnych dodatk\u00f3w do wn\u0119trz. To one sprawi\u0105 \u017ce twoje mieszkanie b\u0119dzie unikalne i jedyne w swoim rodzaju. Jednym z nich jest w\u0142a\u015bnie stoj\u0105ce lustro firmy Belldeco. To du\u017ce lustro wykonane jest z wysokiej jako\u015bci trwa\u0142ego drewna paulownia. Kolor antycznej bieli powoduje, \u017ce jest to idealne po\u0142\u0105czenie klasyki z nowoczesno\u015bci\u0105. Du\u017cy rozmiar sprawia, i\u017c mo\u017cna w nim obejrze\u0107 ca\u0142\u0105 sylwetk\u0119 a ciekawy lustrzany motyw robi go niepowtarzalnym.<\/p>\n<figure style=\"width: 458px\" class=\"wp-caption aligncenter\"><img decoding=\"async\" loading=\"lazy\" class=\"size-medium\" src=\"http:\/\/www.lawendowykredens.pl\/12986-large_default\/lustro-stojace.jpg\" alt=\"Urocze lustro stoj\u0105ce w jasnej ozdobnej ramie\" width=\"458\" height=\"458\" \/><figcaption class=\"wp-caption-text\">Lustro Stoj\u0105ce w Stylu Prowansalskim<\/figcaption><\/figure>\n<p align=\"center\"><a name=\"_GoBack\"><\/a> <b>Lustra w stylu prowansalskim<\/b> odmieni\u0105 tw\u00f3j dom i sprawi\u0105, \u017ce stanie si\u0119 niezwykle elegancki i gustowny. Ka\u017cde <b>lustro w stylu prowansalskim<\/b> posiada sw\u00f3j niepowtarzalny styl i wyj\u0105tkowy wygl\u0105d. Du\u017ca r\u00f3\u017cnorodno\u015b\u0107 i odmienne kszta\u0142ty sprawiaj\u0105, i\u017c ka\u017cdy znajdzie u nas w sklepie co\u015b dla siebie.<\/p>\n","protected":false},"excerpt":{"rendered":"<p>Witamy na stronie naszego sklepu Lawendowy Kredens. Zajmujemy si\u0119 meblami i dodatkami do nich, kt\u00f3re b\u0119d\u0105 przepi\u0119knie wygl\u0105da\u0107 w Pa\u0144stwa mieszkaniu. Cudowne, bogate zdobienia i ornamenty oraz bia\u0142y lub kremowy kolor to znak rozpoznawczy stylu prowansalskiego. Niebanalne kszta\u0142ty i \u015bwietny, unikalny wygl\u0105d przedstawia lustra w stylu prowansalskim. Idealnie b\u0119d\u0105 wygl\u0105da\u0107 na \u015bcianie twojego salonu, przedpokoju &hellip; <a href=\"https:\/\/www.lawendowykredens.pl\/blog\/lustra-w-stylu-prowansalskim\/\" class=\"more-link\">Czytaj dalej <span class=\"screen-reader-text\">Lustra w Stylu Prowansalskim<\/span><\/a><\/p>\n","protected":false},"author":1,"featured_media":0,"comment_status":"open","ping_status":"open","sticky":false,"template":"","format":"standard","meta":[],"categories":[10],"tags":[113,114],"_links":{"self":[{"href":"https:\/\/www.lawendowykredens.pl\/blog\/wp-json\/wp\/v2\/posts\/1437"}],"collection":[{"href":"https:\/\/www.lawendowykredens.pl\/blog\/wp-json\/wp\/v2\/posts"}],"about":[{"href":"https:\/\/www.lawendowykredens.pl\/blog\/wp-json\/wp\/v2\/types\/post"}],"author":[{"embeddable":true,"href":"https:\/\/www.lawendowykredens.pl\/blog\/wp-json\/wp\/v2\/users\/1"}],"replies":[{"embeddable":true,"href":"https:\/\/www.lawendowykredens.pl\/blog\/wp-json\/wp\/v2\/comments?post=1437"}],"version-history":[{"count":1,"href":"https:\/\/www.lawendowykredens.pl\/blog\/wp-json\/wp\/v2\/posts\/1437\/revisions"}],"predecessor-version":[{"id":1438,"href":"https:\/\/www.lawendowykredens.pl\/blog\/wp-json\/wp\/v2\/posts\/1437\/revisions\/1438"}],"wp:attachment":[{"href":"https:\/\/www.lawendowykredens.pl\/blog\/wp-json\/wp\/v2\/media?parent=1437"}],"wp:term":[{"taxonomy":"category","embeddable":true,"href":"https:\/\/www.lawendowykredens.pl\/blog\/wp-json\/wp\/v2\/categories?post=1437"},{"taxonomy":"post_tag","embeddable":true,"href":"https:\/\/www.lawendowykredens.pl\/blog\/wp-json\/wp\/v2\/tags?post=1437"}],"curies":[{"name":"wp","href":"https:\/\/api.w.org\/{rel}","templated":true}]}}