{"id":1435,"date":"2018-01-28T22:14:40","date_gmt":"2018-01-28T21:14:40","guid":{"rendered":"http:\/\/blog.lawendowykredens.pl\/?p=1435"},"modified":"2021-06-01T20:42:53","modified_gmt":"2021-06-01T18:42:53","slug":"poduszki-w-stylu-prowansalskim","status":"publish","type":"post","link":"https:\/\/www.lawendowykredens.pl\/blog\/poduszki-w-stylu-prowansalskim\/","title":{"rendered":"Poduszki w Stylu Prowansalskim"},"content":{"rendered":"<p align=\"center\">Nasz sklep internetowy jak wiadomo posiada wszystko co we wn\u0119trzu jest przydatne. Mamy meble do ka\u017cdego pomieszczenia, mamy r\u00f3\u017cne dekoracje, ale ka\u017cdy z przedmiot\u00f3w jest bardzo funkcjonalny. Dzisiaj chcieliby\u015bmy pokaza\u0107 Pa\u0144stwu tekstylia, a dok\u0142adniej <b>poduszki w stylu prowansalskim, <\/b>kt\u00f3re prezentuj\u0105 si\u0119 wyj\u0105tkowo pi\u0119knie. Mamy naprawd\u0119 wielu producent\u00f3w i ka\u017cdy z nich przedstawia nam du\u017c\u0105 ilo\u015b\u0107 produkt\u00f3w o tym samym zastosowaniu jednak\u017ce r\u00f3\u017cni\u0105cych si\u0119 od siebie wyko\u0144czeniem. <b>Poduszki ozdobne <\/b>to wyj\u0105tkowe dekoracje, poniewa\u017c zastosowanie mog\u0105 mie\u0107 w salonie lub sypialni. <b>Poduszki w stylu prowansalskim <\/b>posiadaj\u0105 najcz\u0119\u015bciej motywy takie jak: serca, ga\u0142\u0105zki lawendy, francuskie napisy czy te\u017c ptaszki. Wszystkie te kszta\u0142ty podkre\u015blaj\u0105 klimat na ka\u017cdej kanapie czy tez innym \u0142\u00f3\u017cku.<\/p>\n<p align=\"center\">Pierwszym producentem, kt\u00f3ry zajmuje si\u0119 g\u0142\u00f3wnie tekstyliami b\u0119dzie polska marka French Home, kt\u00f3ra posiada bardzo subteln\u0105 i dopasowan\u0105 ofert\u0119 w kt\u00f3rej znale\u017a\u0107 mo\u017cna mi\u0119dzy innymi: \u015bciereczki kuchenne, bie\u017cniki na st\u00f3\u0142, zazdrostki na okno czy w\u0142a\u015bnie <b>poduszki ozdobne. <\/b>Oferta poduszek posiada kilka kolor\u00f3w do wyboru a s\u0105 nimi: granatowy, bia\u0142y, szary, czarny czy te\u017c be\u017cowy, a tak\u017ce kilka fantastycznych wzor\u00f3w, kt\u00f3re sk\u0142adaj\u0105 si\u0119 g\u0142\u00f3wnie z francuskich napis\u00f3w. Ka\u017cdy wz\u00f3r dost\u0119pny jest w ka\u017cdej kolorystyce wy\u017cej wymienionej. A oto one:<\/p>\n<figure style=\"width: 458px\" class=\"wp-caption aligncenter\"><img decoding=\"async\" loading=\"lazy\" class=\"size-medium\" src=\"http:\/\/www.lawendowykredens.pl\/6872-large_default\/poduszki-ozdobne.jpg\" alt=\"bia\u0142a poduszka ozdobiona czarnymi napisami i wa\u017ckami\" width=\"458\" height=\"458\" \/><figcaption class=\"wp-caption-text\">Poduszki Ozdobne Bia\u0142e Wa\u017cki<\/figcaption><\/figure>\n<p align=\"center\">Tutaj pokazana zosta\u0142a bia\u0142a poduszka ozdobiona czarnymi napisami i prowansalskimi owadami jakimi s\u0105 wa\u017cki.<\/p>\n<figure style=\"width: 458px\" class=\"wp-caption aligncenter\"><img decoding=\"async\" loading=\"lazy\" class=\"size-medium\" src=\"http:\/\/www.lawendowykredens.pl\/8814-large_default\/poduszki-ozdobne.jpg\" alt=\"granatowa poduszka ozdobiona bia\u0142ym wzorem roweru\" width=\"458\" height=\"458\" \/><figcaption class=\"wp-caption-text\">Poduszki Ozdobne Granatowe Bicyclette<\/figcaption><\/figure>\n<p align=\"center\">Przyk\u0142ad granatowej poduszki z bia\u0142\u0105 grafik\u0105 wiosennego roweru. Zapraszamy na stron\u0119, aby obejrze\u0107 je wszystkie.<\/p>\n<p align=\"center\">Kolejna marka jest bardzo popularna je\u015bli chodzi o styl prowansalski, posiada ona bowiem dodatki niebanalne i pi\u0119kne. Ka\u017cdy z przedmiot\u00f3w z oferty tej marki ma swoje wyko\u0144czenie i swoj\u0105 dusz\u0119. Zach\u0119camy do poznania Belldeco, je\u015bli kto\u015b jeszcze nie mia\u0142 okazji.<\/p>\n<figure style=\"width: 458px\" class=\"wp-caption aligncenter\"><img decoding=\"async\" loading=\"lazy\" class=\"size-medium\" src=\"http:\/\/www.lawendowykredens.pl\/15894-large_default\/poduszka-belldeco.jpg\" alt=\"R\u00f3\u017aowa poduszka ozdobiona paskami\" width=\"458\" height=\"458\" \/><figcaption class=\"wp-caption-text\">Poduszka Belldeco Etno<\/figcaption><\/figure>\n<p align=\"center\"><b>Poduszki ozdobne <\/b>z serii Etno to wyj\u0105tkowa kolorystyka i wzornictwo. Tutaj mamy r\u00f3\u017cowo \u2013 pomara\u0144czowy odcie\u0144 a jej wz\u00f3r to paski, kt\u00f3re maj\u0105 sw\u00f3j klimat. Poszewka tej poduszki wykonana jest z wysokiej jako\u015bciowo, prawdziwej bawe\u0142ny. Polecamy!<\/p>\n<figure style=\"width: 458px\" class=\"wp-caption aligncenter\"><img decoding=\"async\" loading=\"lazy\" class=\"size-medium\" src=\"http:\/\/www.lawendowykredens.pl\/19432-large_default\/poduszka-belldeco.jpg\" alt=\"jasna poduszka wykonana z we\u0142ny i akrylu\" width=\"458\" height=\"458\" \/><figcaption class=\"wp-caption-text\">Poduszka Belldeco Bresso<\/figcaption><\/figure>\n<p align=\"center\">Drugi rodzaj poduszek, kt\u00f3ry mo\u017cemy spotka\u0107 w tej samej zak\u0142adce to poduszki znajduj\u0105ce si\u0119 w kolekcji Bresso. Poszewki tych poduszek wykonane s\u0105 z po\u0142\u0105czenia we\u0142ny i akrylu. Doskona\u0142e poduszki szczeg\u00f3lnie dopasowane na ch\u0142odne zimowe wieczory.<\/p>\n<figure style=\"width: 458px\" class=\"wp-caption aligncenter\"><img decoding=\"async\" loading=\"lazy\" class=\"size-medium\" src=\"http:\/\/www.lawendowykredens.pl\/19442-large_default\/poduszka-belldeco.jpg\" alt=\"Kolorowe poduszki ozdobione fr\u0119dzlami\" width=\"458\" height=\"458\" \/><figcaption class=\"wp-caption-text\">Poduszka Belldeco Bresso<\/figcaption><\/figure>\n<p align=\"center\">Tutaj z tej samej kolekcji widoczna jest kolorowa poduszka z ozdobnymi fr\u0119dzlami, oryginalny wygl\u0105d przykuje uwag\u0119 ka\u017cdego go\u015bcia.<\/p>\n<p align=\"center\"><b>Poduszki w stylu prowansalskim <\/b>to jedne z wielu dekoracji, znajduj\u0105cych si\u0119 w naszej ofercie. Zapraszamy do zajrzenia wszystkie osoby, kt\u00f3re poszukuj\u0105 inspiracji, umeblowania wn\u0119trza czy te\u017c od\u015bwie\u017cenia w szybki i przyjemny spos\u00f3b. Codzienne nowo\u015bci tak\u017ce s\u0105 godne obejrzenia, poniewa\u017c tam te\u017c mo\u017cna znale\u017a\u0107 co\u015b czego si\u0119 poszukuje. Zach\u0119camy tak\u017ce do kontaktu osoby zainteresowane przedmiotem, kt\u00f3rego nie mamy na stronie, a zrobimy wszystko co w naszej mocy, aby mo\u017cna by\u0142o go zam\u00f3wi\u0107. Do zobaczenia!<br \/><br \/><br \/><\/p>\n\n\n<figure class=\"wp-block-image size-large\"><img decoding=\"async\" loading=\"lazy\" width=\"1024\" height=\"554\" src=\"https:\/\/blog.lawendowykredens.pl\/wp-content\/uploads\/2018\/01\/PODUSZKI-I-POSZEWKI-OZDOBNE1-1024x554.jpg\" alt=\"\" class=\"wp-image-2070\" srcset=\"https:\/\/www.lawendowykredens.pl\/blog\/wp-content\/uploads\/2018\/01\/PODUSZKI-I-POSZEWKI-OZDOBNE1-1024x554.jpg 1024w, https:\/\/www.lawendowykredens.pl\/blog\/wp-content\/uploads\/2018\/01\/PODUSZKI-I-POSZEWKI-OZDOBNE1-300x162.jpg 300w, https:\/\/www.lawendowykredens.pl\/blog\/wp-content\/uploads\/2018\/01\/PODUSZKI-I-POSZEWKI-OZDOBNE1-768x415.jpg 768w, https:\/\/www.lawendowykredens.pl\/blog\/wp-content\/uploads\/2018\/01\/PODUSZKI-I-POSZEWKI-OZDOBNE1.jpg 1110w\" sizes=\"(max-width: 1024px) 100vw, 1024px\" \/><\/figure>\n","protected":false},"excerpt":{"rendered":"<p>Nasz sklep internetowy jak wiadomo posiada wszystko co we wn\u0119trzu jest przydatne. Mamy meble do ka\u017cdego pomieszczenia, mamy r\u00f3\u017cne dekoracje, ale ka\u017cdy z przedmiot\u00f3w jest bardzo funkcjonalny. Dzisiaj chcieliby\u015bmy pokaza\u0107 Pa\u0144stwu tekstylia, a dok\u0142adniej poduszki w stylu prowansalskim, kt\u00f3re prezentuj\u0105 si\u0119 wyj\u0105tkowo pi\u0119knie. Mamy naprawd\u0119 wielu producent\u00f3w i ka\u017cdy z nich przedstawia nam du\u017c\u0105 ilo\u015b\u0107 &hellip; <a href=\"https:\/\/www.lawendowykredens.pl\/blog\/poduszki-w-stylu-prowansalskim\/\" class=\"more-link\">Czytaj dalej <span class=\"screen-reader-text\">Poduszki w Stylu Prowansalskim<\/span><\/a><\/p>\n","protected":false},"author":1,"featured_media":0,"comment_status":"open","ping_status":"open","sticky":false,"template":"","format":"standard","meta":[],"categories":[26],"tags":[174,176],"_links":{"self":[{"href":"https:\/\/www.lawendowykredens.pl\/blog\/wp-json\/wp\/v2\/posts\/1435"}],"collection":[{"href":"https:\/\/www.lawendowykredens.pl\/blog\/wp-json\/wp\/v2\/posts"}],"about":[{"href":"https:\/\/www.lawendowykredens.pl\/blog\/wp-json\/wp\/v2\/types\/post"}],"author":[{"embeddable":true,"href":"https:\/\/www.lawendowykredens.pl\/blog\/wp-json\/wp\/v2\/users\/1"}],"replies":[{"embeddable":true,"href":"https:\/\/www.lawendowykredens.pl\/blog\/wp-json\/wp\/v2\/comments?post=1435"}],"version-history":[{"count":2,"href":"https:\/\/www.lawendowykredens.pl\/blog\/wp-json\/wp\/v2\/posts\/1435\/revisions"}],"predecessor-version":[{"id":2071,"href":"https:\/\/www.lawendowykredens.pl\/blog\/wp-json\/wp\/v2\/posts\/1435\/revisions\/2071"}],"wp:attachment":[{"href":"https:\/\/www.lawendowykredens.pl\/blog\/wp-json\/wp\/v2\/media?parent=1435"}],"wp:term":[{"taxonomy":"category","embeddable":true,"href":"https:\/\/www.lawendowykredens.pl\/blog\/wp-json\/wp\/v2\/categories?post=1435"},{"taxonomy":"post_tag","embeddable":true,"href":"https:\/\/www.lawendowykredens.pl\/blog\/wp-json\/wp\/v2\/tags?post=1435"}],"curies":[{"name":"wp","href":"https:\/\/api.w.org\/{rel}","templated":true}]}}