{"id":1432,"date":"2018-01-25T16:58:24","date_gmt":"2018-01-25T15:58:24","guid":{"rendered":"http:\/\/blog.lawendowykredens.pl\/?p=1432"},"modified":"2018-01-25T16:58:24","modified_gmt":"2018-01-25T15:58:24","slug":"zegary-w-stylu-prowansalskim-2","status":"publish","type":"post","link":"https:\/\/www.lawendowykredens.pl\/blog\/zegary-w-stylu-prowansalskim-2\/","title":{"rendered":"Zegary w Stylu Prowansalskim"},"content":{"rendered":"<p align=\"center\">Nasze \u015bciany mo\u017cna udekorowa\u0107 na wiele fascynuj\u0105cych spos\u00f3b, mog\u0105 na nich zawisn\u0105\u0107 pi\u0119kne, obrazy czy te\u017c opisywane w dzisiejszym wpisie <b>zegary \u015bcienne. <\/b>Nasz sklep wsz\u0119dzie pokazuje jak r\u00f3\u017cnorodn\u0105 posiada ofert\u0119 z mo\u017cliwo\u015bci\u0105 dopasowania si\u0119 do wi\u0119kszo\u015bci potrzeb. Uwielbiamy stroi\u0107 wn\u0119trza naszymi produktami, kt\u00f3re prezentuj\u0105 si\u0119 niezwykle i magicznie. Poka\u017cemy Pa\u0144stwu g\u0142\u00f3wnie <b>zegary w stylu prowansalskim, <\/b>ale to tylko dlatego, \u017ce mamy ich najwi\u0119cej, poniewa\u017c ten styl nas zadziwia i fascynuje., ale opr\u00f3cz takiego stylu mo\u017cna znale\u017a\u0107 u nas wiele innych nie koniecznie przypominaj\u0105cych klimat wywodz\u0105cy si\u0119 prosto z Francji. Mamy do wyboru <b>zegary \u015bcienne, <\/b>kt\u00f3re r\u00f3\u017cni\u0105 si\u0119 od siebie wieloma rzeczami. To mo\u017ce zacznijmy od ich pokazania, zapraszamy.<\/p>\n<figure style=\"width: 458px\" class=\"wp-caption aligncenter\"><img decoding=\"async\" loading=\"lazy\" class=\"size-medium\" src=\"http:\/\/www.lawendowykredens.pl\/13046-large_default\/zegar-loft.jpg\" alt=\"Ozdobny zegar w ciemnej metalowej ramie ozdobiony ciemn\u0105 ram\u0105\" width=\"458\" height=\"458\" \/><figcaption class=\"wp-caption-text\">Zegar w Stylu Loft<\/figcaption><\/figure>\n<p align=\"center\">Zegar w styl\u00f3w vintage prosto od marki Belldeco, kt\u00f3ra i tutaj nie szcz\u0119dzi na podkre\u015bleniu klimatu, a mianowicie zegar ten ma czerwon\u0105, postarzan\u0105 tarcz\u0119 z du\u017cymi, bia\u0142ymi cyframi, a tak\u017ce posiada ciemn\u0105, metalow\u0105 ram\u0119. Ca\u0142o\u015b\u0107 tworzy naprawd\u0119 oryginalny efekt na \u015bcianie.<\/p>\n<figure style=\"width: 458px\" class=\"wp-caption aligncenter\"><img decoding=\"async\" loading=\"lazy\" class=\"size-medium\" src=\"http:\/\/www.lawendowykredens.pl\/11979-large_default\/prowansalski-zegar.jpg\" alt=\"Zegar w bia\u0142ej ramie z motywem lawendy\" width=\"458\" height=\"458\" \/><figcaption class=\"wp-caption-text\">Prowansalski Zegar<\/figcaption><\/figure>\n<p align=\"center\">Tutaj mamy <b>zegar prowansalski, <\/b>kt\u00f3ry jest jednym z najcz\u0119\u015bciej kupowanych dodatk\u00f3w \u015bciennych. Zegar ten posiada jasny, uniwersalny kolor, na tarczy zamieszczona zosta\u0142a grafika lawendy w metalowym pojemniku. Mamy tutaj tak\u017ce metalow\u0105 ram\u0119 oraz plastikow\u0105 szybk\u0119 chroni\u0105c\u0105 tarcz\u0119 przed uszkodzeniami.<\/p>\n<figure style=\"width: 458px\" class=\"wp-caption aligncenter\"><img decoding=\"async\" loading=\"lazy\" class=\"size-medium\" src=\"http:\/\/www.lawendowykredens.pl\/13431-large_default\/zegar-retro.jpg\" alt=\"owalny zegar w czarnej metalowej ramie i bia\u0142\u0105 tarcz\u0105 z motywem r\u00f3\u017c\" width=\"458\" height=\"458\" \/><figcaption class=\"wp-caption-text\">Owalny Zegar Retro<\/figcaption><\/figure>\n<p align=\"center\">Kolejny zegar, kt\u00f3ry mo\u017ce zosta\u0107 powieszony to niezwykle romantyczna forma o owalnym kszta\u0142cie, ciemnej metalowej ramie, a tak\u017ce z tarcz\u0105 na kt\u00f3rej widoczne jest jasne t\u0142o z napisami i przetarciami, a tak\u017ce trzy urocze, pi\u0119knie rozwini\u0119te, r\u00f3\u017cowe r\u00f3\u017ce. Niezwykle pi\u0119kny <b>zegar prowansalski. <\/b>Polecamy!<\/p>\n<p align=\"center\">Znajduj\u0105 si\u0119 u nas tak\u017ce <b>zegary w stylu prowansalskim, <\/b>kt\u00f3re zosta\u0142y umieszczone na metalowej tabliczce, na kt\u00f3rej jest tak\u017ce widoczny fantastyczny kalendarz. Jedno miejsce posiadaj\u0105ce wszystko co mierzy nasz szybko uciekaj\u0105cy czas, a dodatkowo posiada urocze kolory i wyj\u0105tkowe obrazki.<\/p>\n<figure style=\"width: 458px\" class=\"wp-caption aligncenter\"><img decoding=\"async\" loading=\"lazy\" class=\"size-medium\" src=\"http:\/\/www.lawendowykredens.pl\/23922-large_default\/zegar-prowansalski.jpg\" alt=\"Metalowy kalendarz w niebieskim kolorze posiadajacy zegar i motyw kwiat\u00f3w\" width=\"458\" height=\"458\" \/><figcaption class=\"wp-caption-text\">Prowansalski Kalendarz z Zegarem<\/figcaption><\/figure>\n<p align=\"center\"><b>Zegary w stylu prowansalskim <\/b>nie tylko maj\u0105 swoje miejsce na \u015bcianach, ale tak\u017ce mog\u0105 zaj\u0105\u0107 miejsce na stole czy szafce, a oto kilka nieziemskich przyk\u0142ad\u00f3w.<\/p>\n<figure style=\"width: 458px\" class=\"wp-caption aligncenter\"><img decoding=\"async\" loading=\"lazy\" class=\"size-medium\" src=\"http:\/\/www.lawendowykredens.pl\/11984-large_default\/zegar-stojacy.jpg\" alt=\"stoj\u0105cy zegar w bia\u0142ej ramie wykonanej z metalu, zegar posiada te\u017c tarcz\u0119 z motywem lawendy\" width=\"458\" height=\"458\" \/><figcaption class=\"wp-caption-text\">Zegar Stoj\u0105cy<\/figcaption><\/figure>\n<p align=\"center\">Zegarki kszta\u0142tem przypominaj\u0105ce budziki, to bardzo ozdobna forma zegar\u00f3w stoj\u0105cych, kt\u00f3re maj\u0105 metalowe ramy w r\u00f3\u017cnych kolorach i przepi\u0119kne typowo prowansalskie tarcze.<\/p>\n<figure style=\"width: 458px\" class=\"wp-caption aligncenter\"><img decoding=\"async\" loading=\"lazy\" class=\"size-medium\" src=\"http:\/\/www.lawendowykredens.pl\/26453-large_default\/zegar-globus.jpg\" alt=\"stoj\u0105cy zegar w metalowej ramie o kszta\u0142cie globusa z prowansalsk\u0105 tarcz\u0105\" width=\"458\" height=\"458\" \/><figcaption class=\"wp-caption-text\">Zegar Globus<\/figcaption><\/figure>\n<p align=\"center\">Prosz\u0119 tylko spojrze\u0107 jak ka\u017cdy <b>zegar prowansalski <\/b>r\u00f3\u017cni si\u0119 od siebie, ale ka\u017cdy z nich zachwyca.<\/p>\n<p align=\"center\">Zapraszamy serdecznie do naszego sklepu w celu obejrzenia wszystkich naszych zak\u0142adek je\u015bli chodzi o <b>zegary \u015bcienne <\/b>i nie tylko, poniewa\u017c tutaj mogli\u015bmy Pa\u0144stwu pokaza\u0107 jedynie niewielk\u0105 cz\u0119\u015b\u0107 asortymentu. Zach\u0119camy tak\u017ce do obejrzenia wszystkich produkt\u00f3w, kt\u00f3re s\u0105 na naszej stronie. Gwarantujemy, \u017ce ka\u017cdy z przedmiot\u00f3w ma sw\u00f3j urok i wdzi\u0119k, dzi\u0119ki kt\u00f3remu wn\u0119trze b\u0119dzie bardzo funkcjonalne i dekoracyjne. W naszych zak\u0142adkach znajd\u0105 Pa\u0144stwo tak\u017ce fantastyczne meble, kt\u00f3re stan\u0105 si\u0119 tak\u017ce ozdob\u0105 pomieszczenia. Ka\u017cdy z naszych producent\u00f3w ma wspania\u0142\u0105 ofert\u0119 dla ka\u017cdego, wi\u0119c kr\u00f3tko m\u00f3wi\u0105c. Do zobaczenia!<\/p>\n","protected":false},"excerpt":{"rendered":"<p>Nasze \u015bciany mo\u017cna udekorowa\u0107 na wiele fascynuj\u0105cych spos\u00f3b, mog\u0105 na nich zawisn\u0105\u0107 pi\u0119kne, obrazy czy te\u017c opisywane w dzisiejszym wpisie zegary \u015bcienne. Nasz sklep wsz\u0119dzie pokazuje jak r\u00f3\u017cnorodn\u0105 posiada ofert\u0119 z mo\u017cliwo\u015bci\u0105 dopasowania si\u0119 do wi\u0119kszo\u015bci potrzeb. Uwielbiamy stroi\u0107 wn\u0119trza naszymi produktami, kt\u00f3re prezentuj\u0105 si\u0119 niezwykle i magicznie. Poka\u017cemy Pa\u0144stwu g\u0142\u00f3wnie zegary w stylu prowansalskim, &hellip; <a href=\"https:\/\/www.lawendowykredens.pl\/blog\/zegary-w-stylu-prowansalskim-2\/\" class=\"more-link\">Czytaj dalej <span class=\"screen-reader-text\">Zegary w Stylu Prowansalskim<\/span><\/a><\/p>\n","protected":false},"author":1,"featured_media":0,"comment_status":"open","ping_status":"open","sticky":false,"template":"","format":"standard","meta":[],"categories":[23,24,25],"tags":[225,234,235],"_links":{"self":[{"href":"https:\/\/www.lawendowykredens.pl\/blog\/wp-json\/wp\/v2\/posts\/1432"}],"collection":[{"href":"https:\/\/www.lawendowykredens.pl\/blog\/wp-json\/wp\/v2\/posts"}],"about":[{"href":"https:\/\/www.lawendowykredens.pl\/blog\/wp-json\/wp\/v2\/types\/post"}],"author":[{"embeddable":true,"href":"https:\/\/www.lawendowykredens.pl\/blog\/wp-json\/wp\/v2\/users\/1"}],"replies":[{"embeddable":true,"href":"https:\/\/www.lawendowykredens.pl\/blog\/wp-json\/wp\/v2\/comments?post=1432"}],"version-history":[{"count":1,"href":"https:\/\/www.lawendowykredens.pl\/blog\/wp-json\/wp\/v2\/posts\/1432\/revisions"}],"predecessor-version":[{"id":1433,"href":"https:\/\/www.lawendowykredens.pl\/blog\/wp-json\/wp\/v2\/posts\/1432\/revisions\/1433"}],"wp:attachment":[{"href":"https:\/\/www.lawendowykredens.pl\/blog\/wp-json\/wp\/v2\/media?parent=1432"}],"wp:term":[{"taxonomy":"category","embeddable":true,"href":"https:\/\/www.lawendowykredens.pl\/blog\/wp-json\/wp\/v2\/categories?post=1432"},{"taxonomy":"post_tag","embeddable":true,"href":"https:\/\/www.lawendowykredens.pl\/blog\/wp-json\/wp\/v2\/tags?post=1432"}],"curies":[{"name":"wp","href":"https:\/\/api.w.org\/{rel}","templated":true}]}}