{"id":1383,"date":"2017-11-20T00:47:24","date_gmt":"2017-11-19T22:47:24","guid":{"rendered":"http:\/\/lawendowykredens.blog.pl\/?p=1383"},"modified":"2017-11-20T00:47:24","modified_gmt":"2017-11-19T22:47:24","slug":"zegary-w-stylu-prowansalskim","status":"publish","type":"post","link":"https:\/\/www.lawendowykredens.pl\/blog\/zegary-w-stylu-prowansalskim\/","title":{"rendered":"Zegary w Stylu Prowansalskim"},"content":{"rendered":"<p align=\"center\">Nasz sklep posiada bogat\u0105 ofert\u0119 wszelkich dekoracji do domu, wszystkie nasze dodatki maj\u0105 ro\u017cne zastosowania i w r\u00f3\u017cnych miejscach mog\u0105 si\u0119 znale\u017a\u0107. Posiadamy przedmioty, kt\u00f3re znajduj\u0105 swoje miejsce na lod\u00f3wkach, p\u00f3\u0142kach, pod\u0142ogach i \u015bcianach. W dzisiejszym wpisie poka\u017cemy ten ostatni rodzaj. Nie ka\u017cdy z nas jest w stanie zmienia\u0107 kolor \u015bcian, gdy tylko zamarzy nam si\u0119 zmiana wystroju, koloru, jednak\u017ce s\u0105 pewne przedmioty, kt\u00f3re w \u0142atwy spos\u00f3b mo\u017cna zmienia\u0107, a mianowicie s\u0105 nimi obrazy oraz <b>zegary \u015bcienne. <\/b>Poka\u017cemy Pa\u0144stwu rozwi\u0105zanie w formie, kt\u00f3r\u0105 przedstawiaj\u0105 nasze wspania\u0142e i niebanalne <b>zegary w stylu prowansalskim, <\/b>kt\u00f3re s\u0105 bardzo wyj\u0105tkowo wykonane, s\u0105 to bardzo kolorowe dodatki, kt\u00f3re dodaj\u0105 klimatu i zmieniaj\u0105 wystr\u00f3j pomieszczenia za niewielk\u0105 cen\u0119. Nasze <b>zegary \u015bcienne <\/b>ciesz\u0105 si\u0119 niezwyk\u0142\u0105 popularno\u015bci\u0105, poniewa\u017c s\u0105 lekkie co daje \u0142atwo\u015b\u0107 w zdejmowaniu i zawieszaniu, s\u0105 bardzo ozdobne, gdzie w naszej ofercie jest mo\u017cliwo\u015b\u0107 naprawd\u0119 du\u017cego wyboru. To mo\u017ce zacznijmy przedstawia\u0107 te nasze fantastyczne produkty.<\/p>\n<figure style=\"width: 458px\" class=\"wp-caption aligncenter\"><img decoding=\"async\" loading=\"lazy\" alt=\"Bia\u0142a tarcza a na niej 10 bukiet\u00f3w lawendy w r\u00f3znych naczyniach\" src=\"http:\/\/www.lawendowykredens.pl\/22834-large_default\/zegar-z-lawenda.jpg\" width=\"458\" height=\"458\" \/><figcaption class=\"wp-caption-text\">Zegar z Lawend\u0105<\/figcaption><\/figure>\n<p align=\"center\">Na pocz\u0105tek przedstawiamy jasny <b>zegar z lawend\u0105, <\/b>kt\u00f3ry posiada bia\u0142e t\u0142o, a na nim widocznych jest dziesi\u0119\u0107 r\u00f3\u017cnych naczy\u0144, doniczek w kt\u00f3rych znale\u017a\u0107 mo\u017cna kwiaty lawendy i nie tylko. Delikatny dodatek w stylu prowansalskim o pi\u0119knych barwach.<\/p>\n<p align=\"center\">Jeste\u015bmy w posiadaniu tak\u017ce rewelacyjnych zegar\u00f3w od marki Clayre &amp; Eef, kt\u00f3re zosta\u0142y wykonane ze szk\u0142a, dzieki czemu daj\u0105 niesamowity efekt obrazu.<\/p>\n<p align=\"center\">A oto jeden z nich:<\/p>\n<figure style=\"width: 458px\" class=\"wp-caption aligncenter\"><img decoding=\"async\" loading=\"lazy\" alt=\"prostokatny zegar szklany z motywem kwiat\u00f3w i napis\u00f3w\" src=\"http:\/\/www.lawendowykredens.pl\/24872-large_default\/zegar-prowansalski.jpg\" width=\"458\" height=\"458\" \/><figcaption class=\"wp-caption-text\">Szklany Zegar Prowansalski<\/figcaption><\/figure>\n<p align=\"center\">Prostok\u0105tny <b>zegar \u015bcienny <\/b>na kt\u00f3rym mo\u017cna zauwa\u017cy\u0107 typowo prowansalski motyw jakim s\u0105 jasno r\u00f3\u017cowe kwiaty w metalowym naczyniu, na tle umieszczone zosta\u0142y tak\u017ce napisy oraz zegar wraz z wskaz\u00f3wkami. Gor\u0105co polecamy tak oryginalne dodatki.<\/p>\n<figure style=\"width: 458px\" class=\"wp-caption aligncenter\"><img decoding=\"async\" loading=\"lazy\" alt=\"okr\u0105g\u0142y zegar ozdobiony klatka dla ptaszk\u00f3w, du\u017cymi rzymskimi cyframi\" src=\"http:\/\/www.lawendowykredens.pl\/25033-large_default\/zegar-w-stylu-prowansalskim.jpg\" width=\"458\" height=\"458\" \/><figcaption class=\"wp-caption-text\">Zegar w Stylu Prowansalskim<\/figcaption><\/figure>\n<p align=\"center\"><b>Zegary w stylu prowansalskim <\/b>to pi\u0119kne francuskie motywy, bardzo romantyczna kolorystyka i du\u017ce cyfry. Tutaj mamy zegar z grafik\u0105 przedstawiaj\u0105c\u0105 klatk\u0119 dla ptaszk\u00f3w zamieszczon\u0105 na samym \u015brodku okr\u0105g\u0142ej, 34cm tarczy, a tak\u017ce rzymskie cyfry. Na ramie tego zegara mo\u017cna tak\u017ce zauwa\u017cy\u0107 delikatne przetarcia, co s\u0142u\u017c\u0105 celowemu postarzeniu.<\/p>\n<figure style=\"width: 458px\" class=\"wp-caption aligncenter\"><img decoding=\"async\" loading=\"lazy\" alt=\"metalowy zegar o kszta\u0142cie kapsla z motywem lawendy na jasnej tarczy\" src=\"http:\/\/www.lawendowykredens.pl\/20288-large_default\/metalowy-zegar.jpg\" width=\"458\" height=\"458\" \/><figcaption class=\"wp-caption-text\">Metalowy Zegar z Lawend\u0105<\/figcaption><\/figure>\n<p align=\"center\">Metalowy <b>zegar z lawend\u0105 <\/b>o kszta\u0142cie przypominaj\u0105cym kapsel z jasnym t\u0142em, kt\u00f3re przypomina poczt\u00f3wk\u0119 ozdobion\u0105 napisami oraz lawend\u0105 w metalowej kance. Prowansalska dekoracja, kt\u00f3ra zachwyca. Polecamy!<\/p>\n<figure style=\"width: 458px\" class=\"wp-caption aligncenter\"><img decoding=\"async\" loading=\"lazy\" alt=\"ma\u0142y zegar z motywem kwiatowym\" src=\"http:\/\/www.lawendowykredens.pl\/24974-large_default\/maly-zegar.jpg\" width=\"458\" height=\"458\" \/><figcaption class=\"wp-caption-text\">Ma\u0142y Zegar Prowansalski<\/figcaption><\/figure>\n<p align=\"center\">Kwiatowy, niewielki <b>zegar \u015bcienny <\/b>od Clayre &amp; Eef, o niezwykle romantycznym klimacie, z ozdobnymi wskaz\u00f3wkami i lekkimi postarzeniami.<\/p>\n<p align=\"center\">Wszystkie nasze <b>zegary w stylu prowansalskim<\/b>, to nie tylko te pod nazw\u0105 <b>zegar z lawend\u0105, <\/b>ale tak\u017ce wiele innych motyw\u00f3w. Nasza oferta je\u015bli chodzi o te dodatki jest obszerna i mo\u017cna w nie znale\u017a\u0107 ka\u017cdy zegar o jakim si\u0119 tylko marzy. Opr\u00f3cz zegar\u00f3w prowansalskich, mamy na przyk\u0142ad tak\u017ce zegary retro, kt\u00f3re maj\u0105 oryginalne postarzenia. Wszystkie zegary si\u0119 od siebie r\u00f3\u017cni\u0105 dzi\u0119ki czemu mo\u017cemy dopasowa\u0107 co\u015b do aran\u017cacji. Polecamy te oraz ca\u0142\u0105 nasz\u0105 ofert\u0119 mebli i dodatk\u00f3w, kt\u00f3re na polskim rynku s\u0105 rzadko\u015bci\u0105, dzi\u0119ki czemu wn\u0119trze b\u0119dzie oryginalne i w odpowiednim klimacie.<\/p>\n","protected":false},"excerpt":{"rendered":"<p>Nasz sklep posiada bogat\u0105 ofert\u0119 wszelkich dekoracji do domu, wszystkie nasze dodatki maj\u0105 ro\u017cne zastosowania i w r\u00f3\u017cnych miejscach mog\u0105 si\u0119 znale\u017a\u0107. Posiadamy przedmioty, kt\u00f3re znajduj\u0105 swoje miejsce na lod\u00f3wkach, p\u00f3\u0142kach, pod\u0142ogach i \u015bcianach. W dzisiejszym wpisie poka\u017cemy ten ostatni rodzaj. Nie ka\u017cdy z nas jest w stanie zmienia\u0107 kolor \u015bcian, gdy tylko zamarzy nam &hellip; <a href=\"https:\/\/www.lawendowykredens.pl\/blog\/zegary-w-stylu-prowansalskim\/\" class=\"more-link\">Czytaj dalej <span class=\"screen-reader-text\">Zegary w Stylu Prowansalskim<\/span><\/a><\/p>\n","protected":false},"author":1,"featured_media":0,"comment_status":"open","ping_status":"open","sticky":false,"template":"","format":"standard","meta":[],"categories":[26,23,25],"tags":[229,234,235],"_links":{"self":[{"href":"https:\/\/www.lawendowykredens.pl\/blog\/wp-json\/wp\/v2\/posts\/1383"}],"collection":[{"href":"https:\/\/www.lawendowykredens.pl\/blog\/wp-json\/wp\/v2\/posts"}],"about":[{"href":"https:\/\/www.lawendowykredens.pl\/blog\/wp-json\/wp\/v2\/types\/post"}],"author":[{"embeddable":true,"href":"https:\/\/www.lawendowykredens.pl\/blog\/wp-json\/wp\/v2\/users\/1"}],"replies":[{"embeddable":true,"href":"https:\/\/www.lawendowykredens.pl\/blog\/wp-json\/wp\/v2\/comments?post=1383"}],"version-history":[{"count":0,"href":"https:\/\/www.lawendowykredens.pl\/blog\/wp-json\/wp\/v2\/posts\/1383\/revisions"}],"wp:attachment":[{"href":"https:\/\/www.lawendowykredens.pl\/blog\/wp-json\/wp\/v2\/media?parent=1383"}],"wp:term":[{"taxonomy":"category","embeddable":true,"href":"https:\/\/www.lawendowykredens.pl\/blog\/wp-json\/wp\/v2\/categories?post=1383"},{"taxonomy":"post_tag","embeddable":true,"href":"https:\/\/www.lawendowykredens.pl\/blog\/wp-json\/wp\/v2\/tags?post=1383"}],"curies":[{"name":"wp","href":"https:\/\/api.w.org\/{rel}","templated":true}]}}