{"id":1380,"date":"2017-11-20T00:33:35","date_gmt":"2017-11-19T22:33:35","guid":{"rendered":"http:\/\/lawendowykredens.blog.pl\/?p=1380"},"modified":"2017-11-20T00:33:35","modified_gmt":"2017-11-19T22:33:35","slug":"lampy-belldeco","status":"publish","type":"post","link":"https:\/\/www.lawendowykredens.pl\/blog\/lampy-belldeco\/","title":{"rendered":"Lampy Belldeco"},"content":{"rendered":"<p align=\"center\">Witamy Pa\u0144stwa serdecznie. Nasz sklep Lawendowy Kredens to sklep charakteryzuj\u0105cy si\u0119 wielk\u0105 mi\u0142o\u015bci\u0105 do niepowtarzalnych i oryginalnych mebli. Nasz\u0105 pasj\u0105 s\u0105 wyj\u0105tkowe i jedyne w swoim rodzaju meble, kt\u00f3re pozostan\u0105 na d\u0142ugo w pami\u0119ci naszych go\u015bci i stan\u0105 si\u0119 wizyt\u00f3wk\u0105 naszej firmy.<\/p>\n<p align=\"center\">Obecnie wa\u017cn\u0105 rol\u0119 na rynku odgrywaj\u0105 produkty firmy Belldeco. Cechuj\u0105 si\u0119 niesamowit\u0105 precyzj\u0105 i wysok\u0105 jako\u015bcia wykonania. Ka\u017cdy z tych produkt\u00f3w posiada sw\u00f3j \u017cyciorys i sw\u00f3j w\u0142asny, ponadczasowy styl<b>. Lampy Belldeco<\/b> wykonane s\u0105 z r\u00f3\u017cnych, trwa\u0142ych materia\u0142\u00f3w, kt\u00f3re wspaniale wygl\u0105daj\u0105 i doskonale si\u0119 sprawdzaj\u0105. To cudowna forma o\u015bwietlenia zar\u00f3wno wisz\u0105cego, jak i stoj\u0105cego.<\/p>\n<p align=\"center\">Pierwsz\u0105 z nich jest <b>lampa Belldeco <\/b>skonstruowana z obr\u0119czy.<b> <\/b>Ma form\u0119 okr\u0105g\u0142ej bry\u0142y wykonanej z popl\u0105tanych metalowych pr\u0119t\u00f3w. Ma czarny kolor, a wewn\u0105trz obr\u0119czy znajduje si\u0119 \u0142a\u0144cuch z plastikowych brylant\u00f3w. To po\u0142\u0105czenie nowoczesno\u015bci z przepi\u0119knym i niezwykle eleganckim wygl\u0105dem. Cudownie b\u0119dzie wygl\u0105da\u0107 w ka\u017cdym salonie. To produkt godny niezwyk\u0142ej uwagi.<\/p>\n<figure style=\"width: 458px\" class=\"wp-caption aligncenter\"><img decoding=\"async\" loading=\"lazy\" alt=\"czarna metalowa lampa ozdobiona kryszta\u0142kami\" src=\"http:\/\/www.lawendowykredens.pl\/9562-large_default\/lampa-belldeco.jpg\" width=\"458\" height=\"458\" \/><figcaption class=\"wp-caption-text\">Lampa Belldeco<\/figcaption><\/figure>\n<p align=\"center\">Kolejn\u0105 z lamp jest sto\u0142owa lampa z kolekcji Gabinet. Charakteryzuje j\u0105 okr\u0105g\u0142a metalowa podstawa i aba\u017cur pokryty naturalnym, kozim w\u0142osiem. Stoi na wysokiej szczup\u0142ej n\u00f3\u017cce i jest niezwykle elegancka. Ma srebrny, b\u0142yszcz\u0105cy kolor i jasny, mi\u0119ciutki aba\u017cur. Wykonana jest z aluminium i przepi\u0119knie b\u0119dzie wygl\u0105dac w salonie, tworz\u0105c pe\u0142n\u0105 ciep\u0142a i przytulno\u015bci atmosfer\u0119.<\/p>\n<figure style=\"width: 458px\" class=\"wp-caption aligncenter\"><img decoding=\"async\" loading=\"lazy\" alt=\"stoj\u0105ca lampa na srebrnej nodze, z abazurem z w\u0142osiem\" src=\"http:\/\/www.lawendowykredens.pl\/21343-large_default\/lampa-belldeco.jpg\" width=\"458\" height=\"458\" \/><figcaption class=\"wp-caption-text\">Stoj\u0105ca Lampa Belldeco<\/figcaption><\/figure>\n<p align=\"center\"><b>Lampy Belldeco<\/b> to szeroki wyb\u00f3r materia\u0142\u00f3w i styl\u00f3w wykonania. Ciekawa i niesamowita drewniana lampa sto\u0142owa w stylu prowansalskim idealna na szafk\u0119 lub komod\u0119. <b>Lampa Belldeco<\/b> z serii Romantic posiada lniany aba\u017cur, na kt\u00f3ry na\u0142o\u017cony jest dekoracyjny rattanowy aba\u017cur. N\u00f3\u017cka jest przecierana i stoi na solidnej, okr\u0105g\u0142ej podstawie. Doskonale b\u0119dzie wygl\u0105da\u0107 na szafce nocnej w sypialni.<\/p>\n<figure style=\"width: 458px\" class=\"wp-caption aligncenter\"><img decoding=\"async\" loading=\"lazy\" alt=\"Lampa z drewnian\u0105 nog\u0105 i wiklinowym aba\u017curem\" src=\"http:\/\/www.lawendowykredens.pl\/6306-large_default\/lampa-belldeco.jpg\" width=\"458\" height=\"458\" \/><figcaption class=\"wp-caption-text\">Lampa Belldeco Z Wiklinowym Aba\u017curem<\/figcaption><\/figure>\n<p align=\"center\">Nast\u0119pn\u0105 lamp\u0105 wart\u0105 uwagi jest niezwykle urocza jasna lampa Shabby Chic. Wykonana jest z drewna i ma okr\u0105g\u0142y aba\u017cur. Stworzona w uniwersalno bia\u0142o-be\u017cowej kolorystyce idealnie dopasuje si\u0119 do ka\u017cdego wn\u0119trza. Jest bardzo efektowna i elegancka. N\u00f3\u017cka posiada bogate rze\u017abienia z cudownym ciemnym wzorem. Idealna do kuchni czy te\u017c salonu czy sypialni.<\/p>\n<figure style=\"width: 458px\" class=\"wp-caption aligncenter\"><img decoding=\"async\" loading=\"lazy\" alt=\"lampa z bia\u0142\u0105 nog\u0105 i be\u017cowym aba\u017curem\" src=\"http:\/\/www.lawendowykredens.pl\/10471-large_default\/lampa-shabby-chic.jpg\" width=\"458\" height=\"458\" \/><figcaption class=\"wp-caption-text\">Lampa Shabby Chic Belldeco<\/figcaption><\/figure>\n<p align=\"center\">Ostatni\u0105 z lamp, kt\u00f3re dzisiaj przedstawimy b Edzie ciemna, charakterystyczna lampa na biurko ozdobiona nitami. Wykonana z wysokiej jako\u015bci solidnego metalu idealnie pasuje do przestronnych, loftowych wn\u0119trz. Posiada fantastycznie rzezbion\u0105, ozdobn\u0105 podstaw\u0119 i cudownie wygi\u0119t\u0105 n\u00f3\u017ck\u0119 z charakterystyczna dekoracj\u0105. Polecamy!<\/p>\n<figure style=\"width: 458px\" class=\"wp-caption aligncenter\"><img decoding=\"async\" loading=\"lazy\" alt=\"metalowa lampa w ciemnym kolorze\" src=\"http:\/\/www.lawendowykredens.pl\/5415-large_default\/loft-lampa-belldeco.jpg\" width=\"458\" height=\"458\" \/><figcaption class=\"wp-caption-text\">Lampa Belldeco Loft<\/figcaption><\/figure>\n<p align=\"center\"><b>Lampy Belldeco<\/b> to fenomenalna forma o\u015bwietlenia, kt\u00f3ra pos\u0142u\u017cy ci na d\u0142ugi czas. W cudowny spos\u00f3b ozdobi\u0105 wn\u0119trze twojego domu i stworz\u0105 niezapomnian\u0105 atmosfer\u0119. <b>Lampa Belldeco<\/b> to tak\u017ce \u015bwietny pomys\u0142 na oryginalny i niebanalny prezent, kt\u00f3ry pozostanie na d\u0142ugo w naszej pami\u0119ci i stworzy fenomenaln\u0105 i wyj\u0105tkow\u0105 dekoracj\u0119 domu.<\/p>\n","protected":false},"excerpt":{"rendered":"<p>Witamy Pa\u0144stwa serdecznie. Nasz sklep Lawendowy Kredens to sklep charakteryzuj\u0105cy si\u0119 wielk\u0105 mi\u0142o\u015bci\u0105 do niepowtarzalnych i oryginalnych mebli. Nasz\u0105 pasj\u0105 s\u0105 wyj\u0105tkowe i jedyne w swoim rodzaju meble, kt\u00f3re pozostan\u0105 na d\u0142ugo w pami\u0119ci naszych go\u015bci i stan\u0105 si\u0119 wizyt\u00f3wk\u0105 naszej firmy. Obecnie wa\u017cn\u0105 rol\u0119 na rynku odgrywaj\u0105 produkty firmy Belldeco. Cechuj\u0105 si\u0119 niesamowit\u0105 precyzj\u0105 &hellip; <a href=\"https:\/\/www.lawendowykredens.pl\/blog\/lampy-belldeco\/\" class=\"more-link\">Czytaj dalej <span class=\"screen-reader-text\">Lampy Belldeco<\/span><\/a><\/p>\n","protected":false},"author":1,"featured_media":0,"comment_status":"open","ping_status":"open","sticky":false,"template":"","format":"standard","meta":[],"categories":[28,8,20],"tags":[92,97],"_links":{"self":[{"href":"https:\/\/www.lawendowykredens.pl\/blog\/wp-json\/wp\/v2\/posts\/1380"}],"collection":[{"href":"https:\/\/www.lawendowykredens.pl\/blog\/wp-json\/wp\/v2\/posts"}],"about":[{"href":"https:\/\/www.lawendowykredens.pl\/blog\/wp-json\/wp\/v2\/types\/post"}],"author":[{"embeddable":true,"href":"https:\/\/www.lawendowykredens.pl\/blog\/wp-json\/wp\/v2\/users\/1"}],"replies":[{"embeddable":true,"href":"https:\/\/www.lawendowykredens.pl\/blog\/wp-json\/wp\/v2\/comments?post=1380"}],"version-history":[{"count":0,"href":"https:\/\/www.lawendowykredens.pl\/blog\/wp-json\/wp\/v2\/posts\/1380\/revisions"}],"wp:attachment":[{"href":"https:\/\/www.lawendowykredens.pl\/blog\/wp-json\/wp\/v2\/media?parent=1380"}],"wp:term":[{"taxonomy":"category","embeddable":true,"href":"https:\/\/www.lawendowykredens.pl\/blog\/wp-json\/wp\/v2\/categories?post=1380"},{"taxonomy":"post_tag","embeddable":true,"href":"https:\/\/www.lawendowykredens.pl\/blog\/wp-json\/wp\/v2\/tags?post=1380"}],"curies":[{"name":"wp","href":"https:\/\/api.w.org\/{rel}","templated":true}]}}