{"id":1282,"date":"2017-06-19T23:41:47","date_gmt":"2017-06-19T21:41:47","guid":{"rendered":"http:\/\/lawendowykredens.blog.pl\/?p=1282"},"modified":"2017-06-19T23:41:47","modified_gmt":"2017-06-19T21:41:47","slug":"oslonki-na-doniczki-2","status":"publish","type":"post","link":"https:\/\/www.lawendowykredens.pl\/blog\/oslonki-na-doniczki-2\/","title":{"rendered":"Os\u0142onki Na Doniczki"},"content":{"rendered":"<p align=\"center\"><span style=\"font-size: medium\">Genialne dekoracje na taras, ogr\u00f3d czy te\u017c do mieszkania, pi\u0119kne kolorowe kwiaty doniczkowe potrzebuj\u0105 oryginalnego podkre\u015blenia. <b>Os\u0142onki na doniczki <\/b>s\u0105 u nas dost\u0119pne w bardzo du\u017cej ilo\u015bci, wi\u0119c jest w czym wybiera\u0107. Mo\u017cemy zaproponowa\u0107 r\u00f3\u017cne kszta\u0142ty os\u0142onek zaczynaj\u0105c od okr\u0105g\u0142ych, poprzez pod\u0142u\u017cne, owalne ko\u0144cz\u0105c na kwadratowych. <b>Os\u0142onki na doniczki <\/b>w r\u00f3\u017cnych kolorach i z r\u00f3\u017cnych materia\u0142\u00f3w, pozwol\u0105 dostosowa\u0107 je do ka\u017cdej aran\u017cacji. Tak naprawd\u0119 ka\u017cdy z naszych producent\u00f3w takich jak: Clayre &amp; Eef, Chic Antique czy te\u017c Belldeco zawiera w swojej ofercie pi\u0119kne os\u0142onki.<\/span><\/p>\n<p align=\"center\">\n<p align=\"center\"><span style=\"font-size: medium\">To mo\u017ce zacznijmy przedstawia\u0107 <b>os\u0142onki belldeco, <\/b>wykonane z drewna. Os\u0142onki te mog\u0105 by\u0107 wi\u0119ksze z przeznaczeniem do przechowywania kwiat\u00f3w lub mniejsze do trzymania kuchennych zi\u00f3\u0142. <\/span><\/p>\n<figure style=\"width: 458px\" class=\"wp-caption aligncenter\"><img decoding=\"async\" loading=\"lazy\" alt=\"jasna prostok\u0105tna os\u0142onka belldeco\" src=\"http:\/\/www.lawendowykredens.pl\/11702-large_default\/oslonki-drewniane.jpg\" width=\"458\" height=\"458\" \/><figcaption class=\"wp-caption-text\">Os\u0142onka Drewniana Garden<\/figcaption><\/figure>\n<p align=\"center\"><span style=\"font-size: medium\">Jasny odcie\u0144 z lekkimi przetarciami o prostok\u0105tnym kszta\u0142cie, ozdobiona ciemnymi napisami i tabliczk\u0105 z napisem GARDEN \u2013 co oznacza ogr\u00f3d. Kuchenny zio\u0142owy ogr\u00f3d, doskona\u0142y funkcjonalny dodatek. <\/span><\/p>\n<p align=\"center\"><span style=\"font-size: medium\">Drewniane <b>os\u0142onki belldeco <\/b>stylizowane na lekko starodawne z ozdobnymi uchwytami w postaci parcianych sznurk\u00f3w oraz napisu umieszczonego na kawa\u0142ku ciemnego materia\u0142u.<\/span><\/p>\n<p style=\"text-align: center\">\n<figure style=\"width: 458px\" class=\"wp-caption aligncenter\"><img decoding=\"async\" loading=\"lazy\" alt=\"okr\u0105g\u0142e os\u0142onki z uchwytami w postaci sznurk\u00f3w\" src=\"http:\/\/www.lawendowykredens.pl\/11713-large_default\/drewniane-oslonki.jpg\" width=\"458\" height=\"458\" \/><figcaption class=\"wp-caption-text\">Drewniane Os\u0142onki Belldeco<\/figcaption><\/figure>\n<figure style=\"width: 458px\" class=\"wp-caption aligncenter\"><img decoding=\"async\" loading=\"lazy\" alt=\"pod\u0142u\u017cne os\u0142onki z ozdobnym napisem\" src=\"http:\/\/www.lawendowykredens.pl\/11705-large_default\/podluzne-oslonki.jpg\" width=\"458\" height=\"458\" \/><figcaption class=\"wp-caption-text\">Pod\u0142u\u017cne Os\u0142onki Belldeco<\/figcaption><\/figure>\n<p align=\"center\"><span style=\"font-size: medium\">Kr\u00f3luj\u0105 u nas os\u0142onki metalowe w stylu prowansalskim albo retro oryginalne pomys\u0142y dla ka\u017cdego.<\/span><\/p>\n<p align=\"center\">\n<figure style=\"width: 458px\" class=\"wp-caption aligncenter\"><img decoding=\"async\" loading=\"lazy\" alt=\"bia\u0142a os\u0142onka z grafik\u0105 lawendy\" src=\"http:\/\/www.lawendowykredens.pl\/27506-large_default\/oslonka-z-lawenda.jpg\" width=\"458\" height=\"458\" \/><figcaption class=\"wp-caption-text\">Os\u0142onka Metalowa Z Lawend\u0105<\/figcaption><\/figure>\n<p align=\"center\"><span style=\"font-size: medium\">Przepi\u0119kna os\u0142onka w postaci bia\u0142ego, metalowego wiaderka z urocz\u0105 grafik\u0105 wiosennej lawendy i lataj\u0105cego motylka.<\/span><\/p>\n<figure style=\"width: 458px\" class=\"wp-caption aligncenter\"><img decoding=\"async\" loading=\"lazy\" alt=\"Komplet trzech metalowych os\u0142onek na tacy\" src=\"http:\/\/www.lawendowykredens.pl\/19035-large_default\/metalowe-oslonki.jpg\" width=\"458\" height=\"458\" \/><figcaption class=\"wp-caption-text\">Os\u0142onki Z Lawend\u0105 I Tac\u0105<\/figcaption><\/figure>\n<p align=\"center\"><span style=\"font-size: medium\">Zestaw trzech niewielkich metalowych os\u0142onek umieszczonych na metalowej owalnej tacy, ozdobionych prawdziwie prowansalskim motywem.<\/span><\/p>\n<figure style=\"width: 458px\" class=\"wp-caption aligncenter\"><img decoding=\"async\" loading=\"lazy\" alt=\"Du\u017ce owalne os\u0142onki wykonane z metalu\" src=\"http:\/\/www.lawendowykredens.pl\/12058-large_default\/metalowe-oslonki-na-doniczki.jpg\" width=\"458\" height=\"458\" \/><figcaption class=\"wp-caption-text\">Os\u0142onki Na Doniczki Aluro<\/figcaption><\/figure>\n<p align=\"center\"><span style=\"font-size: medium\">Owalne, g\u0142\u0119bokie os\u0142onki od marki Aluro dost\u0119pne w trzech kolorach i rozmiarach, uchwytami tych os\u0142onek s\u0105 grube mocne sznury. <\/span><\/p>\n<p align=\"center\"><span style=\"font-size: medium\">Kolejne os\u0142onki dost\u0119pne w naszej zak\u0142adce to te wykonane z ceramiki mi\u0119dzy innymi s\u0105 to te\u017c <b>os\u0142onki belldeco, <\/b>zapraszamy do zapoznania si\u0119 z nimi wszystkimi. Kolorowe, rozweselaj\u0105ca, ocieplaj\u0105ce, wyr\u00f3\u017cniaj\u0105ce podkre\u015blaj\u0105ce ka\u017cdy kwiat. Jednym zdaniem posiadaj\u0105 wi\u0119cej zalet ni\u017c wad. Polecamy!<\/span><\/p>\n<p style=\"text-align: center\">\n<figure style=\"width: 458px\" class=\"wp-caption aligncenter\"><img decoding=\"async\" loading=\"lazy\" alt=\"Jasny puchar z przetarciam\" src=\"http:\/\/www.lawendowykredens.pl\/26080-large_default\/oslonka-belldeco.jpg\" width=\"458\" height=\"458\" \/><figcaption class=\"wp-caption-text\">Puchar Belldeco Roma<\/figcaption><\/figure>\n<p align=\"center\"><span style=\"font-size: medium\">Puchar ceramiczny z serii Roma to pi\u0119kne wyko\u0144czenie w jasnym odcieniu. Idealna dekoracja na ka\u017cdy taras.<\/span><\/p>\n<figure style=\"width: 458px\" class=\"wp-caption aligncenter\"><img decoding=\"async\" loading=\"lazy\" alt=\"okr\u0105g\u0142a os\u0142onka o b\u0142\u0119kitnym kolorze\" src=\"http:\/\/www.lawendowykredens.pl\/17258-large_default\/blekitna-oslonka.jpg\" width=\"458\" height=\"458\" \/><figcaption class=\"wp-caption-text\">B\u0142\u0119kitna Os\u0142onka Belldeco<\/figcaption><\/figure>\n<p align=\"center\"><span style=\"font-size: medium\">Ceramiczna, nie du\u017ca os\u0142onka w uroczym b\u0142\u0119kitnym kolorze, daj\u0105ca delikatno\u015b\u0107 i \u015bwie\u017co\u015b\u0107.<\/span><\/p>\n<figure style=\"width: 458px\" class=\"wp-caption aligncenter\"><img decoding=\"async\" loading=\"lazy\" alt=\"Jasna os\u0142onka z niebieskim wzorem\" src=\"http:\/\/www.lawendowykredens.pl\/17960-large_default\/oslonka-skandynawska.jpg\" width=\"458\" height=\"458\" \/><figcaption class=\"wp-caption-text\">Os\u0142onka Blue Marine Belldeco<\/figcaption><\/figure>\n<p align=\"center\"><span style=\"font-size: medium\">Os\u0142onki w stylu skandynawskim posiadaj\u0105ce jasne t\u0142o i ciekawy niebieski wzorek. Seria ta nosi nazw\u0119 Blue Marine co kojarzy nam si\u0119 z ciep\u0142ym morzem.<\/span><\/p>\n<p align=\"center\"><span style=\"font-size: medium\">Zach\u0119camy tak\u017ce do przejrzenia os\u0142onek betonowych o r\u00f3\u017cnych zadziwiaj\u0105cych kszta\u0142tach kt\u00f3re cechuje prostota, a jednocze\u015bnie elegancja i zaskoczenie.<\/span><\/p>\n<figure style=\"width: 458px\" class=\"wp-caption aligncenter\"><img decoding=\"async\" loading=\"lazy\" alt=\"ciemno szara okr\u0105g\u0142a os\u0142onka z podstawk\u0105\" src=\"http:\/\/www.lawendowykredens.pl\/18129-large_default\/oslonka-z-podstawka.jpg\" width=\"458\" height=\"458\" \/><figcaption class=\"wp-caption-text\">Os\u0142onka Chic Antique Z Podstawk\u0105<\/figcaption><\/figure>\n<p align=\"center\"><span style=\"font-size: medium\">Du\u0144ski producent Chic Antique proponuje ciemne doniczki w zestawie z podstawka, posiadaj\u0105ce lekko r\u00f3\u017cowawe przetarcia.<\/span><\/p>\n<figure style=\"width: 458px\" class=\"wp-caption aligncenter\"><img decoding=\"async\" loading=\"lazy\" alt=\"Szra os\u0142onka w kszta\u0142cie puchara\" src=\"http:\/\/www.lawendowykredens.pl\/25376-large_default\/oslonka-puchar.jpg\" width=\"458\" height=\"458\" \/><figcaption class=\"wp-caption-text\">Os\u0142onka Puchar Chic Antique<\/figcaption><\/figure>\n<p align=\"center\"><span style=\"font-size: medium\">Jasno szary niezwykle elegancki puchar na pewno przykuje uwag\u0119 nie jednego go\u015bcia, to r\u00f3wnie\u017c propozycja od Chic Antique.<\/span><\/p>\n<figure style=\"width: 458px\" class=\"wp-caption aligncenter\"><img decoding=\"async\" loading=\"lazy\" alt=\"szara okr\u0105g\u0142a os\u0142onka z br\u0105zowym paskiem\" src=\"http:\/\/www.lawendowykredens.pl\/15148-large_default\/szara-oslonka.jpg\" width=\"458\" height=\"458\" \/><figcaption class=\"wp-caption-text\">Szara Os\u0142onka Belldeco<\/figcaption><\/figure>\n<p align=\"center\"><span style=\"font-size: medium\">Szara prosta os\u0142onka belldeco o okr\u0105g\u0142ym kszta\u0142cie posiadaj\u0105ca ozdobny, br\u0105zowy pasek u g\u00f3ry.<\/span><\/p>\n<p align=\"center\"><span style=\"font-size: medium\"><b>Os\u0142onki na doniczki <\/b>to fantastyczne dodatki s\u0142u\u017c\u0105ce do wyko\u0144czenia wn\u0119trz. Idealne na prezent i nie tylko. Tak szeroka oferta pozwoli na odpowiedni wyb\u00f3r ka\u017cdemu kto poszukuje os\u0142onek na taras, ogr\u00f3d, do mieszkania czy te\u017c restauracji. Zapraszamy na nasz\u0105 stron\u0119 internetow\u0105.<\/span><\/p>\n<p>&nbsp;<\/p>\n<p align=\"center\">\n<p>&nbsp;<\/p>\n<p>&nbsp;<\/p>\n<p>&nbsp;<\/p>\n<p>&nbsp;<\/p>\n<p>&nbsp;<\/p>\n<p>&nbsp;<\/p>\n<p>&nbsp;<\/p>\n","protected":false},"excerpt":{"rendered":"<p>Genialne dekoracje na taras, ogr\u00f3d czy te\u017c do mieszkania, pi\u0119kne kolorowe kwiaty doniczkowe potrzebuj\u0105 oryginalnego podkre\u015blenia. Os\u0142onki na doniczki s\u0105 u nas dost\u0119pne w bardzo du\u017cej ilo\u015bci, wi\u0119c jest w czym wybiera\u0107. Mo\u017cemy zaproponowa\u0107 r\u00f3\u017cne kszta\u0142ty os\u0142onek zaczynaj\u0105c od okr\u0105g\u0142ych, poprzez pod\u0142u\u017cne, owalne ko\u0144cz\u0105c na kwadratowych. Os\u0142onki na doniczki w r\u00f3\u017cnych kolorach i z r\u00f3\u017cnych &hellip; <a href=\"https:\/\/www.lawendowykredens.pl\/blog\/oslonki-na-doniczki-2\/\" class=\"more-link\">Czytaj dalej <span class=\"screen-reader-text\">Os\u0142onki Na Doniczki<\/span><\/a><\/p>\n","protected":false},"author":1,"featured_media":0,"comment_status":"open","ping_status":"open","sticky":false,"template":"","format":"standard","meta":[],"categories":[3,5,18,20],"tags":[165,166],"_links":{"self":[{"href":"https:\/\/www.lawendowykredens.pl\/blog\/wp-json\/wp\/v2\/posts\/1282"}],"collection":[{"href":"https:\/\/www.lawendowykredens.pl\/blog\/wp-json\/wp\/v2\/posts"}],"about":[{"href":"https:\/\/www.lawendowykredens.pl\/blog\/wp-json\/wp\/v2\/types\/post"}],"author":[{"embeddable":true,"href":"https:\/\/www.lawendowykredens.pl\/blog\/wp-json\/wp\/v2\/users\/1"}],"replies":[{"embeddable":true,"href":"https:\/\/www.lawendowykredens.pl\/blog\/wp-json\/wp\/v2\/comments?post=1282"}],"version-history":[{"count":0,"href":"https:\/\/www.lawendowykredens.pl\/blog\/wp-json\/wp\/v2\/posts\/1282\/revisions"}],"wp:attachment":[{"href":"https:\/\/www.lawendowykredens.pl\/blog\/wp-json\/wp\/v2\/media?parent=1282"}],"wp:term":[{"taxonomy":"category","embeddable":true,"href":"https:\/\/www.lawendowykredens.pl\/blog\/wp-json\/wp\/v2\/categories?post=1282"},{"taxonomy":"post_tag","embeddable":true,"href":"https:\/\/www.lawendowykredens.pl\/blog\/wp-json\/wp\/v2\/tags?post=1282"}],"curies":[{"name":"wp","href":"https:\/\/api.w.org\/{rel}","templated":true}]}}