{"id":1233,"date":"2017-02-26T21:29:50","date_gmt":"2017-02-26T19:29:50","guid":{"rendered":"http:\/\/lawendowykredens.blog.pl\/?p=1233"},"modified":"2017-02-26T21:29:50","modified_gmt":"2017-02-26T19:29:50","slug":"clayre-eef","status":"publish","type":"post","link":"https:\/\/www.lawendowykredens.pl\/blog\/clayre-eef\/","title":{"rendered":"Clayre &amp; Eef"},"content":{"rendered":"<p align=\"center\">Producent <b>Clayre &amp; Eef<\/b> to marka, kt\u00f3ra posiada bardzo bogat\u0105 ofert\u0119 je\u015bli chodzi o <b>artyku\u0142y dekoracyjne. <\/b>Ich produkty to zadziwiaj\u0105ce, oryginalne i przede wszystkim pi\u0119kne dodatki. Aran\u017cacje wn\u0119trz naszych dom\u00f3w sk\u0142adaj\u0105 si\u0119 g\u0142\u00f3wnie z mebli oraz dekoracji. Jak wiadomo coraz mniej ludzi trzyma w domu tak zwane &#8221;przyda si\u0119&#8221;, czyli przedmioty kt\u00f3re do niczego nie s\u0105 u\u017cywane, a le\u017c\u0105 i zbieraj\u0105 kurz. W naszym sklepie staramy si\u0119 aby oferta by\u0142a jak najbardziej obszerna, trafiaj\u0105ca w ka\u017cdy gust. <b>Artyku\u0142y dekoracyjne <\/b>kt\u00f3re proponujemy s\u0105 zazwyczaj stylizowane stylem prowansalskim, gdy\u017c to w\u0142a\u015bnie on przedstawia nam przedmioty czaruj\u0105ce a zarazem funkcjonalne. Firma <b>Clayre &amp; Eef, <\/b>r\u00f3wnie\u017c w swojej bogatek ofercie pokazuje nam rzeczy, kt\u00f3rych w domu po prostu nie mo\u017ce zabrakn\u0105\u0107. <b>Dodatki prowansalskie <\/b>prezentowane przez nich to mi\u0119dzy innymi: ga\u0142ki do mebli, wycieraczki, zegary, czy te\u017c obrazki.<\/p>\n<p align=\"center\">Mo\u017ce zacznijmy od ga\u0142ek meblowych, s\u0105 one niewielkimi przedmiotami zmieniaj\u0105cymi wygl\u0105d ca\u0142ych mebli, poniewa\u017c s\u0105 one w r\u00f3\u017cnych kszta\u0142tach i kolorach. Te przepi\u0119kne ga\u0142ki zauwa\u017cy ka\u017cdy poniewa\u017c wyr\u00f3\u017cniaj\u0105 si\u0119 spo\u015br\u00f3d wszystkich innych dost\u0119pnych. Wi\u0119kszo\u015b\u0107 naszych uchwyt\u00f3w spokojnie mo\u017cna traktowa\u0107 jako <b>dodatki prowansalskie, <\/b>gdy\u017c posiadaj\u0105 g\u0142\u00f3wne cechy tego stylu jakimi s\u0105: delikatno\u015b\u0107 koloru oraz kwiatowy ciep\u0142y wz\u00f3r.<\/p>\n<figure style=\"width: 458px\" class=\"wp-caption aligncenter\"><img decoding=\"async\" loading=\"lazy\" alt=\"bia\u0142y ceramiczny kwiat z niebieskim wzorkiem\" src=\"http:\/\/www.lawendowykredens.pl\/12405-large_default\/biale-galki-do-mebli.jpg\" width=\"458\" height=\"458\" \/><figcaption class=\"wp-caption-text\">Ceramiczne Ga\u0142ki Bia\u0142e Kwiat<\/figcaption><\/figure>\n<p align=\"center\">Ceramiczna bia\u0142a ga\u0142ka w kszta\u0142cie kwiatka z lekkim niebieskim wzorkiem.<\/p>\n<figure style=\"width: 458px\" class=\"wp-caption aligncenter\"><img decoding=\"async\" loading=\"lazy\" alt=\"niebieskie ga\u0142ki ceramiczne w kszta\u0142cie kwiatka\" src=\"http:\/\/www.lawendowykredens.pl\/24552-large_default\/galki-meblowe.jpg\" width=\"458\" height=\"458\" \/><figcaption class=\"wp-caption-text\">Niebieski Ga\u0142ki Do Mebli<\/figcaption><\/figure>\n<p align=\"center\">Przepi\u0119kne ga\u0142ki do mebli w kolorze niebieskim, posiadaj\u0105ce metalowy \u015brodek.<\/p>\n<figure style=\"width: 458px\" class=\"wp-caption aligncenter\"><img decoding=\"async\" loading=\"lazy\" alt=\"r\u00f3\u017cowa ga\u0142ka do mebli w kszat\u0142cie kwiata\" src=\"http:\/\/www.lawendowykredens.pl\/24804-large_default\/galki-meblowe.jpg\" width=\"458\" height=\"458\" \/><figcaption class=\"wp-caption-text\">Ga\u0142ki Meblowe R\u00f3\u017ca<\/figcaption><\/figure>\n<p align=\"center\">Tutaj z kolei mamy ceramiczne ga\u0142ki r\u00f3\u017cyczki w r\u00f3\u017cowo- mlecznym kolorze, s\u0105 to prowansalskie ga\u0142ki pasuj\u0105ce idealnie na przyk\u0142ad do sypialni.<\/p>\n<p align=\"center\">Jednak nasz sklep posiada urozmaicenia pod ka\u017cdym wzgl\u0119dem i tutaj tak\u017ce uda\u0142o nam si\u0119 wykaza\u0107 i do\u0142\u0105czy\u0107 do oferty ga\u0142ki w zupe\u0142nie innym kszta\u0142cie na przyk\u0142ad:<\/p>\n<figure style=\"width: 458px\" class=\"wp-caption aligncenter\"><img decoding=\"async\" loading=\"lazy\" alt=\"postarzane ga\u0142ki o kszta\u0142cie psa\" src=\"http:\/\/www.lawendowykredens.pl\/24808-large_default\/galki-do-mebli.jpg\" width=\"458\" height=\"458\" \/><figcaption class=\"wp-caption-text\">Ga\u0142ki do Mebli Pies<\/figcaption><\/figure>\n<p align=\"center\">Postarzane w kszta\u0142cie psa.<\/p>\n<figure style=\"width: 458px\" class=\"wp-caption aligncenter\"><img decoding=\"async\" loading=\"lazy\" alt=\"bia\u0142e ga\u0142ki w kszta\u0142cie wanny ze z\u0142otym napisem\" src=\"http:\/\/www.lawendowykredens.pl\/24813-large_default\/galki-do-mebli.jpg\" width=\"458\" height=\"458\" \/><figcaption class=\"wp-caption-text\">Ga\u0142ki Meblowe Do \u0141azienki<\/figcaption><\/figure>\n<p align=\"center\">Ciekawe rozwi\u0105zanie do \u0142azienki w postaci bia\u0142ych ga\u0142ek w kszta\u0142cie wanny ze z\u0142otym napisem.<\/p>\n<p align=\"center\">Dost\u0119pnych jest tak\u017ce wiele innych wzor\u00f3w, zapraszamy.<\/p>\n<p align=\"center\">Kolejne <b>dodatki prowansalskie <\/b>to zegary <b>Clayre &amp; Eef, <\/b>kt\u00f3re posiadaj\u0105 bogata gam\u0119 kolor\u00f3w i motyw\u00f3w. W ofercie znale\u017a\u0107 mo\u017cna zegary wisz\u0105ce jak i stoj\u0105ce, zach\u0119camy do przejrzenia wszystkich, a teraz spr\u00f3bujemy pokaza\u0107 chocia\u017c kilka z nich.<\/p>\n<p>&nbsp;<\/p>\n<figure style=\"width: 458px\" class=\"wp-caption aligncenter\"><img decoding=\"async\" loading=\"lazy\" alt=\"prostok\u0105tny zegar za szk\u0142em na pi\u0119knym b\u0142\u0119kitnym tle\" src=\"http:\/\/www.lawendowykredens.pl\/24870-large_default\/zegar-prowansalski.jpg\" width=\"458\" height=\"458\" \/><figcaption class=\"wp-caption-text\">Zegar Szklany W Stylu Prowansalskim<\/figcaption><\/figure>\n<p align=\"center\">Prostok\u0105tny zegar szklany w delikatnym b\u0142\u0119kitnym kolorze z kwiatowym motywem.<\/p>\n<figure style=\"width: 458px\" class=\"wp-caption aligncenter\"><img decoding=\"async\" loading=\"lazy\" alt=\"szary zegar z rzymskimi bia\u0142ymi cyframi\" src=\"http:\/\/www.lawendowykredens.pl\/25038-large_default\/zegar-w-stylu-prowansalskim.jpg\" width=\"458\" height=\"458\" \/><figcaption class=\"wp-caption-text\">Zegar W Stylu Prowansalskim<\/figcaption><\/figure>\n<p align=\"center\">Jasno szary okr\u0105g\u0142y zegar z du\u017cymi rzymskimi cyframi w bia\u0142ym kolorze.<\/p>\n<figure style=\"width: 458px\" class=\"wp-caption aligncenter\"><img decoding=\"async\" loading=\"lazy\" alt=\"Niebieski zegar w stylu prowansalskim z r\u00f3\u017cami\" src=\"http:\/\/www.lawendowykredens.pl\/24544-large_default\/zegar-prowansalski.jpg\" width=\"458\" height=\"458\" \/><figcaption class=\"wp-caption-text\">Niebieski Zegar Prowansalski<\/figcaption><\/figure>\n<p align=\"center\">Bardzo wiosenny, ciep\u0142y zegar w stylu prowansalskim w oryginalnym kolorze z motywem kwiatk\u00f3w.<\/p>\n<figure style=\"width: 458px\" class=\"wp-caption aligncenter\"><img decoding=\"async\" loading=\"lazy\" alt=\"Pi\u0119knie zdobiony jasno szary zegarek stoj\u0105cy\" src=\"http:\/\/www.lawendowykredens.pl\/24841-large_default\/zegarek-prowansalski.jpg\" width=\"458\" height=\"458\" \/><figcaption class=\"wp-caption-text\">Zegarek Prowansalski Stoj\u0105cy<\/figcaption><\/figure>\n<p align=\"center\">Delikatny, jasny, prze\u015bliczny zegar prowansalski stoj\u0105cy, posiadaj\u0105cy eleganckie zdobienia z ty\u0142u oraz z przodu. Wyj\u0105tkowy dodatek dla romantycznych wn\u0119trz.<\/p>\n<p align=\"center\">\u00a0Polecamy wszystkie <b>artyku\u0142y dekoracyjne <\/b>w stylu prowansalskim, kt\u00f3re s\u0105 idealne dla ka\u017cdej osobowo\u015bci, oraz idealnie wpasuj\u0105 si\u0119 we wszystkie wn\u0119trza. Funkcjonalne, solidne i pi\u0119kne to ich g\u0142\u00f3wne cechy, kt\u00f3re podpowiadaj\u0105 dlaczego to w\u0142a\u015bnie takie dodatki warto posiada\u0107 w swoim domu lub ka\u017cdym innym lokalu u\u017cytkowym. Zapraszamy!<\/p>\n","protected":false},"excerpt":{"rendered":"<p>Producent Clayre &amp; Eef to marka, kt\u00f3ra posiada bardzo bogat\u0105 ofert\u0119 je\u015bli chodzi o artyku\u0142y dekoracyjne. Ich produkty to zadziwiaj\u0105ce, oryginalne i przede wszystkim pi\u0119kne dodatki. Aran\u017cacje wn\u0119trz naszych dom\u00f3w sk\u0142adaj\u0105 si\u0119 g\u0142\u00f3wnie z mebli oraz dekoracji. Jak wiadomo coraz mniej ludzi trzyma w domu tak zwane &#8221;przyda si\u0119&#8221;, czyli przedmioty kt\u00f3re do niczego nie &hellip; <a href=\"https:\/\/www.lawendowykredens.pl\/blog\/clayre-eef\/\" class=\"more-link\">Czytaj dalej <span class=\"screen-reader-text\">Clayre &amp; Eef<\/span><\/a><\/p>\n","protected":false},"author":1,"featured_media":0,"comment_status":"open","ping_status":"open","sticky":false,"template":"","format":"standard","meta":[],"categories":[26],"tags":[35,44,61],"_links":{"self":[{"href":"https:\/\/www.lawendowykredens.pl\/blog\/wp-json\/wp\/v2\/posts\/1233"}],"collection":[{"href":"https:\/\/www.lawendowykredens.pl\/blog\/wp-json\/wp\/v2\/posts"}],"about":[{"href":"https:\/\/www.lawendowykredens.pl\/blog\/wp-json\/wp\/v2\/types\/post"}],"author":[{"embeddable":true,"href":"https:\/\/www.lawendowykredens.pl\/blog\/wp-json\/wp\/v2\/users\/1"}],"replies":[{"embeddable":true,"href":"https:\/\/www.lawendowykredens.pl\/blog\/wp-json\/wp\/v2\/comments?post=1233"}],"version-history":[{"count":0,"href":"https:\/\/www.lawendowykredens.pl\/blog\/wp-json\/wp\/v2\/posts\/1233\/revisions"}],"wp:attachment":[{"href":"https:\/\/www.lawendowykredens.pl\/blog\/wp-json\/wp\/v2\/media?parent=1233"}],"wp:term":[{"taxonomy":"category","embeddable":true,"href":"https:\/\/www.lawendowykredens.pl\/blog\/wp-json\/wp\/v2\/categories?post=1233"},{"taxonomy":"post_tag","embeddable":true,"href":"https:\/\/www.lawendowykredens.pl\/blog\/wp-json\/wp\/v2\/tags?post=1233"}],"curies":[{"name":"wp","href":"https:\/\/api.w.org\/{rel}","templated":true}]}}