{"id":1213,"date":"2017-01-15T17:58:26","date_gmt":"2017-01-15T15:58:26","guid":{"rendered":"http:\/\/lawendowykredens.blog.pl\/?p=1213"},"modified":"2017-01-15T17:58:26","modified_gmt":"2017-01-15T15:58:26","slug":"prowansalskie-zegary-scienne","status":"publish","type":"post","link":"https:\/\/www.lawendowykredens.pl\/blog\/prowansalskie-zegary-scienne\/","title":{"rendered":"Prowansalskie Zegary \u015acienne"},"content":{"rendered":"<p align=\"center\">Styl prowansalski, to jeden z popularniejszych styl\u00f3w je\u015bli chodzi o aran\u017cacj\u0119 wn\u0119trza, coraz wi\u0119cej os\u00f3b interesuje si\u0119 tym ciep\u0142ym i delikatnym klimatem, kt\u00f3ry mimo swej prostoty jest niezwykle elegancki i funkcjonalny. Dodatki, kt\u00f3re mo\u017cna znale\u017a\u0107 w prowansalskim klimacie, to produkty, kt\u00f3re zab\u0142ysn\u0105 we wn\u0119trzu, odnowi\u0105 i ozdobi\u0105 je jednocze\u015bnie. Zazwyczaj s\u0105 to przedmioty, kt\u00f3re u\u017cywamy na co dzie\u0144, mi\u0119dzy innymi znajdziemy tutaj : r\u0119kawice kuchenne, podstawki pod garnek lub kubki, zastawa sto\u0142owa szklana lub porcelanowa, zestawy \u0142azienkowe sk\u0142adaj\u0105ce si\u0119 z kilku element\u00f3w, i tak dalej mo\u017cna wymienia\u0107 bez liku. Nie mo\u017ce zabrakn\u0105\u0107 nam tutaj tak\u017ce dekoracji \u015bciennych, bo przecie\u017c to zazwyczaj one widniej\u0105 na pierwszym planie, dzi\u0119ki nim mo\u017cna w bardzo prosty spos\u00f3b od\u015bwie\u017cy\u0107 ka\u017cde mieszkanie, salon czy restauracj\u0119.<\/p>\n<p align=\"center\">Jednym z dodatk\u00f3w na \u015bcian\u0119 s\u0105 <b>prowansalskie zegary, <\/b>kt\u00f3rych wyb\u00f3r jest ogromny, w naszym sklepie na pewno znajd\u0105 Pa\u0144stwo co\u015b dla siebie w tym wyj\u0105tkowym stylu. <b>Zegary \u015bcienne <\/b>odnajd\u0105 si\u0119 w ka\u017cdym pomieszczeniu, i wska\u017c\u0105 nam odpowiedni\u0105 godzin\u0119. Opr\u00f3cz ich g\u0142\u00f3wnej funkcji warto zainwestowa\u0107 w taki kt\u00f3ry stanie si\u0119 ozdob\u0105.<\/p>\n<p align=\"center\"><b>Zegar w stylu prowansalskim <\/b>stylizowany na stary zegar dworcowy, to bardzo oryginalne rozwi\u0105zanie dla os\u00f3b ceni\u0105cych sobie wyj\u0105tkowo\u015b\u0107 ju\u017c od progu, s\u0105 to zegary umieszczone na metalowym uchwycie, kt\u00f3ry jest wyko\u0144czony w ozdobny spos\u00f3b. Dodatkowo zegary te s\u0105 dwustronne wi\u0119c z ka\u017cdej strony stworz\u0105 sw\u00f3j czaruj\u0105cy klimat i b\u0119d\u0105 widoczne dla wszystkich przechodz\u0105cych obok.<\/p>\n<figure style=\"width: 458px\" class=\"wp-caption aligncenter\"><img decoding=\"async\" loading=\"lazy\" alt=\"dwustronny zegar w stylu retro z jasn\u0105 tarcz\u0105\" src=\"http:\/\/www.lawendowykredens.pl\/13159-large_default\/retro-zegar-kolejowy.jpg\" width=\"458\" height=\"458\" \/><figcaption class=\"wp-caption-text\">Retro Zegar Kolejowy<\/figcaption><\/figure>\n<figure style=\"width: 458px\" class=\"wp-caption aligncenter\"><img decoding=\"async\" loading=\"lazy\" alt=\"Dwustrony zegar w metalowej ramie z bia\u0142\u0105 tarcz\u0105\" src=\"http:\/\/www.lawendowykredens.pl\/12695-large_default\/zegar-dworcowy.jpg\" width=\"458\" height=\"458\" \/><figcaption class=\"wp-caption-text\">Dwustronny Zegar Dworcowy<\/figcaption><\/figure>\n<p align=\"center\">Kolejne <b>prowansalskie zegary <\/b> jakie mo\u017cemy zaproponowa\u0107 to tarcze z motywem kwiatowym, posiadaj\u0105ce szerok\u0105 metalow\u0105 ram\u0119 oraz plastikow\u0105 szybk\u0119, chroni\u0105c\u0105 przed zabrudzeniem i zniszczeniem. Te <b>zegary \u015bcienne <\/b>dosta\u0107 mo\u017cna w r\u00f3\u017cnych rozmiarach.<\/p>\n<figure style=\"width: 458px\" class=\"wp-caption aligncenter\"><img decoding=\"async\" loading=\"lazy\" alt=\"Du\u017cy zegar w metalowej ramie z motywem kwiat\u00f3w\" src=\"http:\/\/www.lawendowykredens.pl\/8987-large_default\/zegar-scienny.jpg\" width=\"458\" height=\"458\" \/><figcaption class=\"wp-caption-text\">Zegar \u015acienny Prowansalski<\/figcaption><\/figure>\n<figure style=\"width: 458px\" class=\"wp-caption aligncenter\"><img decoding=\"async\" loading=\"lazy\" alt=\"Okr\u0105g\u0142y zegar w metalowej ramie z r\u00f3\u017cami na tarczy\" src=\"http:\/\/www.lawendowykredens.pl\/8970-large_default\/zegar-prowansalski.jpg\" width=\"458\" height=\"458\" \/><figcaption class=\"wp-caption-text\">Zegar Prowansalski R\u00f3\u017ce<\/figcaption><\/figure>\n<p align=\"center\">Nast\u0119pnym rodzajem s\u0105 drewniane <b>zegary \u015bcienne <\/b>i te z p\u0142yt MDF to okr\u0105g\u0142e tarcze z r\u00f3\u017cnymi motywami, posiadaj\u0105 du\u017ce widoczne cyfry, dzi\u0119ki czemu godzin\u0119 zobaczymy nawet z drugiego ko\u0144ca pokoju. Dodatkowo maj\u0105 wiele kolorowych i ciekawych obrazk\u00f3w.<\/p>\n<figure style=\"width: 458px\" class=\"wp-caption aligncenter\"><img decoding=\"async\" loading=\"lazy\" alt=\"Jasny zegar z bukietem lawendy\" src=\"http:\/\/www.lawendowykredens.pl\/14606-large_default\/zegar-z-lawenda.jpg\" width=\"458\" height=\"458\" \/><figcaption class=\"wp-caption-text\">Zegar Z Lawend\u0105<\/figcaption><\/figure>\n<p align=\"center\">Postarzany jasny zegar z bukietem lawendy na pierwszym planie.<\/p>\n<figure style=\"width: 458px\" class=\"wp-caption aligncenter\"><img decoding=\"async\" loading=\"lazy\" alt=\"jasnor\u00f3\u017cowy zegar w stylu prowansalskim z r\u00f3\u017cami\" src=\"http:\/\/www.lawendowykredens.pl\/17323-large_default\/zegar-fancuski.jpg\" width=\"458\" height=\"458\" \/><figcaption class=\"wp-caption-text\">Zegar w Stylu Francuskim<\/figcaption><\/figure>\n<p align=\"center\">Jasny, delikatny, bardzo elegancki <b>zegar w stylu prowansalskim <\/b>w r\u00f3\u017cowym odcieniu z motywem pi\u0119knych r\u00f3\u017c w rozkwicie.<\/p>\n<figure style=\"width: 458px\" class=\"wp-caption aligncenter\"><img decoding=\"async\" loading=\"lazy\" alt=\"Jasny zegar z lawenda w pi\u0119knym kolorze\" src=\"http:\/\/www.lawendowykredens.pl\/22834-large_default\/zegar-z-lawenda.jpg\" width=\"458\" height=\"458\" \/><figcaption class=\"wp-caption-text\">Zegar Z Lawend\u0105<\/figcaption><\/figure>\n<p align=\"center\">Bia\u0142y zegar o \u015brednicy 34cm z motywem kilku lawend w doniczkach o pi\u0119knym wyrazistym kolorze.<\/p>\n<figure style=\"width: 458px\" class=\"wp-caption aligncenter\"><img decoding=\"async\" loading=\"lazy\" alt=\"Jasn szary zegar w stylu prowansalskim z ptaszkiem i kluczem na tarczy\" src=\"http:\/\/www.lawendowykredens.pl\/14170-large_default\/zegar-prowansalski.jpg\" width=\"458\" height=\"458\" \/><figcaption class=\"wp-caption-text\">Drewniany Zegar Prowansalski<\/figcaption><\/figure>\n<p align=\"center\">Du\u017cy okr\u0105g\u0142y <b>zegar w stylu prowansalskim <\/b>o przepi\u0119knym wygl\u0105dzie i jasnej kolorystyce. Wspania\u0142y i oryginalny \u015bcienny dodatek.<\/p>\n<p align=\"center\"><b>Prowansalskie zegary <\/b>to tak\u017ce przedmioty do postawienia, mo\u017cemy zaproponowa\u0107 oryginalny pomys\u0142 zegark\u00f3w stoj\u0105cych wygl\u0105daj\u0105cych jak budziki. To nie wielkie lecz bardzo ozdobne produkty w metalowych ramach o r\u00f3\u017cnym kolorze, a ich tarcze to prawdziwe prowansalskie dzia\u0142a sztuki.<\/p>\n<figure style=\"width: 458px\" class=\"wp-caption aligncenter\"><img decoding=\"async\" loading=\"lazy\" alt=\"Zegar przypominaj\u0105cy bia\u0142y budzik z tarcz\u0105 w stylu prowansalskim\" src=\"http:\/\/www.lawendowykredens.pl\/10280-large_default\/zegar-stojacy.jpg\" width=\"458\" height=\"458\" \/><figcaption class=\"wp-caption-text\">Zegar Stoj\u0105cy Budzik<\/figcaption><\/figure>\n<figure style=\"width: 458px\" class=\"wp-caption aligncenter\"><img decoding=\"async\" loading=\"lazy\" alt=\"Bia\u0142y zegarek w kszta\u0142cie budzika z motywem trzech bukiet\u00f3w lawendy\" src=\"http:\/\/www.lawendowykredens.pl\/11984-large_default\/zegar-stojacy.jpg\" width=\"458\" height=\"458\" \/><figcaption class=\"wp-caption-text\">Zegar Budzik Z Lawend\u0105<\/figcaption><\/figure>\n<p align=\"center\">Zapraszamy do obejrzenia wszystkich naszych zegar\u00f3w w stylu prowansalskim, retro i skandynawskim. Doskona\u0142e zegary do ka\u017cdego wn\u0119trza oraz na ka\u017cd\u0105 kiesze\u0144. Polecamy tak\u017ce wszystkie dodatki i meble, kt\u00f3ra nagromadzi\u0142 Lawendowy Kredens od r\u00f3\u017cnych, wspania\u0142ych producent\u00f3w. Odmie\u0144 z nami swoje wn\u0119trze ju\u017c dzi\u015b.<\/p>\n","protected":false},"excerpt":{"rendered":"<p>Styl prowansalski, to jeden z popularniejszych styl\u00f3w je\u015bli chodzi o aran\u017cacj\u0119 wn\u0119trza, coraz wi\u0119cej os\u00f3b interesuje si\u0119 tym ciep\u0142ym i delikatnym klimatem, kt\u00f3ry mimo swej prostoty jest niezwykle elegancki i funkcjonalny. Dodatki, kt\u00f3re mo\u017cna znale\u017a\u0107 w prowansalskim klimacie, to produkty, kt\u00f3re zab\u0142ysn\u0105 we wn\u0119trzu, odnowi\u0105 i ozdobi\u0105 je jednocze\u015bnie. Zazwyczaj s\u0105 to przedmioty, kt\u00f3re u\u017cywamy &hellip; <a href=\"https:\/\/www.lawendowykredens.pl\/blog\/prowansalskie-zegary-scienne\/\" class=\"more-link\">Czytaj dalej <span class=\"screen-reader-text\">Prowansalskie Zegary \u015acienne<\/span><\/a><\/p>\n","protected":false},"author":1,"featured_media":0,"comment_status":"open","ping_status":"open","sticky":false,"template":"","format":"standard","meta":[],"categories":[26,25],"tags":[186,228,234],"_links":{"self":[{"href":"https:\/\/www.lawendowykredens.pl\/blog\/wp-json\/wp\/v2\/posts\/1213"}],"collection":[{"href":"https:\/\/www.lawendowykredens.pl\/blog\/wp-json\/wp\/v2\/posts"}],"about":[{"href":"https:\/\/www.lawendowykredens.pl\/blog\/wp-json\/wp\/v2\/types\/post"}],"author":[{"embeddable":true,"href":"https:\/\/www.lawendowykredens.pl\/blog\/wp-json\/wp\/v2\/users\/1"}],"replies":[{"embeddable":true,"href":"https:\/\/www.lawendowykredens.pl\/blog\/wp-json\/wp\/v2\/comments?post=1213"}],"version-history":[{"count":0,"href":"https:\/\/www.lawendowykredens.pl\/blog\/wp-json\/wp\/v2\/posts\/1213\/revisions"}],"wp:attachment":[{"href":"https:\/\/www.lawendowykredens.pl\/blog\/wp-json\/wp\/v2\/media?parent=1213"}],"wp:term":[{"taxonomy":"category","embeddable":true,"href":"https:\/\/www.lawendowykredens.pl\/blog\/wp-json\/wp\/v2\/categories?post=1213"},{"taxonomy":"post_tag","embeddable":true,"href":"https:\/\/www.lawendowykredens.pl\/blog\/wp-json\/wp\/v2\/tags?post=1213"}],"curies":[{"name":"wp","href":"https:\/\/api.w.org\/{rel}","templated":true}]}}